{"id":10083,"date":"2022-07-29T21:38:45","date_gmt":"2022-07-29T19:38:45","guid":{"rendered":"https:\/\/www.ecurieorthezbearn.fr\/rallye\/?p=10083"},"modified":"2024-01-31T19:16:03","modified_gmt":"2024-01-31T18:16:03","slug":"le-rallye-ce-fait","status":"publish","type":"post","link":"https:\/\/www.ecurieorthezbearn.fr\/rallye\/le-rallye-ce-fait\/","title":{"rendered":"Le rallye se fait!!!"},"content":{"rendered":"\n<p>Apr\u00e8s une gestation plus que douloureuse nous sommes heureux de vous confirmer la naissance de notre 21\u00e8me \u00e9dition. L&rsquo;accouchement c&rsquo;est certes fait dans la douleur mais l\u00e0 on y est. Ce soir toutes les forces en pr\u00e9sence on r\u00e9pondu pr\u00e9sent pour finaliser les derniers d\u00e9tails.<\/p>\n\n\n\n<p>Donc nous allons modifier la totalit\u00e9 du samedi. Le risque incendie a eu raison de la sp\u00e9ciale de Bassercles qui malheureusement se situe dans les Landes qui est en risque incendie \u00e9lev\u00e9. <\/p>\n\n\n\n<p>C&rsquo;est ainsi 3 tours sur 2 sp\u00e9ciales qui vous attendent  le samedi avec un retour \u00e0 l&rsquo;assistance \u00e0 chaque fois. Des petites modifications sont pr\u00e9vues aussi sur Sault \/ Sallespisse qui passe par les Landes. Mais l&rsquo;\u00e9quipe a relev\u00e9 tous ces d\u00e9fis 1 par 1.<\/p>\n\n\n\n<p>Le dimanche et le vendredi restent inchang\u00e9s. <\/p>\n\n\n\n<p>Nous vous demandons si possible d&rsquo;\u00eatre indulgent avec nous car le d\u00e9but de notre pr\u00e9paration nous a d\u00e9j\u00e0 consomm\u00e9 pas mal d&rsquo;\u00e9nergie.<\/p>\n\n\n\n<p>Ainsi merci de ne plus nous demander si le rallye va bien avoir lieu car le d\u00e9bat n&rsquo;est plus l\u00e0 et nous devons consacrer notre \u00e9nergie \u00e0 sa mise en place et \u00e0 l&rsquo;accueil de nos 130 concurrents.<\/p>\n\n\n\n<p>Toute l&rsquo;\u00e9quipe <\/p>\n","protected":false},"excerpt":{"rendered":"<p>Apr\u00e8s une gestation plus que douloureuse nous sommes heureux de vous confirmer la naissance de notre 21\u00e8me \u00e9dition. L&rsquo;accouchement c&rsquo;est certes fait dans la douleur mais l\u00e0 on y est. Ce soir toutes les forces en pr\u00e9sence on r\u00e9pondu pr\u00e9sent pour finaliser les derniers d\u00e9tails. Donc nous allons modifier la totalit\u00e9 du samedi. Le risque &hellip; <a href=\"https:\/\/www.ecurieorthezbearn.fr\/rallye\/le-rallye-ce-fait\/\" class=\"more-link\">Continuer la lecture de <span class=\"screen-reader-text\">Le rallye se fait!!!<\/span>  <span class=\"meta-nav\">&rarr;<\/span><\/a><\/p>\n","protected":false},"author":6,"featured_media":0,"comment_status":"closed","ping_status":"open","sticky":false,"template":"","format":"standard","meta":{"footnotes":""},"categories":[1],"tags":[],"_links":{"self":[{"href":"https:\/\/www.ecurieorthezbearn.fr\/rallye\/wp-json\/wp\/v2\/posts\/10083"}],"collection":[{"href":"https:\/\/www.ecurieorthezbearn.fr\/rallye\/wp-json\/wp\/v2\/posts"}],"about":[{"href":"https:\/\/www.ecurieorthezbearn.fr\/rallye\/wp-json\/wp\/v2\/types\/post"}],"author":[{"embeddable":true,"href":"https:\/\/www.ecurieorthezbearn.fr\/rallye\/wp-json\/wp\/v2\/users\/6"}],"replies":[{"embeddable":true,"href":"https:\/\/www.ecurieorthezbearn.fr\/rallye\/wp-json\/wp\/v2\/comments?post=10083"}],"version-history":[{"count":4,"href":"https:\/\/www.ecurieorthezbearn.fr\/rallye\/wp-json\/wp\/v2\/posts\/10083\/revisions"}],"predecessor-version":[{"id":10088,"href":"https:\/\/www.ecurieorthezbearn.fr\/rallye\/wp-json\/wp\/v2\/posts\/10083\/revisions\/10088"}],"wp:attachment":[{"href":"https:\/\/www.ecurieorthezbearn.fr\/rallye\/wp-json\/wp\/v2\/media?parent=10083"}],"wp:term":[{"taxonomy":"category","embeddable":true,"href":"https:\/\/www.ecurieorthezbearn.fr\/rallye\/wp-json\/wp\/v2\/categories?post=10083"},{"taxonomy":"post_tag","embeddable":true,"href":"https:\/\/www.ecurieorthezbearn.fr\/rallye\/wp-json\/wp\/v2\/tags?post=10083"}],"curies":[{"name":"wp","href":"https:\/\/api.w.org\/{rel}","templated":true}]}}