{"id":10133,"date":"2023-07-23T22:37:43","date_gmt":"2023-07-23T20:37:43","guid":{"rendered":"https:\/\/www.ecurieorthezbearn.fr\/rallye\/?p=10133"},"modified":"2026-03-23T22:15:26","modified_gmt":"2026-03-23T21:15:26","slug":"camping-gratuit","status":"publish","type":"post","link":"https:\/\/www.ecurieorthezbearn.fr\/rallye\/camping-gratuit\/","title":{"rendered":"Camping Gratuit"},"content":{"rendered":"\n<p>Comme tous les ans vous retrouverez notre traditionnel camping Gratuit qui donne un c\u00f4t\u00e9 festif et estival \u00e0 notre \u00e9preuve.<\/p>\n\n\n\n<p>C&rsquo;est l&rsquo;occasion pour certains de se retrouver et de partager des moments inoubliables. Cependant pour que la f\u00eate soit r\u00e9ussi nous vous demandons de respecter \u00e0 la fois les lieux (nettoyage avant d\u00e9part ) mais aussi vos petits voisins de campement.<\/p>\n\n\n\n<p>Nous ne doutons pas que vous saurez vous montrer respectueux.<\/p>\n\n\n\n<p>L&rsquo;orga<\/p>\n","protected":false},"excerpt":{"rendered":"<p>Comme tous les ans vous retrouverez notre traditionnel camping Gratuit qui donne un c\u00f4t\u00e9 festif et estival \u00e0 notre \u00e9preuve. C&rsquo;est l&rsquo;occasion pour certains de se retrouver et de partager des moments inoubliables. Cependant pour que la f\u00eate soit r\u00e9ussi nous vous demandons de respecter \u00e0 la fois les lieux (nettoyage avant d\u00e9part ) mais &hellip; <a href=\"https:\/\/www.ecurieorthezbearn.fr\/rallye\/camping-gratuit\/\" class=\"more-link\">Continuer la lecture de <span class=\"screen-reader-text\">Camping Gratuit<\/span>  <span class=\"meta-nav\">&rarr;<\/span><\/a><\/p>\n","protected":false},"author":6,"featured_media":0,"comment_status":"closed","ping_status":"open","sticky":true,"template":"","format":"standard","meta":{"footnotes":""},"categories":[223],"tags":[],"_links":{"self":[{"href":"https:\/\/www.ecurieorthezbearn.fr\/rallye\/wp-json\/wp\/v2\/posts\/10133"}],"collection":[{"href":"https:\/\/www.ecurieorthezbearn.fr\/rallye\/wp-json\/wp\/v2\/posts"}],"about":[{"href":"https:\/\/www.ecurieorthezbearn.fr\/rallye\/wp-json\/wp\/v2\/types\/post"}],"author":[{"embeddable":true,"href":"https:\/\/www.ecurieorthezbearn.fr\/rallye\/wp-json\/wp\/v2\/users\/6"}],"replies":[{"embeddable":true,"href":"https:\/\/www.ecurieorthezbearn.fr\/rallye\/wp-json\/wp\/v2\/comments?post=10133"}],"version-history":[{"count":1,"href":"https:\/\/www.ecurieorthezbearn.fr\/rallye\/wp-json\/wp\/v2\/posts\/10133\/revisions"}],"predecessor-version":[{"id":10134,"href":"https:\/\/www.ecurieorthezbearn.fr\/rallye\/wp-json\/wp\/v2\/posts\/10133\/revisions\/10134"}],"wp:attachment":[{"href":"https:\/\/www.ecurieorthezbearn.fr\/rallye\/wp-json\/wp\/v2\/media?parent=10133"}],"wp:term":[{"taxonomy":"category","embeddable":true,"href":"https:\/\/www.ecurieorthezbearn.fr\/rallye\/wp-json\/wp\/v2\/categories?post=10133"},{"taxonomy":"post_tag","embeddable":true,"href":"https:\/\/www.ecurieorthezbearn.fr\/rallye\/wp-json\/wp\/v2\/tags?post=10133"}],"curies":[{"name":"wp","href":"https:\/\/api.w.org\/{rel}","templated":true}]}}