{"id":1047,"date":"2010-08-05T19:10:31","date_gmt":"2010-08-05T17:10:31","guid":{"rendered":"http:\/\/www.ecurieorthezbearn.fr\/rallye\/?p=1047"},"modified":"2012-07-11T22:56:59","modified_gmt":"2012-07-11T20:56:59","slug":"espace-concurrents-2010","status":"publish","type":"post","link":"https:\/\/www.ecurieorthezbearn.fr\/rallye\/espace-concurrents-2010\/","title":{"rendered":"Concurrents"},"content":{"rendered":"<p>.<\/p>\n<h2>KDO d\u2019une valeur de 1350 euros !!! la circulaire est <a title=\"KDO Rallye 2010\" href=\"http:\/\/www.ecurieorthezbearn.fr\/.fichiers\/2010\/circulaire_kdo_anniv.pdf\" target=\"_blank\">ICI<\/a><\/h2>\n<h2>Le plan des E.S est <a title=\"Engagement Rallye 2010\" href=\"http:\/\/www.ecurieorthezbearn.fr\/.fichiers\/2010\/plan-ES_ORTHEZ_2010.pdf\" target=\"_blank\">ICI !!<\/a><\/h2>\n<p>.<\/p>\n<h2>Le Timing est <a title=\"Timing Rallye 2010\" href=\"http:\/\/www.ecurieorthezbearn.fr\/.fichiers\/2010\/timing_orthez_2010_3.pdf\" target=\"_blank\">ICI<\/a> Attention : heure des v\u00e9rifs avanc\u00e9e (version 03\/08\/2010)<\/h2>\n<p>.<\/p>\n<h2>Le R\u00e8glement Particulier est <a title=\"R\u00e8glement Particulier Rallye 2010\" href=\"http:\/\/www.ecurieorthezbearn.fr\/.fichiers\/rp_orthez_2010_2.pdf\" target=\"_blank\">ICI<\/a>Attention : version du 05.08.2010, modification par ASAC Basco-B\u00e9arnais<\/h2>\n<p>.<\/p>\n<h2>Le formulaire d&rsquo;engagement est <a title=\"Engagement Rallye 2010\" href=\"http:\/\/www.ecurieorthezbearn.fr\/.fichiers\/2010\/engagement_orthez_bearn2010.pdf\" target=\"_blank\">ICI<\/a>, mais c&rsquo;est fini !!<\/h2>\n<p>.<\/p>\n<h2>\u00c0 l\u2019occasion du 10\u00e8me anniversaire, les organisateurs te proposent une soir\u00e9e conviviale, samedi 7 ao\u00fbt. Un repas sera servi \u00e0 la salle des f\u00eates de Sainte-Suzanne (pr\u00e8s du camping). Pour t&rsquo;inscrire, c&rsquo;est <a title=\"Repas soir\u00e9e Rallye 2010\" href=\"http:\/\/www.ecurieorthezbearn.fr\/.fichiers\/2010\/fiche_repas_samedi_07082010.pdf\" target=\"_blank\">ICI<\/a><\/h2>\n<p>.<\/p>\n<h2><strong>POUR VOUS LOGER<\/strong><br \/>\nCamping rallye (gratuit), \u00e0 Sainte Suzanne.<\/h2>\n<p>Camping de la Source, \u00e0 Orthez<br \/>\nT\u00e9l. 05 59 67 04 81<\/p>\n<p>H\u00f4tel Terminus T\u00e9l. 05 59 69 02 07<\/p>\n<p>H\u00f4tel Godfroy T\u00e9l. 05 59 69 08 90<\/p>\n<p>H\u00f4tel La Reine Jeanne T\u00e9l. 05 59 67 00 76<\/p>\n<p>H\u00f4tel Kyriad T\u00e9l. 05 59 69 28 77<\/p>\n<p>H\u00f4tel Maugouber T\u00e9l. 05 59 38 78 00<\/p>\n<p>Office de Tourisme T\u00e9l. 05 59 69 37 50 ou 05 59 69 02<\/p>\n","protected":false},"excerpt":{"rendered":"<p>. KDO d\u2019une valeur de 1350 euros !!! la circulaire est ICI Le plan des E.S est ICI !! . Le Timing est ICI Attention : heure des v\u00e9rifs avanc\u00e9e (version 03\/08\/2010) . Le R\u00e8glement Particulier est ICIAttention : version du 05.08.2010, modification par ASAC Basco-B\u00e9arnais . Le formulaire d&rsquo;engagement est ICI, mais c&rsquo;est fini &hellip; <a href=\"https:\/\/www.ecurieorthezbearn.fr\/rallye\/espace-concurrents-2010\/\" class=\"more-link\">Continuer la lecture de <span class=\"screen-reader-text\">Concurrents<\/span>  <span class=\"meta-nav\">&rarr;<\/span><\/a><\/p>\n","protected":false},"author":6,"featured_media":0,"comment_status":"closed","ping_status":"closed","sticky":false,"template":"","format":"standard","meta":{"footnotes":""},"categories":[1],"tags":[88,54,77,89,7,95,28,80,79],"_links":{"self":[{"href":"https:\/\/www.ecurieorthezbearn.fr\/rallye\/wp-json\/wp\/v2\/posts\/1047"}],"collection":[{"href":"https:\/\/www.ecurieorthezbearn.fr\/rallye\/wp-json\/wp\/v2\/posts"}],"about":[{"href":"https:\/\/www.ecurieorthezbearn.fr\/rallye\/wp-json\/wp\/v2\/types\/post"}],"author":[{"embeddable":true,"href":"https:\/\/www.ecurieorthezbearn.fr\/rallye\/wp-json\/wp\/v2\/users\/6"}],"replies":[{"embeddable":true,"href":"https:\/\/www.ecurieorthezbearn.fr\/rallye\/wp-json\/wp\/v2\/comments?post=1047"}],"version-history":[{"count":31,"href":"https:\/\/www.ecurieorthezbearn.fr\/rallye\/wp-json\/wp\/v2\/posts\/1047\/revisions"}],"predecessor-version":[{"id":4538,"href":"https:\/\/www.ecurieorthezbearn.fr\/rallye\/wp-json\/wp\/v2\/posts\/1047\/revisions\/4538"}],"wp:attachment":[{"href":"https:\/\/www.ecurieorthezbearn.fr\/rallye\/wp-json\/wp\/v2\/media?parent=1047"}],"wp:term":[{"taxonomy":"category","embeddable":true,"href":"https:\/\/www.ecurieorthezbearn.fr\/rallye\/wp-json\/wp\/v2\/categories?post=1047"},{"taxonomy":"post_tag","embeddable":true,"href":"https:\/\/www.ecurieorthezbearn.fr\/rallye\/wp-json\/wp\/v2\/tags?post=1047"}],"curies":[{"name":"wp","href":"https:\/\/api.w.org\/{rel}","templated":true}]}}