{"id":1451,"date":"2010-08-08T15:30:08","date_gmt":"2010-08-08T13:30:08","guid":{"rendered":"http:\/\/www.ecurieorthezbearn.fr\/rallye\/?p=1451"},"modified":"2012-07-11T22:57:29","modified_gmt":"2012-07-11T20:57:29","slug":"communiques","status":"publish","type":"post","link":"https:\/\/www.ecurieorthezbearn.fr\/rallye\/communiques\/","title":{"rendered":"Communiqu\u00e9s du Rallye"},"content":{"rendered":"<h2><strong>Les communiqu\u00e9s sur le rallye<\/strong><\/h2>\n<p><strong>Com 1 Vendredi: 86 partants<br \/>\nOrdre de d\u00e9part sortie de Parc avant ES1:<\/strong><br \/>\n204 209 203 223 222 206 207 205 224 226 225 227 2 22 6 5 25 9 8 7 11 24 23 28 21 15 29 30 31 33 32 17 34 14 19 35 36 53 54 37 51 52 62 55 38 39 41 42 43 44 45 46 40 48 49 50 57 59 60 61 64 63 101 107 123 103 126 124 127 128 102 125 108 131 130 116 122 137 129 132 133 134 135 136 117 139<\/p>\n<p><strong>Com 2 Vendredi:<\/strong><br \/>\n18h59\u00a0 Beaucoup de poussi\u00e8re &#8230;.<br \/>\n20h05 Abandon du 125 au parc assistance, cause m\u00e9canique ; ce concurrent, de le F\u00e8re en Tardenois dans l&rsquo;Aisne demande \u00e0 repartir en Super-Rallye demain.<\/p>\n<p><strong>Com 3 Samedi:<\/strong><br \/>\nLe 125 part en Super-Rallye.<br \/>\nOrdre de d\u00e9part sortie de Parc Etape 2 :<br \/>\n204 207 209 203 205 222 225 224 223 226 206 227 22 2 11 7 40 19 23 28 31 101 123 14 124 54 5 6 37 24 62 9 48 41 35 59 51 15 33 52 122 25 46 103 102 30 126 128 17 8 107 29 44 36 108 39 127 53 116 131 132 49 117 42 43 38 32 57 21 129 50 55 136 45 133 61 130 137 34 60 134 64 139 135 63 125<\/p>\n<p><strong>Com 4 Samedi:<\/strong><br \/>\nES 2 : le 123 n&rsquo;a pas \u00e9t\u00e9 point\u00e9 \u00e0 l&rsquo;arriv\u00e9e ( percut\u00e9 un arbre, 1\/2 train AV arrach\u00e9 ); le 6 et le 107 ont \u00e9t\u00e9 point\u00e9s finalement ( le 6 s&rsquo;\u00e9tait arr\u00e9t\u00e9, mais est reparti ).<\/p>\n<p><strong>Com 5 Samedi:<\/strong><br \/>\nAbandon du 59 pour rupture d&#8217;embrayage; n&rsquo;a pas pris le d\u00e9part de la deuxi\u00e8me \u00e9tape.<\/p>\n<p><strong>Com 6 Samedi:<\/strong><br \/>\nES 3, sortie de route sans gravit\u00e9 du 64 apr\u00e8s le poste 2 ; abandon du 34 dans l&rsquo;ES ; abandon des 50 49 et 45 au parc d&rsquo;assistance avant l&rsquo;ES 3.<\/p>\n<p><strong>Com 7 Samedi:<\/strong><br \/>\nES 4 : 19( au poste 11 ), 132, 31( au poste 11 ), 103 ( tendeur courroie accessoires ) avant le parc assistance , 23 ( d\u00e9but d&rsquo;incendie au poste 10 ) = abandons sur M\u00e9canique<\/p>\n<p><strong><\/strong><strong>Com 8 Samedi:<\/strong><br \/>\nPour ES 5, probl\u00e8me de transmissions des temps, r\u00e9solu !!!!!!!!!!!!<br \/>\n<span style=\"color: #ff0000;\">ES 8 Castetner 2 annul\u00e9e <\/span><\/p>\n<p><strong><\/strong><strong>Com 9 Samedi:<\/strong><br \/>\nParmi les abandons, celle du 28 \u00e0 l&rsquo;ES 6 et du 5 \u00e0 l&rsquo;ES 7 pour probl\u00e8me de direction<\/p>\n<p><strong><\/strong><strong>Com 10 Samedi:<\/strong><br \/>\nEtape 2 termin\u00e9e.<br \/>\nAttente de l&rsquo;ordre de d\u00e9part avec les p\u00e9nalit\u00e9s \u00e9ventuelles.<\/p>\n<p><strong><\/strong><strong>Com 11 Samedi:<\/strong><br \/>\nOrdre de d\u00e9part pour l&rsquo;\u00e9tape 3 de Dimanche, avec les p\u00e9nalit\u00e9s :<br \/>\n22 2 11 40 54 101 24 9 14 33 62 128 102 48 30 122 52 46 37 42 44 57 53 29 51 117 17 38 21 8 43 15 129 32 36 108 137 41 209 204 63 127 139 203 61 205 222 206 224 107 223 226 134 131 6 227<br \/>\nEn super-Rallye, nous avions d\u00e9j\u00e0 le 125, auquel il faut ajouter les 124, 35, 64, 49, 60.<br \/>\nParmi les 4 p\u00e9nalit\u00e9s attribu\u00e9es ( le 48 avec 1mn, le 227 avec 20s, le 61 avec 4s, le 6 avec 2mn ), certaines le sont pour non respect des cultures agricoles.<\/p>\n<p><strong><\/strong><strong>Com 12 Dimanche:<\/strong><br \/>\nC&rsquo;est parti !!<br \/>\nEt d\u00e9j\u00e0, des abandons :<br \/>\nle 125, qui \u00e9tait en Super-Rallye a abandonn\u00e9 avant le d\u00e9part de l&rsquo;ES 9 ; le 24 et le 29 au parc d&rsquo;assistance ; les 48, 41, 137 et 64 ( Super-Rallye ) ont abandonne dans l&rsquo;ES 10 ; le 52 a abandonn\u00e9 apr\u00e8s l&rsquo;ES ; abandon du 127 \u00e9galement, dans l&rsquo;ES 10, suite \u00e0 un tonneau, mais sans gravit\u00e9, au poste 13.<\/p>\n<p><strong><\/strong><strong>Com 13 Dimanche:<\/strong><br \/>\nLes abandons :<br \/>\nES 11 : le 52 sur m\u00e9canique en liaison ; le 57 sur m\u00e9canique ;<br \/>\nES 12 : le 36 sur m\u00e9canique ; le 60 et le 62 sur m\u00e9canique en liaison ; le 22 a eu des ennuis de cardans qui l&rsquo;ont ralenti.<\/p>\n<p><strong><\/strong><strong>Com 14 Dimanche:<\/strong><br \/>\nLe rallye est fini, et tout s&rsquo;est bien pass\u00e9 !<br \/>\nLa premi\u00e8re place a \u00e9t\u00e9 tr\u00e8s disput\u00e9e !<br \/>\net tous les autres se sont bien battus !<br \/>\nLes abandons : les 14 ( casse moteur a 300m de l&rsquo;arriv\u00e9e, la saison est finie pour eux ), 49, 63 et 128 pendant l&rsquo;ES 15 ; le 35 n&rsquo;est qu&rsquo;une r\u00e9gularisation puisqu&rsquo;il courrait en super rallye, il n&rsquo;a donc pas \u00e0 figurer sur le classement g\u00e9n\u00e9ral ( les autres en super-rallye ont abandonne en course, donc &#8230; ).<br \/>\nNous esp\u00e9rons que ce rallye a plu \u00e0 tous, la nouvelle sp\u00e9ciale aux dire de beaucoup est un succ\u00e8s.<br \/>\nA l&rsquo;ann\u00e9e prochaine avec un rallye encore meilleur !<\/p>\n","protected":false},"excerpt":{"rendered":"<p>Les communiqu\u00e9s sur le rallye Com 1 Vendredi: 86 partants Ordre de d\u00e9part sortie de Parc avant ES1: 204 209 203 223 222 206 207 205 224 226 225 227 2 22 6 5 25 9 8 7 11 24 23 28 21 15 29 30 31 33 32 17 34 14 19 35 36 &hellip; <a href=\"https:\/\/www.ecurieorthezbearn.fr\/rallye\/communiques\/\" class=\"more-link\">Continuer la lecture de <span class=\"screen-reader-text\">Communiqu\u00e9s du Rallye<\/span>  <span class=\"meta-nav\">&rarr;<\/span><\/a><\/p>\n","protected":false},"author":6,"featured_media":0,"comment_status":"closed","ping_status":"closed","sticky":false,"template":"","format":"standard","meta":{"footnotes":""},"categories":[1],"tags":[54,93,7,28],"_links":{"self":[{"href":"https:\/\/www.ecurieorthezbearn.fr\/rallye\/wp-json\/wp\/v2\/posts\/1451"}],"collection":[{"href":"https:\/\/www.ecurieorthezbearn.fr\/rallye\/wp-json\/wp\/v2\/posts"}],"about":[{"href":"https:\/\/www.ecurieorthezbearn.fr\/rallye\/wp-json\/wp\/v2\/types\/post"}],"author":[{"embeddable":true,"href":"https:\/\/www.ecurieorthezbearn.fr\/rallye\/wp-json\/wp\/v2\/users\/6"}],"replies":[{"embeddable":true,"href":"https:\/\/www.ecurieorthezbearn.fr\/rallye\/wp-json\/wp\/v2\/comments?post=1451"}],"version-history":[{"count":37,"href":"https:\/\/www.ecurieorthezbearn.fr\/rallye\/wp-json\/wp\/v2\/posts\/1451\/revisions"}],"predecessor-version":[{"id":4539,"href":"https:\/\/www.ecurieorthezbearn.fr\/rallye\/wp-json\/wp\/v2\/posts\/1451\/revisions\/4539"}],"wp:attachment":[{"href":"https:\/\/www.ecurieorthezbearn.fr\/rallye\/wp-json\/wp\/v2\/media?parent=1451"}],"wp:term":[{"taxonomy":"category","embeddable":true,"href":"https:\/\/www.ecurieorthezbearn.fr\/rallye\/wp-json\/wp\/v2\/categories?post=1451"},{"taxonomy":"post_tag","embeddable":true,"href":"https:\/\/www.ecurieorthezbearn.fr\/rallye\/wp-json\/wp\/v2\/tags?post=1451"}],"curies":[{"name":"wp","href":"https:\/\/api.w.org\/{rel}","templated":true}]}}