{"id":1630,"date":"2010-08-12T18:47:07","date_gmt":"2010-08-12T16:47:07","guid":{"rendered":"http:\/\/www.ecurieorthezbearn.fr\/rallye\/?p=1630"},"modified":"2012-07-11T22:31:53","modified_gmt":"2012-07-11T20:31:53","slug":"securite-rallye-2010-orthez-bearn-quad","status":"publish","type":"post","link":"https:\/\/www.ecurieorthezbearn.fr\/rallye\/securite-rallye-2010-orthez-bearn-quad\/","title":{"rendered":"S\u00e9curite rallye (\u00e9quipe quad)"},"content":{"rendered":"<p>Notre r\u00f4le sur le rallye, assurer le refl\u00e9chage entre chaque sp\u00e9ciale , puis se poster aux points publics de fa\u00e7on \u00e0 canaliser les personnes \u00a0qui parfois par inconscience se placent\u00a0 \u00e0 l&rsquo;ext\u00e9rieur ou de face dans une courbe\u00a0ou bien un 90 serr\u00e9. Faire respecter les zones d\u00e9limit\u00e9es par la rubalise rouge , interdit public\u00a0,\u00a0 \u00eatre mobile sur les sp\u00e9ciales pour ne pas avoir des mouvements \u00a0de personnes\u00a0.\u00a0 Nous ouvrons les pistes 1 h 30 avant le premier concurrent . Cela consiste \u00e0 fermer\u00a0 par de la rubalise ou par du filet de chantier orange toutes les routes ou petits chemins croisant la sp\u00e9ciale , pr\u00e9alablement pos\u00e9s quelques jours auparavant.\u00a0 Nous sommes deux \u00e9quipes de quad r\u00e9partis sur deux sp\u00e9ciales parcourues deux ou trois fois.<\/p>\n<p><a href=\"http:\/\/www.ecurieorthezbearn.fr\/rallye\/securite-rallye-2010-orthez-bearn-quad\/rallye-orthez-bearn-2010-056-3\" rel=\"attachment wp-att-1634\"><img loading=\"lazy\" decoding=\"async\" class=\"aligncenter size-medium wp-image-1634\" src=\"http:\/\/www.ecurieorthezbearn.fr\/rallye\/wp-content\/uploads\/2010\/08\/RALLYE-ORTHEZ-BEARN-2010-0563-300x225.jpg\" alt=\"\" width=\"300\" height=\"225\" srcset=\"https:\/\/www.ecurieorthezbearn.fr\/rallye\/wp-content\/uploads\/2010\/08\/RALLYE-ORTHEZ-BEARN-2010-0563-300x225.jpg 300w, https:\/\/www.ecurieorthezbearn.fr\/rallye\/wp-content\/uploads\/2010\/08\/RALLYE-ORTHEZ-BEARN-2010-0563.jpg 640w\" sizes=\"(max-width: 300px) 100vw, 300px\" \/><\/a><\/p>\n<p>Nous participons avec l&rsquo;\u00e9curie au fl\u00e9chage des sp\u00e9ciales depuis le samedi 31 aout jusqu&rsquo;au mercredi 4 aout , cinq journ\u00e9es pleines\u00a0 sur l&rsquo;ensemble des six sp\u00e9ciales du rallye. La cr\u00e9ation des points publics fait aussi partie de ces cinq journ\u00e9es.<\/p>\n<p><a href=\"http:\/\/www.ecurieorthezbearn.fr\/rallye\/securite-rallye-2010-orthez-bearn-quad\/rallye-orthez-bearn-2010-011\" rel=\"attachment wp-att-1637\"><img loading=\"lazy\" decoding=\"async\" class=\"aligncenter size-medium wp-image-1637\" src=\"http:\/\/www.ecurieorthezbearn.fr\/rallye\/wp-content\/uploads\/2010\/08\/RALLYE-ORTHEZ-BEARN-2010-011-300x225.jpg\" alt=\"\" width=\"300\" height=\"225\" srcset=\"https:\/\/www.ecurieorthezbearn.fr\/rallye\/wp-content\/uploads\/2010\/08\/RALLYE-ORTHEZ-BEARN-2010-011-300x225.jpg 300w, https:\/\/www.ecurieorthezbearn.fr\/rallye\/wp-content\/uploads\/2010\/08\/RALLYE-ORTHEZ-BEARN-2010-011.jpg 640w\" sizes=\"(max-width: 300px) 100vw, 300px\" \/><\/a><\/p>\n<figure id=\"attachment_1638\" aria-describedby=\"caption-attachment-1638\" style=\"width: 300px\" class=\"wp-caption aligncenter\"><a href=\"http:\/\/www.ecurieorthezbearn.fr\/rallye\/securite-rallye-2010-orthez-bearn-quad\/rallye-orthez-bearn-2010-012\" rel=\"attachment wp-att-1638\"><img loading=\"lazy\" decoding=\"async\" class=\"size-medium wp-image-1638\" src=\"http:\/\/www.ecurieorthezbearn.fr\/rallye\/wp-content\/uploads\/2010\/08\/RALLYE-ORTHEZ-BEARN-2010-012-300x225.jpg\" alt=\"Jacques nous pose les boules de foin dans ES loubieng\" width=\"300\" height=\"225\" srcset=\"https:\/\/www.ecurieorthezbearn.fr\/rallye\/wp-content\/uploads\/2010\/08\/RALLYE-ORTHEZ-BEARN-2010-012-300x225.jpg 300w, https:\/\/www.ecurieorthezbearn.fr\/rallye\/wp-content\/uploads\/2010\/08\/RALLYE-ORTHEZ-BEARN-2010-012.jpg 640w\" sizes=\"(max-width: 300px) 100vw, 300px\" \/><\/a><figcaption id=\"caption-attachment-1638\" class=\"wp-caption-text\">Jacques nous pose les boules de foin dans ES loubieng<\/figcaption><\/figure>\n<figure id=\"attachment_1639\" aria-describedby=\"caption-attachment-1639\" style=\"width: 300px\" class=\"wp-caption aligncenter\"><a href=\"http:\/\/www.ecurieorthezbearn.fr\/rallye\/securite-rallye-2010-orthez-bearn-quad\/rallye-orthez-bearn-2010-015\" rel=\"attachment wp-att-1639\"><img loading=\"lazy\" decoding=\"async\" class=\"size-medium wp-image-1639\" src=\"http:\/\/www.ecurieorthezbearn.fr\/rallye\/wp-content\/uploads\/2010\/08\/RALLYE-ORTHEZ-BEARN-2010-015-300x225.jpg\" alt=\"fl\u00e9chage ES loubieng\" width=\"300\" height=\"225\" srcset=\"https:\/\/www.ecurieorthezbearn.fr\/rallye\/wp-content\/uploads\/2010\/08\/RALLYE-ORTHEZ-BEARN-2010-015-300x225.jpg 300w, https:\/\/www.ecurieorthezbearn.fr\/rallye\/wp-content\/uploads\/2010\/08\/RALLYE-ORTHEZ-BEARN-2010-015.jpg 640w\" sizes=\"(max-width: 300px) 100vw, 300px\" \/><\/a><figcaption id=\"caption-attachment-1639\" class=\"wp-caption-text\">fl\u00e9chage ES loubieng<\/figcaption><\/figure>\n<figure id=\"attachment_1640\" aria-describedby=\"caption-attachment-1640\" style=\"width: 300px\" class=\"wp-caption aligncenter\"><a href=\"http:\/\/www.ecurieorthezbearn.fr\/rallye\/securite-rallye-2010-orthez-bearn-quad\/rallye-orthez-bearn-2010-010\" rel=\"attachment wp-att-1640\"><img loading=\"lazy\" decoding=\"async\" class=\"size-medium wp-image-1640\" src=\"http:\/\/www.ecurieorthezbearn.fr\/rallye\/wp-content\/uploads\/2010\/08\/RALLYE-ORTHEZ-BEARN-2010-010-300x225.jpg\" alt=\"petit caf\u00e9 du matin ,merci bruno bj 40 ES loubieng\" width=\"300\" height=\"225\" srcset=\"https:\/\/www.ecurieorthezbearn.fr\/rallye\/wp-content\/uploads\/2010\/08\/RALLYE-ORTHEZ-BEARN-2010-010-300x225.jpg 300w, https:\/\/www.ecurieorthezbearn.fr\/rallye\/wp-content\/uploads\/2010\/08\/RALLYE-ORTHEZ-BEARN-2010-010.jpg 640w\" sizes=\"(max-width: 300px) 100vw, 300px\" \/><\/a><figcaption id=\"caption-attachment-1640\" class=\"wp-caption-text\">petit caf\u00e9 du matin ,merci bruno bj 40 ES loubieng<\/figcaption><\/figure>\n<figure id=\"attachment_1641\" aria-describedby=\"caption-attachment-1641\" style=\"width: 300px\" class=\"wp-caption aligncenter\"><a href=\"http:\/\/www.ecurieorthezbearn.fr\/rallye\/securite-rallye-2010-orthez-bearn-quad\/rallye-orthez-bearn-2010-025\" rel=\"attachment wp-att-1641\"><img loading=\"lazy\" decoding=\"async\" class=\"size-medium wp-image-1641\" src=\"http:\/\/www.ecurieorthezbearn.fr\/rallye\/wp-content\/uploads\/2010\/08\/RALLYE-ORTHEZ-BEARN-2010-025-300x225.jpg\" alt=\"fl\u00e9chage d'un 90 droit sur entr\u00e9e du pont ES loubieng\" width=\"300\" height=\"225\" srcset=\"https:\/\/www.ecurieorthezbearn.fr\/rallye\/wp-content\/uploads\/2010\/08\/RALLYE-ORTHEZ-BEARN-2010-025-300x225.jpg 300w, https:\/\/www.ecurieorthezbearn.fr\/rallye\/wp-content\/uploads\/2010\/08\/RALLYE-ORTHEZ-BEARN-2010-025.jpg 640w\" sizes=\"(max-width: 300px) 100vw, 300px\" \/><\/a><figcaption id=\"caption-attachment-1641\" class=\"wp-caption-text\">fl\u00e9chage d&rsquo;un 90 droit sur entr\u00e9e du pont ES loubieng<\/figcaption><\/figure>\n<figure id=\"attachment_1642\" aria-describedby=\"caption-attachment-1642\" style=\"width: 300px\" class=\"wp-caption aligncenter\"><a href=\"http:\/\/www.ecurieorthezbearn.fr\/rallye\/securite-rallye-2010-orthez-bearn-quad\/rallye-orthez-bearn-2010-027\" rel=\"attachment wp-att-1642\"><img loading=\"lazy\" decoding=\"async\" class=\"size-medium wp-image-1642\" src=\"http:\/\/www.ecurieorthezbearn.fr\/rallye\/wp-content\/uploads\/2010\/08\/RALLYE-ORTHEZ-BEARN-2010-027-300x225.jpg\" alt=\"installation point public poste 9 et 10 ES sallespisse\" width=\"300\" height=\"225\" srcset=\"https:\/\/www.ecurieorthezbearn.fr\/rallye\/wp-content\/uploads\/2010\/08\/RALLYE-ORTHEZ-BEARN-2010-027-300x225.jpg 300w, https:\/\/www.ecurieorthezbearn.fr\/rallye\/wp-content\/uploads\/2010\/08\/RALLYE-ORTHEZ-BEARN-2010-027.jpg 640w\" sizes=\"(max-width: 300px) 100vw, 300px\" \/><\/a><figcaption id=\"caption-attachment-1642\" class=\"wp-caption-text\">installation point public poste 9 et 10 ES sallespisse<\/figcaption><\/figure>\n<figure id=\"attachment_1643\" aria-describedby=\"caption-attachment-1643\" style=\"width: 300px\" class=\"wp-caption aligncenter\"><a href=\"http:\/\/www.ecurieorthezbearn.fr\/rallye\/securite-rallye-2010-orthez-bearn-quad\/rallye-orthez-bearn-2010-029\" rel=\"attachment wp-att-1643\"><img loading=\"lazy\" decoding=\"async\" class=\"size-medium wp-image-1643\" src=\"http:\/\/www.ecurieorthezbearn.fr\/rallye\/wp-content\/uploads\/2010\/08\/RALLYE-ORTHEZ-BEARN-2010-029-300x225.jpg\" alt=\"point public ES sallespisse\" width=\"300\" height=\"225\" srcset=\"https:\/\/www.ecurieorthezbearn.fr\/rallye\/wp-content\/uploads\/2010\/08\/RALLYE-ORTHEZ-BEARN-2010-029-300x225.jpg 300w, https:\/\/www.ecurieorthezbearn.fr\/rallye\/wp-content\/uploads\/2010\/08\/RALLYE-ORTHEZ-BEARN-2010-029.jpg 640w\" sizes=\"(max-width: 300px) 100vw, 300px\" \/><\/a><figcaption id=\"caption-attachment-1643\" class=\"wp-caption-text\">point public ES sallespisse<\/figcaption><\/figure>\n<figure id=\"attachment_1644\" aria-describedby=\"caption-attachment-1644\" style=\"width: 300px\" class=\"wp-caption aligncenter\"><a href=\"http:\/\/www.ecurieorthezbearn.fr\/rallye\/securite-rallye-2010-orthez-bearn-quad\/rallye-orthez-bearn-2010-032\" rel=\"attachment wp-att-1644\"><img loading=\"lazy\" decoding=\"async\" class=\"size-medium wp-image-1644\" src=\"http:\/\/www.ecurieorthezbearn.fr\/rallye\/wp-content\/uploads\/2010\/08\/RALLYE-ORTHEZ-BEARN-2010-032-300x225.jpg\" alt=\"petit moment de folie pour Denis \u00e9lu piquet d'or 2010\" width=\"300\" height=\"225\" srcset=\"https:\/\/www.ecurieorthezbearn.fr\/rallye\/wp-content\/uploads\/2010\/08\/RALLYE-ORTHEZ-BEARN-2010-032-300x225.jpg 300w, https:\/\/www.ecurieorthezbearn.fr\/rallye\/wp-content\/uploads\/2010\/08\/RALLYE-ORTHEZ-BEARN-2010-032.jpg 640w\" sizes=\"(max-width: 300px) 100vw, 300px\" \/><\/a><figcaption id=\"caption-attachment-1644\" class=\"wp-caption-text\">petit moment de folie pour Denis \u00e9lu piquet d&rsquo;or 2010<\/figcaption><\/figure>\n<figure id=\"attachment_1645\" aria-describedby=\"caption-attachment-1645\" style=\"width: 300px\" class=\"wp-caption aligncenter\"><a href=\"http:\/\/www.ecurieorthezbearn.fr\/rallye\/securite-rallye-2010-orthez-bearn-quad\/rallye-orthez-bearn-2010-040\" rel=\"attachment wp-att-1645\"><img loading=\"lazy\" decoding=\"async\" class=\"size-medium wp-image-1645\" src=\"http:\/\/www.ecurieorthezbearn.fr\/rallye\/wp-content\/uploads\/2010\/08\/RALLYE-ORTHEZ-BEARN-2010-040-300x225.jpg\" alt=\"ballisage d'une chincane poste 8 ES sallespisse par j-mi et anthony\" width=\"300\" height=\"225\" srcset=\"https:\/\/www.ecurieorthezbearn.fr\/rallye\/wp-content\/uploads\/2010\/08\/RALLYE-ORTHEZ-BEARN-2010-040-300x225.jpg 300w, https:\/\/www.ecurieorthezbearn.fr\/rallye\/wp-content\/uploads\/2010\/08\/RALLYE-ORTHEZ-BEARN-2010-040.jpg 640w\" sizes=\"(max-width: 300px) 100vw, 300px\" \/><\/a><figcaption id=\"caption-attachment-1645\" class=\"wp-caption-text\">balisage d&rsquo;une chicane poste 8 ES sallespisse par j-mi et anthony<\/figcaption><\/figure>\n<figure id=\"attachment_1646\" aria-describedby=\"caption-attachment-1646\" style=\"width: 300px\" class=\"wp-caption aligncenter\"><a href=\"http:\/\/www.ecurieorthezbearn.fr\/rallye\/securite-rallye-2010-orthez-bearn-quad\/rallye-orthez-bearn-2010-041\" rel=\"attachment wp-att-1646\"><img loading=\"lazy\" decoding=\"async\" class=\"size-medium wp-image-1646\" src=\"http:\/\/www.ecurieorthezbearn.fr\/rallye\/wp-content\/uploads\/2010\/08\/RALLYE-ORTHEZ-BEARN-2010-041-300x225.jpg\" alt=\"cr\u00e9ation d'une chicane poste 11 ES sallespisse\" width=\"300\" height=\"225\" srcset=\"https:\/\/www.ecurieorthezbearn.fr\/rallye\/wp-content\/uploads\/2010\/08\/RALLYE-ORTHEZ-BEARN-2010-041-300x225.jpg 300w, https:\/\/www.ecurieorthezbearn.fr\/rallye\/wp-content\/uploads\/2010\/08\/RALLYE-ORTHEZ-BEARN-2010-041.jpg 640w\" sizes=\"(max-width: 300px) 100vw, 300px\" \/><\/a><figcaption id=\"caption-attachment-1646\" class=\"wp-caption-text\">cr\u00e9ation d&rsquo;une chicane poste 11 ES sallespisse<\/figcaption><\/figure>\n<figure id=\"attachment_1648\" aria-describedby=\"caption-attachment-1648\" style=\"width: 300px\" class=\"wp-caption aligncenter\"><a href=\"http:\/\/www.ecurieorthezbearn.fr\/rallye\/securite-rallye-2010-orthez-bearn-quad\/rallye-orthez-bearn-2010-042-2\" rel=\"attachment wp-att-1648\"><img loading=\"lazy\" decoding=\"async\" class=\"size-medium wp-image-1648\" src=\"http:\/\/www.ecurieorthezbearn.fr\/rallye\/wp-content\/uploads\/2010\/08\/RALLYE-ORTHEZ-BEARN-2010-0421-300x225.jpg\" alt=\"fin du fl\u00e9chage ES aubin\" width=\"300\" height=\"225\" srcset=\"https:\/\/www.ecurieorthezbearn.fr\/rallye\/wp-content\/uploads\/2010\/08\/RALLYE-ORTHEZ-BEARN-2010-0421-300x225.jpg 300w, https:\/\/www.ecurieorthezbearn.fr\/rallye\/wp-content\/uploads\/2010\/08\/RALLYE-ORTHEZ-BEARN-2010-0421.jpg 640w\" sizes=\"(max-width: 300px) 100vw, 300px\" \/><\/a><figcaption id=\"caption-attachment-1648\" class=\"wp-caption-text\">fin du fl\u00e9chage ES aubin<\/figcaption><\/figure>\n<figure id=\"attachment_1649\" aria-describedby=\"caption-attachment-1649\" style=\"width: 300px\" class=\"wp-caption aligncenter\"><a href=\"http:\/\/www.ecurieorthezbearn.fr\/rallye\/securite-rallye-2010-orthez-bearn-quad\/rallye-orthez-bearn-2010-043-2\" rel=\"attachment wp-att-1649\"><img loading=\"lazy\" decoding=\"async\" class=\"size-medium wp-image-1649\" src=\"http:\/\/www.ecurieorthezbearn.fr\/rallye\/wp-content\/uploads\/2010\/08\/RALLYE-ORTHEZ-BEARN-2010-0431-300x225.jpg\" alt=\"point public arriv\u00e9e ES lanneplaa\" width=\"300\" height=\"225\" srcset=\"https:\/\/www.ecurieorthezbearn.fr\/rallye\/wp-content\/uploads\/2010\/08\/RALLYE-ORTHEZ-BEARN-2010-0431-300x225.jpg 300w, https:\/\/www.ecurieorthezbearn.fr\/rallye\/wp-content\/uploads\/2010\/08\/RALLYE-ORTHEZ-BEARN-2010-0431.jpg 640w\" sizes=\"(max-width: 300px) 100vw, 300px\" \/><\/a><figcaption id=\"caption-attachment-1649\" class=\"wp-caption-text\">point public arriv\u00e9e ES lanneplaa<\/figcaption><\/figure>\n<p><a href=\"http:\/\/www.ecurieorthezbearn.fr\/rallye\/securite-rallye-2010-orthez-bearn-quad\/rallye-orthez-bearn-2010-044\" rel=\"attachment wp-att-1650\"><img loading=\"lazy\" decoding=\"async\" class=\"aligncenter size-medium wp-image-1650\" src=\"http:\/\/www.ecurieorthezbearn.fr\/rallye\/wp-content\/uploads\/2010\/08\/RALLYE-ORTHEZ-BEARN-2010-044-300x225.jpg\" alt=\"\" width=\"300\" height=\"225\" srcset=\"https:\/\/www.ecurieorthezbearn.fr\/rallye\/wp-content\/uploads\/2010\/08\/RALLYE-ORTHEZ-BEARN-2010-044-300x225.jpg 300w, https:\/\/www.ecurieorthezbearn.fr\/rallye\/wp-content\/uploads\/2010\/08\/RALLYE-ORTHEZ-BEARN-2010-044.jpg 640w\" sizes=\"(max-width: 300px) 100vw, 300px\" \/><\/a><\/p>\n<figure id=\"attachment_1651\" aria-describedby=\"caption-attachment-1651\" style=\"width: 300px\" class=\"wp-caption aligncenter\"><a href=\"http:\/\/www.ecurieorthezbearn.fr\/rallye\/securite-rallye-2010-orthez-bearn-quad\/rallye-orthez-bearn-2010-033\" rel=\"attachment wp-att-1651\"><img loading=\"lazy\" decoding=\"async\" class=\"size-medium wp-image-1651\" src=\"http:\/\/www.ecurieorthezbearn.fr\/rallye\/wp-content\/uploads\/2010\/08\/RALLYE-ORTHEZ-BEARN-2010-033-300x225.jpg\" alt=\"a midi chez m\u00e9m\u00e9\" width=\"300\" height=\"225\" srcset=\"https:\/\/www.ecurieorthezbearn.fr\/rallye\/wp-content\/uploads\/2010\/08\/RALLYE-ORTHEZ-BEARN-2010-033-300x225.jpg 300w, https:\/\/www.ecurieorthezbearn.fr\/rallye\/wp-content\/uploads\/2010\/08\/RALLYE-ORTHEZ-BEARN-2010-033.jpg 640w\" sizes=\"(max-width: 300px) 100vw, 300px\" \/><\/a><figcaption id=\"caption-attachment-1651\" class=\"wp-caption-text\">a midi chez m\u00e9m\u00e9<\/figcaption><\/figure>\n<p>Nous nous occupons \u00e9galement de l&rsquo;accueil\u00a0 des pilotes et assistances sur la place du foirail , afin qu\u00a0\u00bbils d\u00e9chargent les buggy , \u00e9vacuent les remorques, se mettent en attente pour les v\u00e9rifs administratives , et de g\u00e9rer les circulations automobile du centre ville. Apr\u00e8s \u00eatre pass\u00e9 aux v\u00e9rifs ,nous les faisons rentrer au parc ferm\u00e9 place d &lsquo;Armes.<\/p>\n<p><a href=\"http:\/\/www.ecurieorthezbearn.fr\/rallye\/securite-rallye-2010-orthez-bearn-quad\/rallye-orthez-bearn-2010-062\" rel=\"attachment wp-att-1652\"><img loading=\"lazy\" decoding=\"async\" class=\"aligncenter size-medium wp-image-1652\" src=\"http:\/\/www.ecurieorthezbearn.fr\/rallye\/wp-content\/uploads\/2010\/08\/RALLYE-ORTHEZ-BEARN-2010-062-300x225.jpg\" alt=\"\" width=\"300\" height=\"225\" srcset=\"https:\/\/www.ecurieorthezbearn.fr\/rallye\/wp-content\/uploads\/2010\/08\/RALLYE-ORTHEZ-BEARN-2010-062-300x225.jpg 300w, https:\/\/www.ecurieorthezbearn.fr\/rallye\/wp-content\/uploads\/2010\/08\/RALLYE-ORTHEZ-BEARN-2010-062.jpg 640w\" sizes=\"(max-width: 300px) 100vw, 300px\" \/><\/a><\/p>\n<p><a href=\"http:\/\/www.ecurieorthezbearn.fr\/rallye\/securite-rallye-2010-orthez-bearn-quad\/rallye-orthez-bearn-2010-063\" rel=\"attachment wp-att-1653\"><img loading=\"lazy\" decoding=\"async\" class=\"aligncenter size-medium wp-image-1653\" src=\"http:\/\/www.ecurieorthezbearn.fr\/rallye\/wp-content\/uploads\/2010\/08\/RALLYE-ORTHEZ-BEARN-2010-063-300x225.jpg\" alt=\"\" width=\"300\" height=\"225\" srcset=\"https:\/\/www.ecurieorthezbearn.fr\/rallye\/wp-content\/uploads\/2010\/08\/RALLYE-ORTHEZ-BEARN-2010-063-300x225.jpg 300w, https:\/\/www.ecurieorthezbearn.fr\/rallye\/wp-content\/uploads\/2010\/08\/RALLYE-ORTHEZ-BEARN-2010-063.jpg 640w\" sizes=\"(max-width: 300px) 100vw, 300px\" \/><\/a><\/p>\n<p><a href=\"http:\/\/www.ecurieorthezbearn.fr\/rallye\/securite-rallye-2010-orthez-bearn-quad\/rallye-orthez-bearn-2010-080\" rel=\"attachment wp-att-1655\"><img loading=\"lazy\" decoding=\"async\" class=\"aligncenter size-medium wp-image-1655\" src=\"http:\/\/www.ecurieorthezbearn.fr\/rallye\/wp-content\/uploads\/2010\/08\/RALLYE-ORTHEZ-BEARN-2010-080-300x225.jpg\" alt=\"\" width=\"300\" height=\"225\" srcset=\"https:\/\/www.ecurieorthezbearn.fr\/rallye\/wp-content\/uploads\/2010\/08\/RALLYE-ORTHEZ-BEARN-2010-080-300x225.jpg 300w, https:\/\/www.ecurieorthezbearn.fr\/rallye\/wp-content\/uploads\/2010\/08\/RALLYE-ORTHEZ-BEARN-2010-080.jpg 640w\" sizes=\"(max-width: 300px) 100vw, 300px\" \/><\/a><\/p>\n<p><a href=\"http:\/\/www.ecurieorthezbearn.fr\/rallye\/securite-rallye-2010-orthez-bearn-quad\/rallye-orthez-bearn-2010-069-2\" rel=\"attachment wp-att-1657\"><img loading=\"lazy\" decoding=\"async\" class=\"aligncenter size-medium wp-image-1657\" src=\"http:\/\/www.ecurieorthezbearn.fr\/rallye\/wp-content\/uploads\/2010\/08\/RALLYE-ORTHEZ-BEARN-2010-0691-300x225.jpg\" alt=\"\" width=\"300\" height=\"225\" srcset=\"https:\/\/www.ecurieorthezbearn.fr\/rallye\/wp-content\/uploads\/2010\/08\/RALLYE-ORTHEZ-BEARN-2010-0691-300x225.jpg 300w, https:\/\/www.ecurieorthezbearn.fr\/rallye\/wp-content\/uploads\/2010\/08\/RALLYE-ORTHEZ-BEARN-2010-0691.jpg 640w\" sizes=\"(max-width: 300px) 100vw, 300px\" \/><\/a><\/p>\n<p><a href=\"http:\/\/www.ecurieorthezbearn.fr\/rallye\/securite-rallye-2010-orthez-bearn-quad\/rallye-orthez-bearn-2010-066\" rel=\"attachment wp-att-1658\"><img loading=\"lazy\" decoding=\"async\" class=\"aligncenter size-medium wp-image-1658\" src=\"http:\/\/www.ecurieorthezbearn.fr\/rallye\/wp-content\/uploads\/2010\/08\/RALLYE-ORTHEZ-BEARN-2010-066-300x225.jpg\" alt=\"\" width=\"300\" height=\"225\" srcset=\"https:\/\/www.ecurieorthezbearn.fr\/rallye\/wp-content\/uploads\/2010\/08\/RALLYE-ORTHEZ-BEARN-2010-066-300x225.jpg 300w, https:\/\/www.ecurieorthezbearn.fr\/rallye\/wp-content\/uploads\/2010\/08\/RALLYE-ORTHEZ-BEARN-2010-066.jpg 640w\" sizes=\"(max-width: 300px) 100vw, 300px\" \/><\/a><\/p>\n<p><a href=\"http:\/\/www.ecurieorthezbearn.fr\/rallye\/securite-rallye-2010-orthez-bearn-quad\/rallye-orthez-bearn-2010-068\" rel=\"attachment wp-att-1659\"><img loading=\"lazy\" decoding=\"async\" class=\"aligncenter size-medium wp-image-1659\" src=\"http:\/\/www.ecurieorthezbearn.fr\/rallye\/wp-content\/uploads\/2010\/08\/RALLYE-ORTHEZ-BEARN-2010-068-300x225.jpg\" alt=\"\" width=\"300\" height=\"225\" srcset=\"https:\/\/www.ecurieorthezbearn.fr\/rallye\/wp-content\/uploads\/2010\/08\/RALLYE-ORTHEZ-BEARN-2010-068-300x225.jpg 300w, https:\/\/www.ecurieorthezbearn.fr\/rallye\/wp-content\/uploads\/2010\/08\/RALLYE-ORTHEZ-BEARN-2010-068.jpg 640w\" sizes=\"(max-width: 300px) 100vw, 300px\" \/><\/a><\/p>\n<p><a href=\"http:\/\/www.ecurieorthezbearn.fr\/rallye\/securite-rallye-2010-orthez-bearn-quad\/rallye-orthez-bearn-2010-081\" rel=\"attachment wp-att-1660\"><img loading=\"lazy\" decoding=\"async\" class=\"aligncenter size-medium wp-image-1660\" src=\"http:\/\/www.ecurieorthezbearn.fr\/rallye\/wp-content\/uploads\/2010\/08\/RALLYE-ORTHEZ-BEARN-2010-081-300x225.jpg\" alt=\"\" width=\"300\" height=\"225\" srcset=\"https:\/\/www.ecurieorthezbearn.fr\/rallye\/wp-content\/uploads\/2010\/08\/RALLYE-ORTHEZ-BEARN-2010-081-300x225.jpg 300w, https:\/\/www.ecurieorthezbearn.fr\/rallye\/wp-content\/uploads\/2010\/08\/RALLYE-ORTHEZ-BEARN-2010-081.jpg 640w\" sizes=\"(max-width: 300px) 100vw, 300px\" \/><\/a><\/p>\n<figure id=\"attachment_1661\" aria-describedby=\"caption-attachment-1661\" style=\"width: 300px\" class=\"wp-caption aligncenter\"><a href=\"http:\/\/www.ecurieorthezbearn.fr\/rallye\/securite-rallye-2010-orthez-bearn-quad\/rallye-orthez-bearn-2010-074\" rel=\"attachment wp-att-1661\"><img loading=\"lazy\" decoding=\"async\" class=\"size-medium wp-image-1661\" src=\"http:\/\/www.ecurieorthezbearn.fr\/rallye\/wp-content\/uploads\/2010\/08\/RALLYE-ORTHEZ-BEARN-2010-074-300x225.jpg\" alt=\"j-claude et le camion du dakar\" width=\"300\" height=\"225\" srcset=\"https:\/\/www.ecurieorthezbearn.fr\/rallye\/wp-content\/uploads\/2010\/08\/RALLYE-ORTHEZ-BEARN-2010-074-300x225.jpg 300w, https:\/\/www.ecurieorthezbearn.fr\/rallye\/wp-content\/uploads\/2010\/08\/RALLYE-ORTHEZ-BEARN-2010-074.jpg 640w\" sizes=\"(max-width: 300px) 100vw, 300px\" \/><\/a><figcaption id=\"caption-attachment-1661\" class=\"wp-caption-text\">j-claude et le camion du dakar<\/figcaption><\/figure>\n<p><a href=\"http:\/\/www.ecurieorthezbearn.fr\/rallye\/securite-rallye-2010-orthez-bearn-quad\/rallye-orthez-bearn-2010-082\" rel=\"attachment wp-att-1663\"><img loading=\"lazy\" decoding=\"async\" class=\"size-medium wp-image-1663\" src=\"http:\/\/www.ecurieorthezbearn.fr\/rallye\/wp-content\/uploads\/2010\/08\/RALLYE-ORTHEZ-BEARN-2010-082-300x225.jpg\" alt=\"coupure repas au 28 chez lolo\" width=\"300\" height=\"225\" srcset=\"https:\/\/www.ecurieorthezbearn.fr\/rallye\/wp-content\/uploads\/2010\/08\/RALLYE-ORTHEZ-BEARN-2010-082-300x225.jpg 300w, https:\/\/www.ecurieorthezbearn.fr\/rallye\/wp-content\/uploads\/2010\/08\/RALLYE-ORTHEZ-BEARN-2010-082.jpg 640w\" sizes=\"(max-width: 300px) 100vw, 300px\" \/><\/a><\/p>\n<dl><\/dl>\n<figure id=\"attachment_1664\" aria-describedby=\"caption-attachment-1664\" style=\"width: 300px\" class=\"wp-caption aligncenter\"><a href=\"http:\/\/www.ecurieorthezbearn.fr\/rallye\/securite-rallye-2010-orthez-bearn-quad\/rallye-orthez-bearn-2010-087\" rel=\"attachment wp-att-1664\"><img loading=\"lazy\" decoding=\"async\" class=\"size-medium wp-image-1664\" src=\"http:\/\/www.ecurieorthezbearn.fr\/rallye\/wp-content\/uploads\/2010\/08\/RALLYE-ORTHEZ-BEARN-2010-087-300x225.jpg\" alt=\"fermeture de la route avant poste 9 ES sallespisse\" width=\"300\" height=\"225\" srcset=\"https:\/\/www.ecurieorthezbearn.fr\/rallye\/wp-content\/uploads\/2010\/08\/RALLYE-ORTHEZ-BEARN-2010-087-300x225.jpg 300w, https:\/\/www.ecurieorthezbearn.fr\/rallye\/wp-content\/uploads\/2010\/08\/RALLYE-ORTHEZ-BEARN-2010-087.jpg 640w\" sizes=\"(max-width: 300px) 100vw, 300px\" \/><\/a><figcaption id=\"caption-attachment-1664\" class=\"wp-caption-text\">fermeture de la route avant poste 9 ES sallespisse<\/figcaption><\/figure>\n<figure id=\"attachment_1665\" aria-describedby=\"caption-attachment-1665\" style=\"width: 300px\" class=\"wp-caption aligncenter\"><a href=\"http:\/\/www.ecurieorthezbearn.fr\/rallye\/securite-rallye-2010-orthez-bearn-quad\/rallye-orthez-bearn-2010-088\" rel=\"attachment wp-att-1665\"><img loading=\"lazy\" decoding=\"async\" class=\"size-medium wp-image-1665\" src=\"http:\/\/www.ecurieorthezbearn.fr\/rallye\/wp-content\/uploads\/2010\/08\/RALLYE-ORTHEZ-BEARN-2010-088-300x225.jpg\" alt=\"mise en poste \u00e9quipe s\u00e9curite du rallye point public entre les postes 9 et 10 ES sallespisse\" width=\"300\" height=\"225\" srcset=\"https:\/\/www.ecurieorthezbearn.fr\/rallye\/wp-content\/uploads\/2010\/08\/RALLYE-ORTHEZ-BEARN-2010-088-300x225.jpg 300w, https:\/\/www.ecurieorthezbearn.fr\/rallye\/wp-content\/uploads\/2010\/08\/RALLYE-ORTHEZ-BEARN-2010-088.jpg 640w\" sizes=\"(max-width: 300px) 100vw, 300px\" \/><\/a><figcaption id=\"caption-attachment-1665\" class=\"wp-caption-text\">mise en poste \u00e9quipe s\u00e9curite du rallye point public entre les postes 9 et 10 ES sallespisse<\/figcaption><\/figure>\n<figure id=\"attachment_1666\" aria-describedby=\"caption-attachment-1666\" style=\"width: 300px\" class=\"wp-caption aligncenter\"><a href=\"http:\/\/www.ecurieorthezbearn.fr\/rallye\/securite-rallye-2010-orthez-bearn-quad\/rallye-orthez-bearn-2010-092\" rel=\"attachment wp-att-1666\"><img loading=\"lazy\" decoding=\"async\" class=\"size-medium wp-image-1666\" src=\"http:\/\/www.ecurieorthezbearn.fr\/rallye\/wp-content\/uploads\/2010\/08\/RALLYE-ORTHEZ-BEARN-2010-092-300x225.jpg\" alt=\"ratis avant l'arriv\u00e9 du public poste 6 ES sallespisse\" width=\"300\" height=\"225\" srcset=\"https:\/\/www.ecurieorthezbearn.fr\/rallye\/wp-content\/uploads\/2010\/08\/RALLYE-ORTHEZ-BEARN-2010-092-300x225.jpg 300w, https:\/\/www.ecurieorthezbearn.fr\/rallye\/wp-content\/uploads\/2010\/08\/RALLYE-ORTHEZ-BEARN-2010-092.jpg 640w\" sizes=\"(max-width: 300px) 100vw, 300px\" \/><\/a><figcaption id=\"caption-attachment-1666\" class=\"wp-caption-text\">ratis avant l&rsquo;arriv\u00e9 du public poste 6 ES sallespisse<\/figcaption><\/figure>\n<figure id=\"attachment_1667\" aria-describedby=\"caption-attachment-1667\" style=\"width: 300px\" class=\"wp-caption aligncenter\"><a href=\"http:\/\/www.ecurieorthezbearn.fr\/rallye\/securite-rallye-2010-orthez-bearn-quad\/rallye-orthez-bearn-2010-091\" rel=\"attachment wp-att-1667\"><img loading=\"lazy\" decoding=\"async\" class=\"size-medium wp-image-1667\" src=\"http:\/\/www.ecurieorthezbearn.fr\/rallye\/wp-content\/uploads\/2010\/08\/RALLYE-ORTHEZ-BEARN-2010-091-300x225.jpg\" alt=\"premi\u00e8re \u00e9quipe s\u00e9curit\u00e9 poste 6 ES sallespisse\" width=\"300\" height=\"225\" srcset=\"https:\/\/www.ecurieorthezbearn.fr\/rallye\/wp-content\/uploads\/2010\/08\/RALLYE-ORTHEZ-BEARN-2010-091-300x225.jpg 300w, https:\/\/www.ecurieorthezbearn.fr\/rallye\/wp-content\/uploads\/2010\/08\/RALLYE-ORTHEZ-BEARN-2010-091.jpg 640w\" sizes=\"(max-width: 300px) 100vw, 300px\" \/><\/a><figcaption id=\"caption-attachment-1667\" class=\"wp-caption-text\">premi\u00e8re \u00e9quipe s\u00e9curit\u00e9 poste 6 ES sallespisse<\/figcaption><\/figure>\n<figure id=\"attachment_1668\" aria-describedby=\"caption-attachment-1668\" style=\"width: 300px\" class=\"wp-caption aligncenter\"><a href=\"http:\/\/www.ecurieorthezbearn.fr\/rallye\/securite-rallye-2010-orthez-bearn-quad\/rallye-orthez-bearn-2010-090\" rel=\"attachment wp-att-1668\"><img loading=\"lazy\" decoding=\"async\" class=\"size-medium wp-image-1668\" src=\"http:\/\/www.ecurieorthezbearn.fr\/rallye\/wp-content\/uploads\/2010\/08\/RALLYE-ORTHEZ-BEARN-2010-090-300x225.jpg\" alt=\"point public poste 6 ES sallespisse\" width=\"300\" height=\"225\" srcset=\"https:\/\/www.ecurieorthezbearn.fr\/rallye\/wp-content\/uploads\/2010\/08\/RALLYE-ORTHEZ-BEARN-2010-090-300x225.jpg 300w, https:\/\/www.ecurieorthezbearn.fr\/rallye\/wp-content\/uploads\/2010\/08\/RALLYE-ORTHEZ-BEARN-2010-090.jpg 640w\" sizes=\"(max-width: 300px) 100vw, 300px\" \/><\/a><figcaption id=\"caption-attachment-1668\" class=\"wp-caption-text\">point public poste 6 ES sallespisse<\/figcaption><\/figure>\n<figure id=\"attachment_1669\" aria-describedby=\"caption-attachment-1669\" style=\"width: 300px\" class=\"wp-caption aligncenter\"><a href=\"http:\/\/www.ecurieorthezbearn.fr\/rallye\/securite-rallye-2010-orthez-bearn-quad\/rallye-orthez-bearn-2010-093\" rel=\"attachment wp-att-1669\"><img loading=\"lazy\" decoding=\"async\" class=\"size-medium wp-image-1669\" src=\"http:\/\/www.ecurieorthezbearn.fr\/rallye\/wp-content\/uploads\/2010\/08\/RALLYE-ORTHEZ-BEARN-2010-093-300x225.jpg\" alt=\"arnaud  a la travers\u00e9 du public poste 8 ES sallespisse\" width=\"300\" height=\"225\" srcset=\"https:\/\/www.ecurieorthezbearn.fr\/rallye\/wp-content\/uploads\/2010\/08\/RALLYE-ORTHEZ-BEARN-2010-093-300x225.jpg 300w, https:\/\/www.ecurieorthezbearn.fr\/rallye\/wp-content\/uploads\/2010\/08\/RALLYE-ORTHEZ-BEARN-2010-093.jpg 640w\" sizes=\"(max-width: 300px) 100vw, 300px\" \/><\/a><figcaption id=\"caption-attachment-1669\" class=\"wp-caption-text\">arnaud a la travers\u00e9 du public poste 8 ES sallespisse<\/figcaption><\/figure>\n<figure id=\"attachment_1670\" aria-describedby=\"caption-attachment-1670\" style=\"width: 300px\" class=\"wp-caption aligncenter\"><a href=\"http:\/\/www.ecurieorthezbearn.fr\/rallye\/securite-rallye-2010-orthez-bearn-quad\/rallye-orthez-bearn-2010-098\" rel=\"attachment wp-att-1670\"><img loading=\"lazy\" decoding=\"async\" class=\"size-medium wp-image-1670\" src=\"http:\/\/www.ecurieorthezbearn.fr\/rallye\/wp-content\/uploads\/2010\/08\/RALLYE-ORTHEZ-BEARN-2010-098-300x225.jpg\" alt=\"ludo et xavier a la travers\u00e9 public poste 2 ES aubin\" width=\"300\" height=\"225\" srcset=\"https:\/\/www.ecurieorthezbearn.fr\/rallye\/wp-content\/uploads\/2010\/08\/RALLYE-ORTHEZ-BEARN-2010-098-300x225.jpg 300w, https:\/\/www.ecurieorthezbearn.fr\/rallye\/wp-content\/uploads\/2010\/08\/RALLYE-ORTHEZ-BEARN-2010-098.jpg 640w\" sizes=\"(max-width: 300px) 100vw, 300px\" \/><\/a><figcaption id=\"caption-attachment-1670\" class=\"wp-caption-text\">ludo et xavier a la travers\u00e9 public poste 2 ES aubin<\/figcaption><\/figure>\n<p>Nos journ\u00e9es sont longues.Partis le matin d\u00e8s six heures pour l&rsquo;ouverture des sp\u00e9ciales et v\u00e9rifications du fl\u00e9chage, nous avons rdv au\u00a0Corral pour le caf\u00e9.<\/p>\n<p><a href=\"http:\/\/www.ecurieorthezbearn.fr\/rallye\/securite-rallye-2010-orthez-bearn-quad\/rallye-orthez-bearn-2010-096\" rel=\"attachment wp-att-1672\"><img loading=\"lazy\" decoding=\"async\" class=\"aligncenter size-medium wp-image-1672\" src=\"http:\/\/www.ecurieorthezbearn.fr\/rallye\/wp-content\/uploads\/2010\/08\/RALLYE-ORTHEZ-BEARN-2010-096-300x225.jpg\" alt=\"\" width=\"300\" height=\"225\" srcset=\"https:\/\/www.ecurieorthezbearn.fr\/rallye\/wp-content\/uploads\/2010\/08\/RALLYE-ORTHEZ-BEARN-2010-096-300x225.jpg 300w, https:\/\/www.ecurieorthezbearn.fr\/rallye\/wp-content\/uploads\/2010\/08\/RALLYE-ORTHEZ-BEARN-2010-096.jpg 640w\" sizes=\"(max-width: 300px) 100vw, 300px\" \/><\/a><\/p>\n<p><a href=\"http:\/\/www.ecurieorthezbearn.fr\/rallye\/securite-rallye-2010-orthez-bearn-quad\/rallye-orthez-bearn-2010-095\" rel=\"attachment wp-att-1673\"><img loading=\"lazy\" decoding=\"async\" class=\"aligncenter size-medium wp-image-1673\" src=\"http:\/\/www.ecurieorthezbearn.fr\/rallye\/wp-content\/uploads\/2010\/08\/RALLYE-ORTHEZ-BEARN-2010-095-300x225.jpg\" alt=\"\" width=\"300\" height=\"225\" srcset=\"https:\/\/www.ecurieorthezbearn.fr\/rallye\/wp-content\/uploads\/2010\/08\/RALLYE-ORTHEZ-BEARN-2010-095-300x225.jpg 300w, https:\/\/www.ecurieorthezbearn.fr\/rallye\/wp-content\/uploads\/2010\/08\/RALLYE-ORTHEZ-BEARN-2010-095.jpg 640w\" sizes=\"(max-width: 300px) 100vw, 300px\" \/><\/a><\/p>\n<figure id=\"attachment_1674\" aria-describedby=\"caption-attachment-1674\" style=\"width: 300px\" class=\"wp-caption aligncenter\"><a href=\"http:\/\/www.ecurieorthezbearn.fr\/rallye\/securite-rallye-2010-orthez-bearn-quad\/rallye-orthez-bearn-2010-097-2\" rel=\"attachment wp-att-1674\"><img loading=\"lazy\" decoding=\"async\" class=\"size-medium wp-image-1674\" src=\"http:\/\/www.ecurieorthezbearn.fr\/rallye\/wp-content\/uploads\/2010\/08\/RALLYE-ORTHEZ-BEARN-2010-0971-300x225.jpg\" alt=\"d\u00e9part de la sp\u00e9ciale d'aubin ,7 h du matin.\" width=\"300\" height=\"225\" srcset=\"https:\/\/www.ecurieorthezbearn.fr\/rallye\/wp-content\/uploads\/2010\/08\/RALLYE-ORTHEZ-BEARN-2010-0971-300x225.jpg 300w, https:\/\/www.ecurieorthezbearn.fr\/rallye\/wp-content\/uploads\/2010\/08\/RALLYE-ORTHEZ-BEARN-2010-0971.jpg 640w\" sizes=\"(max-width: 300px) 100vw, 300px\" \/><\/a><figcaption id=\"caption-attachment-1674\" class=\"wp-caption-text\">d\u00e9part de la sp\u00e9ciale d&rsquo;aubin , 7 h du matin.<\/figcaption><\/figure>\n<p>Merci \u00e0 toute mon \u00e9quipe de quadeurs , ce dixi\u00e8me rallye a \u00e9t\u00e9 une totale r\u00e9ussite. Nous sommes motiv\u00e9s pour le onzi\u00e8me ,nous tacherons d&rsquo;\u00eatre encore meilleurs l&rsquo;ann\u00e9e prochaine.<\/p>\n","protected":false},"excerpt":{"rendered":"<p>Notre r\u00f4le sur le rallye, assurer le refl\u00e9chage entre chaque sp\u00e9ciale , puis se poster aux points publics de fa\u00e7on \u00e0 canaliser les personnes \u00a0qui parfois par inconscience se placent\u00a0 \u00e0 l&rsquo;ext\u00e9rieur ou de face dans une courbe\u00a0ou bien un 90 serr\u00e9. Faire respecter les zones d\u00e9limit\u00e9es par la rubalise rouge , interdit public\u00a0,\u00a0 \u00eatre &hellip; <a href=\"https:\/\/www.ecurieorthezbearn.fr\/rallye\/securite-rallye-2010-orthez-bearn-quad\/\" class=\"more-link\">Continuer la lecture de <span class=\"screen-reader-text\">S\u00e9curite rallye (\u00e9quipe quad)<\/span>  <span class=\"meta-nav\">&rarr;<\/span><\/a><\/p>\n","protected":false},"author":4,"featured_media":0,"comment_status":"closed","ping_status":"closed","sticky":false,"template":"","format":"standard","meta":{"footnotes":""},"categories":[1],"tags":[54,7,41,47,28],"_links":{"self":[{"href":"https:\/\/www.ecurieorthezbearn.fr\/rallye\/wp-json\/wp\/v2\/posts\/1630"}],"collection":[{"href":"https:\/\/www.ecurieorthezbearn.fr\/rallye\/wp-json\/wp\/v2\/posts"}],"about":[{"href":"https:\/\/www.ecurieorthezbearn.fr\/rallye\/wp-json\/wp\/v2\/types\/post"}],"author":[{"embeddable":true,"href":"https:\/\/www.ecurieorthezbearn.fr\/rallye\/wp-json\/wp\/v2\/users\/4"}],"replies":[{"embeddable":true,"href":"https:\/\/www.ecurieorthezbearn.fr\/rallye\/wp-json\/wp\/v2\/comments?post=1630"}],"version-history":[{"count":27,"href":"https:\/\/www.ecurieorthezbearn.fr\/rallye\/wp-json\/wp\/v2\/posts\/1630\/revisions"}],"predecessor-version":[{"id":4506,"href":"https:\/\/www.ecurieorthezbearn.fr\/rallye\/wp-json\/wp\/v2\/posts\/1630\/revisions\/4506"}],"wp:attachment":[{"href":"https:\/\/www.ecurieorthezbearn.fr\/rallye\/wp-json\/wp\/v2\/media?parent=1630"}],"wp:term":[{"taxonomy":"category","embeddable":true,"href":"https:\/\/www.ecurieorthezbearn.fr\/rallye\/wp-json\/wp\/v2\/categories?post=1630"},{"taxonomy":"post_tag","embeddable":true,"href":"https:\/\/www.ecurieorthezbearn.fr\/rallye\/wp-json\/wp\/v2\/tags?post=1630"}],"curies":[{"name":"wp","href":"https:\/\/api.w.org\/{rel}","templated":true}]}}