{"id":1788,"date":"2010-09-12T18:36:02","date_gmt":"2010-09-12T16:36:02","guid":{"rendered":"http:\/\/www.ecurieorthezbearn.fr\/rallye\/?p=1788"},"modified":"2014-09-30T14:06:56","modified_gmt":"2014-09-30T12:06:56","slug":"aoc-2011","status":"publish","type":"post","link":"https:\/\/www.ecurieorthezbearn.fr\/rallye\/aoc-2011\/","title":{"rendered":"AOC 2011"},"content":{"rendered":"<p>Parmi les fid\u00e8les ayant fait en 2010 les trois rallyes d&rsquo;<strong>A<\/strong>rzacq, d&rsquo;<strong>O<\/strong>rthez et des <strong>C<\/strong>\u00eemes, le tirage au sort effectu\u00e9 lors de la remise des prix au Rallye des C\u00eemes 2010 a choisi<\/p>\n<h2 style=\"text-align: center;\"><span style=\"color: #ff9900;\"><strong>COURNIL Christophe<\/strong><\/span><\/h2>\n<p style=\"text-align: center;\"><strong>Bravo \u00e0 lui et bons rallyes 2011 !<\/strong><\/p>\n","protected":false},"excerpt":{"rendered":"<p>Parmi les fid\u00e8les ayant fait en 2010 les trois rallyes d&rsquo;Arzacq, d&rsquo;Orthez et des C\u00eemes, le tirage au sort effectu\u00e9 lors de la remise des prix au Rallye des C\u00eemes 2010 a choisi COURNIL Christophe Bravo \u00e0 lui et bons rallyes 2011 !<\/p>\n","protected":false},"author":6,"featured_media":0,"comment_status":"closed","ping_status":"closed","sticky":false,"template":"","format":"standard","meta":{"footnotes":""},"categories":[1],"tags":[54,108,27,7,59,28],"_links":{"self":[{"href":"https:\/\/www.ecurieorthezbearn.fr\/rallye\/wp-json\/wp\/v2\/posts\/1788"}],"collection":[{"href":"https:\/\/www.ecurieorthezbearn.fr\/rallye\/wp-json\/wp\/v2\/posts"}],"about":[{"href":"https:\/\/www.ecurieorthezbearn.fr\/rallye\/wp-json\/wp\/v2\/types\/post"}],"author":[{"embeddable":true,"href":"https:\/\/www.ecurieorthezbearn.fr\/rallye\/wp-json\/wp\/v2\/users\/6"}],"replies":[{"embeddable":true,"href":"https:\/\/www.ecurieorthezbearn.fr\/rallye\/wp-json\/wp\/v2\/comments?post=1788"}],"version-history":[{"count":6,"href":"https:\/\/www.ecurieorthezbearn.fr\/rallye\/wp-json\/wp\/v2\/posts\/1788\/revisions"}],"predecessor-version":[{"id":7072,"href":"https:\/\/www.ecurieorthezbearn.fr\/rallye\/wp-json\/wp\/v2\/posts\/1788\/revisions\/7072"}],"wp:attachment":[{"href":"https:\/\/www.ecurieorthezbearn.fr\/rallye\/wp-json\/wp\/v2\/media?parent=1788"}],"wp:term":[{"taxonomy":"category","embeddable":true,"href":"https:\/\/www.ecurieorthezbearn.fr\/rallye\/wp-json\/wp\/v2\/categories?post=1788"},{"taxonomy":"post_tag","embeddable":true,"href":"https:\/\/www.ecurieorthezbearn.fr\/rallye\/wp-json\/wp\/v2\/tags?post=1788"}],"curies":[{"name":"wp","href":"https:\/\/api.w.org\/{rel}","templated":true}]}}