{"id":1827,"date":"2010-11-15T19:19:01","date_gmt":"2010-11-15T18:19:01","guid":{"rendered":"http:\/\/www.ecurieorthezbearn.fr\/rallye\/?p=1827"},"modified":"2011-02-18T18:58:34","modified_gmt":"2011-02-18T17:58:34","slug":"balade-portugal-2010","status":"publish","type":"post","link":"https:\/\/www.ecurieorthezbearn.fr\/rallye\/balade-portugal-2010\/","title":{"rendered":"Balade quad Portugal"},"content":{"rendered":"<h4 style=\"text-align: center;\">Balade au Portugal, le 05\/11\/2010<\/h4>\n<p>Pour la deuxi\u00e8me ann\u00e9e cons\u00e9cutive, Laurent nous invite dans sa r\u00e9gion natale, situ\u00e9e au Nord Est du Portugal, plus pr\u00e9cis\u00e9ment autour de Mogaduro ,\u00a0\u00a0Alfandega, Castro-Vicente . Une r\u00e9gion agricole o\u00f9 les oliviers dominent l&rsquo;ensemble du territoire. Une r\u00e9gion propice \u00e0 la balade en quad\u00a0, aride et verte \u00e0 la fois , les derni\u00e8res pluies tomb\u00e9es ont humidifi\u00e9 les terres et\u00a0ont grossi les rios. Nous partons vendredi en d\u00e9but d&rsquo;apr\u00e8s-midi , en esp\u00e9rant arriver vers minuit , heure locale.<\/p>\n<p><a rel=\"attachment wp-att-1901\" href=\"http:\/\/www.ecurieorthezbearn.fr\/rallye\/balade-portugal-2010\/dsc02290-7\/\"><img loading=\"lazy\" decoding=\"async\" class=\"aligncenter size-full wp-image-1901\" src=\"http:\/\/www.ecurieorthezbearn.fr\/rallye\/wp-content\/uploads\/2010\/11\/DSC022903.jpg\" alt=\"\" width=\"640\" height=\"480\" srcset=\"https:\/\/www.ecurieorthezbearn.fr\/rallye\/wp-content\/uploads\/2010\/11\/DSC022903.jpg 640w, https:\/\/www.ecurieorthezbearn.fr\/rallye\/wp-content\/uploads\/2010\/11\/DSC022903-300x225.jpg 300w\" sizes=\"(max-width: 640px) 100vw, 640px\" \/><\/a><\/p>\n<p><a rel=\"attachment wp-att-1902\" href=\"http:\/\/www.ecurieorthezbearn.fr\/rallye\/balade-portugal-2010\/dsc02295-3\/\"><img loading=\"lazy\" decoding=\"async\" class=\"aligncenter size-full wp-image-1902\" src=\"http:\/\/www.ecurieorthezbearn.fr\/rallye\/wp-content\/uploads\/2010\/11\/DSC022952.jpg\" alt=\"\" width=\"640\" height=\"480\" srcset=\"https:\/\/www.ecurieorthezbearn.fr\/rallye\/wp-content\/uploads\/2010\/11\/DSC022952.jpg 640w, https:\/\/www.ecurieorthezbearn.fr\/rallye\/wp-content\/uploads\/2010\/11\/DSC022952-300x225.jpg 300w\" sizes=\"(max-width: 640px) 100vw, 640px\" \/><\/a><a rel=\"attachment wp-att-1903\" href=\"http:\/\/www.ecurieorthezbearn.fr\/rallye\/balade-portugal-2010\/dsc02292-5\/\"><img loading=\"lazy\" decoding=\"async\" class=\"aligncenter size-full wp-image-1903\" src=\"http:\/\/www.ecurieorthezbearn.fr\/rallye\/wp-content\/uploads\/2010\/11\/DSC022924.jpg\" alt=\"\" width=\"640\" height=\"480\" srcset=\"https:\/\/www.ecurieorthezbearn.fr\/rallye\/wp-content\/uploads\/2010\/11\/DSC022924.jpg 640w, https:\/\/www.ecurieorthezbearn.fr\/rallye\/wp-content\/uploads\/2010\/11\/DSC022924-300x225.jpg 300w\" sizes=\"(max-width: 640px) 100vw, 640px\" \/><\/a><\/p>\n<figure id=\"attachment_1904\" aria-describedby=\"caption-attachment-1904\" style=\"width: 640px\" class=\"wp-caption aligncenter\"><a rel=\"attachment wp-att-1904\" href=\"http:\/\/www.ecurieorthezbearn.fr\/rallye\/balade-portugal-2010\/dsc02301-2\/\"><img loading=\"lazy\" decoding=\"async\" class=\"size-full wp-image-1904\" src=\"http:\/\/www.ecurieorthezbearn.fr\/rallye\/wp-content\/uploads\/2010\/11\/DSC023011.jpg\" alt=\"premier ravitallement en carburant et boissons pour tous en espagne\" width=\"640\" height=\"480\" srcset=\"https:\/\/www.ecurieorthezbearn.fr\/rallye\/wp-content\/uploads\/2010\/11\/DSC023011.jpg 640w, https:\/\/www.ecurieorthezbearn.fr\/rallye\/wp-content\/uploads\/2010\/11\/DSC023011-300x225.jpg 300w\" sizes=\"(max-width: 640px) 100vw, 640px\" \/><\/a><figcaption id=\"caption-attachment-1904\" class=\"wp-caption-text\">premier ravitaillement en carburant et boissons pour tous en Espagne<\/figcaption><\/figure>\n<figure id=\"attachment_1905\" aria-describedby=\"caption-attachment-1905\" style=\"width: 640px\" class=\"wp-caption aligncenter\"><a rel=\"attachment wp-att-1905\" href=\"http:\/\/www.ecurieorthezbearn.fr\/rallye\/balade-portugal-2010\/dsc02306\/\"><img loading=\"lazy\" decoding=\"async\" class=\"size-full wp-image-1905\" src=\"http:\/\/www.ecurieorthezbearn.fr\/rallye\/wp-content\/uploads\/2010\/11\/DSC02306.jpg\" alt=\"a mis parcour deuxieme ravitaillement\" width=\"640\" height=\"480\" srcset=\"https:\/\/www.ecurieorthezbearn.fr\/rallye\/wp-content\/uploads\/2010\/11\/DSC02306.jpg 640w, https:\/\/www.ecurieorthezbearn.fr\/rallye\/wp-content\/uploads\/2010\/11\/DSC02306-300x225.jpg 300w\" sizes=\"(max-width: 640px) 100vw, 640px\" \/><\/a><figcaption id=\"caption-attachment-1905\" class=\"wp-caption-text\">\u00e0 mi- parcours deuxi\u00e8me ravitaillement<\/figcaption><\/figure>\n<figure id=\"attachment_1906\" aria-describedby=\"caption-attachment-1906\" style=\"width: 640px\" class=\"wp-caption aligncenter\"><a rel=\"attachment wp-att-1906\" href=\"http:\/\/www.ecurieorthezbearn.fr\/rallye\/balade-portugal-2010\/dsc02309-2\/\"><img loading=\"lazy\" decoding=\"async\" class=\"size-full wp-image-1906\" src=\"http:\/\/www.ecurieorthezbearn.fr\/rallye\/wp-content\/uploads\/2010\/11\/DSC023091.jpg\" alt=\"nous arrivons a la frontiere portugaise , pause repas dans un petit restaurant\" width=\"640\" height=\"480\" srcset=\"https:\/\/www.ecurieorthezbearn.fr\/rallye\/wp-content\/uploads\/2010\/11\/DSC023091.jpg 640w, https:\/\/www.ecurieorthezbearn.fr\/rallye\/wp-content\/uploads\/2010\/11\/DSC023091-300x225.jpg 300w\" sizes=\"(max-width: 640px) 100vw, 640px\" \/><\/a><figcaption id=\"caption-attachment-1906\" class=\"wp-caption-text\">nous arrivons \u00e0 la fronti\u00e8re portugaise ,  pause repas dans un petit restaurant<\/figcaption><\/figure>\n<figure id=\"attachment_1907\" aria-describedby=\"caption-attachment-1907\" style=\"width: 640px\" class=\"wp-caption aligncenter\"><a rel=\"attachment wp-att-1907\" href=\"http:\/\/www.ecurieorthezbearn.fr\/rallye\/balade-portugal-2010\/dsc02320-2\/\"><img loading=\"lazy\" decoding=\"async\" class=\"size-full wp-image-1907\" src=\"http:\/\/www.ecurieorthezbearn.fr\/rallye\/wp-content\/uploads\/2010\/11\/DSC023201.jpg\" alt=\"enfin arriv\u00e9e a destination ,il est minuit heure locale,la maison de laurent nous attend\" width=\"640\" height=\"480\" srcset=\"https:\/\/www.ecurieorthezbearn.fr\/rallye\/wp-content\/uploads\/2010\/11\/DSC023201.jpg 640w, https:\/\/www.ecurieorthezbearn.fr\/rallye\/wp-content\/uploads\/2010\/11\/DSC023201-300x225.jpg 300w\" sizes=\"(max-width: 640px) 100vw, 640px\" \/><\/a><figcaption id=\"caption-attachment-1907\" class=\"wp-caption-text\">arriv\u00e9e \u00e0 destination , il est minuit heure locale, la maison de Laurent  nous attend<\/figcaption><\/figure>\n<p>Nous dormons quelques heures avant d&rsquo;attaquer les piste\u00a0sous un brouillard matinal qui laissera briller le soleil pendant quatre jours .<\/p>\n<p><a rel=\"attachment wp-att-1908\" href=\"http:\/\/www.ecurieorthezbearn.fr\/rallye\/balade-portugal-2010\/dsc02339-2\/\"><img loading=\"lazy\" decoding=\"async\" class=\"aligncenter size-full wp-image-1908\" src=\"http:\/\/www.ecurieorthezbearn.fr\/rallye\/wp-content\/uploads\/2010\/11\/DSC023391.jpg\" alt=\"\" width=\"640\" height=\"480\" srcset=\"https:\/\/www.ecurieorthezbearn.fr\/rallye\/wp-content\/uploads\/2010\/11\/DSC023391.jpg 640w, https:\/\/www.ecurieorthezbearn.fr\/rallye\/wp-content\/uploads\/2010\/11\/DSC023391-300x225.jpg 300w\" sizes=\"(max-width: 640px) 100vw, 640px\" \/><\/a><\/p>\n<p><a rel=\"attachment wp-att-1908\" href=\"http:\/\/www.ecurieorthezbearn.fr\/rallye\/balade-portugal-2010\/dsc02339-2\/\"><\/a><a rel=\"attachment wp-att-1909\" href=\"http:\/\/www.ecurieorthezbearn.fr\/rallye\/balade-portugal-2010\/dsc02344-2\/\"><img loading=\"lazy\" decoding=\"async\" class=\"aligncenter size-full wp-image-1909\" src=\"http:\/\/www.ecurieorthezbearn.fr\/rallye\/wp-content\/uploads\/2010\/11\/DSC023441.jpg\" alt=\"\" width=\"640\" height=\"480\" srcset=\"https:\/\/www.ecurieorthezbearn.fr\/rallye\/wp-content\/uploads\/2010\/11\/DSC023441.jpg 640w, https:\/\/www.ecurieorthezbearn.fr\/rallye\/wp-content\/uploads\/2010\/11\/DSC023441-300x225.jpg 300w\" sizes=\"(max-width: 640px) 100vw, 640px\" \/><\/a><\/p>\n<p><a rel=\"attachment wp-att-1909\" href=\"http:\/\/www.ecurieorthezbearn.fr\/rallye\/balade-portugal-2010\/dsc02344-2\/\"><\/a><a rel=\"attachment wp-att-1910\" href=\"http:\/\/www.ecurieorthezbearn.fr\/rallye\/balade-portugal-2010\/dsc02345-2\/\"><img loading=\"lazy\" decoding=\"async\" class=\"aligncenter size-full wp-image-1910\" src=\"http:\/\/www.ecurieorthezbearn.fr\/rallye\/wp-content\/uploads\/2010\/11\/DSC023451.jpg\" alt=\"\" width=\"640\" height=\"480\" srcset=\"https:\/\/www.ecurieorthezbearn.fr\/rallye\/wp-content\/uploads\/2010\/11\/DSC023451.jpg 640w, https:\/\/www.ecurieorthezbearn.fr\/rallye\/wp-content\/uploads\/2010\/11\/DSC023451-300x225.jpg 300w\" sizes=\"(max-width: 640px) 100vw, 640px\" \/><\/a><\/p>\n<p><a rel=\"attachment wp-att-1910\" href=\"http:\/\/www.ecurieorthezbearn.fr\/rallye\/balade-portugal-2010\/dsc02345-2\/\"><\/a><a rel=\"attachment wp-att-1911\" href=\"http:\/\/www.ecurieorthezbearn.fr\/rallye\/balade-portugal-2010\/dsc02346-2\/\"><img loading=\"lazy\" decoding=\"async\" class=\"aligncenter size-full wp-image-1911\" src=\"http:\/\/www.ecurieorthezbearn.fr\/rallye\/wp-content\/uploads\/2010\/11\/DSC023461.jpg\" alt=\"\" width=\"640\" height=\"480\" srcset=\"https:\/\/www.ecurieorthezbearn.fr\/rallye\/wp-content\/uploads\/2010\/11\/DSC023461.jpg 640w, https:\/\/www.ecurieorthezbearn.fr\/rallye\/wp-content\/uploads\/2010\/11\/DSC023461-300x225.jpg 300w\" sizes=\"(max-width: 640px) 100vw, 640px\" \/><\/a><\/p>\n<p><a rel=\"attachment wp-att-1911\" href=\"http:\/\/www.ecurieorthezbearn.fr\/rallye\/balade-portugal-2010\/dsc02346-2\/\"><\/a><a rel=\"attachment wp-att-1912\" href=\"http:\/\/www.ecurieorthezbearn.fr\/rallye\/balade-portugal-2010\/dsc02351-2\/\"><img loading=\"lazy\" decoding=\"async\" class=\"aligncenter size-full wp-image-1912\" src=\"http:\/\/www.ecurieorthezbearn.fr\/rallye\/wp-content\/uploads\/2010\/11\/DSC023511.jpg\" alt=\"\" width=\"640\" height=\"480\" srcset=\"https:\/\/www.ecurieorthezbearn.fr\/rallye\/wp-content\/uploads\/2010\/11\/DSC023511.jpg 640w, https:\/\/www.ecurieorthezbearn.fr\/rallye\/wp-content\/uploads\/2010\/11\/DSC023511-300x225.jpg 300w\" sizes=\"(max-width: 640px) 100vw, 640px\" \/><\/a><\/p>\n<div class=\"mceTemp mceIEcenter\"><a rel=\"attachment wp-att-1969\" href=\"http:\/\/www.ecurieorthezbearn.fr\/rallye\/balade-portugal-2010\/p06-11-10_12-5801-3\/\"><img loading=\"lazy\" decoding=\"async\" class=\"aligncenter size-medium wp-image-1969\" src=\"http:\/\/www.ecurieorthezbearn.fr\/rallye\/wp-content\/uploads\/2010\/11\/P06-11-10_12.58012-300x225.jpg\" alt=\"\" width=\"300\" height=\"225\" \/><\/a> <\/p>\n<dl>\n<dt><a rel=\"attachment wp-att-1913\" href=\"http:\/\/www.ecurieorthezbearn.fr\/rallye\/balade-portugal-2010\/dsc02354-3\/\"><img loading=\"lazy\" decoding=\"async\" class=\"size-full wp-image-1913\" src=\"http:\/\/www.ecurieorthezbearn.fr\/rallye\/wp-content\/uploads\/2010\/11\/DSC023542.jpg\" alt=\"des chemins souvent non pratiqu\u00e9s a perte de vue\" width=\"640\" height=\"480\" srcset=\"https:\/\/www.ecurieorthezbearn.fr\/rallye\/wp-content\/uploads\/2010\/11\/DSC023542.jpg 640w, https:\/\/www.ecurieorthezbearn.fr\/rallye\/wp-content\/uploads\/2010\/11\/DSC023542-300x225.jpg 300w\" sizes=\"(max-width: 640px) 100vw, 640px\" \/><\/a><\/dt>\n<dd>des chemins souvent non pratiqu\u00e9s \u00e0 perte de vue<\/dd>\n<\/dl>\n<\/div>\n<p><a rel=\"attachment wp-att-1964\" href=\"http:\/\/www.ecurieorthezbearn.fr\/rallye\/balade-portugal-2010\/p06-11-10_12-58-2\/\"><img loading=\"lazy\" decoding=\"async\" class=\"aligncenter size-medium wp-image-1964\" src=\"http:\/\/www.ecurieorthezbearn.fr\/rallye\/wp-content\/uploads\/2010\/11\/P06-11-10_12.581-300x225.jpg\" alt=\"\" width=\"300\" height=\"225\" \/><\/a><a rel=\"attachment wp-att-1915\" href=\"http:\/\/www.ecurieorthezbearn.fr\/rallye\/balade-portugal-2010\/dsc02363-2\/\"><img loading=\"lazy\" decoding=\"async\" class=\"aligncenter size-full wp-image-1915\" src=\"http:\/\/www.ecurieorthezbearn.fr\/rallye\/wp-content\/uploads\/2010\/11\/DSC023631.jpg\" alt=\"\" width=\"640\" height=\"480\" srcset=\"https:\/\/www.ecurieorthezbearn.fr\/rallye\/wp-content\/uploads\/2010\/11\/DSC023631.jpg 640w, https:\/\/www.ecurieorthezbearn.fr\/rallye\/wp-content\/uploads\/2010\/11\/DSC023631-300x225.jpg 300w\" sizes=\"(max-width: 640px) 100vw, 640px\" \/><\/a><\/p>\n<figure id=\"attachment_1916\" aria-describedby=\"caption-attachment-1916\" style=\"width: 640px\" class=\"wp-caption aligncenter\"><a rel=\"attachment wp-att-1916\" href=\"http:\/\/www.ecurieorthezbearn.fr\/rallye\/balade-portugal-2010\/dsc02364-2\/\"><img loading=\"lazy\" decoding=\"async\" class=\"size-full wp-image-1916\" src=\"http:\/\/www.ecurieorthezbearn.fr\/rallye\/wp-content\/uploads\/2010\/11\/DSC023641.jpg\" alt=\"nous seront les seuls visiteurs de la journn\u00e9e dans ce petit village de cinq maisons\" width=\"640\" height=\"480\" srcset=\"https:\/\/www.ecurieorthezbearn.fr\/rallye\/wp-content\/uploads\/2010\/11\/DSC023641.jpg 640w, https:\/\/www.ecurieorthezbearn.fr\/rallye\/wp-content\/uploads\/2010\/11\/DSC023641-300x225.jpg 300w\" sizes=\"(max-width: 640px) 100vw, 640px\" \/><\/a><figcaption id=\"caption-attachment-1916\" class=\"wp-caption-text\">nous seront les seuls visiteurs de la journ\u00e9e dans ce petit village de cinq maisons<\/figcaption><\/figure>\n<figure id=\"attachment_1917\" aria-describedby=\"caption-attachment-1917\" style=\"width: 640px\" class=\"wp-caption aligncenter\"><a rel=\"attachment wp-att-1917\" href=\"http:\/\/www.ecurieorthezbearn.fr\/rallye\/balade-portugal-2010\/dsc02371-2\/\"><img loading=\"lazy\" decoding=\"async\" class=\"size-full wp-image-1917\" src=\"http:\/\/www.ecurieorthezbearn.fr\/rallye\/wp-content\/uploads\/2010\/11\/DSC023711.jpg\" alt=\"philou apres le passage dans l'eau profonde d'un rio\" width=\"640\" height=\"480\" srcset=\"https:\/\/www.ecurieorthezbearn.fr\/rallye\/wp-content\/uploads\/2010\/11\/DSC023711.jpg 640w, https:\/\/www.ecurieorthezbearn.fr\/rallye\/wp-content\/uploads\/2010\/11\/DSC023711-300x225.jpg 300w\" sizes=\"(max-width: 640px) 100vw, 640px\" \/><\/a><figcaption id=\"caption-attachment-1917\" class=\"wp-caption-text\">Philou apr\u00e8s le passage dans l&#39;eau profonde d&#39;un rio<\/figcaption><\/figure>\n<figure id=\"attachment_1918\" aria-describedby=\"caption-attachment-1918\" style=\"width: 640px\" class=\"wp-caption aligncenter\"><a rel=\"attachment wp-att-1918\" href=\"http:\/\/www.ecurieorthezbearn.fr\/rallye\/balade-portugal-2010\/dsc02372-2\/\"><img loading=\"lazy\" decoding=\"async\" class=\"size-full wp-image-1918\" src=\"http:\/\/www.ecurieorthezbearn.fr\/rallye\/wp-content\/uploads\/2010\/11\/DSC023721.jpg\" alt=\"jolie les jardini\u00e8res\" width=\"640\" height=\"480\" srcset=\"https:\/\/www.ecurieorthezbearn.fr\/rallye\/wp-content\/uploads\/2010\/11\/DSC023721.jpg 640w, https:\/\/www.ecurieorthezbearn.fr\/rallye\/wp-content\/uploads\/2010\/11\/DSC023721-300x225.jpg 300w\" sizes=\"(max-width: 640px) 100vw, 640px\" \/><\/a><figcaption id=\"caption-attachment-1918\" class=\"wp-caption-text\">jolie les jardini\u00e8res<\/figcaption><\/figure>\n<p><a rel=\"attachment wp-att-1919\" href=\"http:\/\/www.ecurieorthezbearn.fr\/rallye\/balade-portugal-2010\/dsc02385-3\/\"><img loading=\"lazy\" decoding=\"async\" class=\"aligncenter size-full wp-image-1919\" src=\"http:\/\/www.ecurieorthezbearn.fr\/rallye\/wp-content\/uploads\/2010\/11\/DSC023852.jpg\" alt=\"\" width=\"640\" height=\"480\" srcset=\"https:\/\/www.ecurieorthezbearn.fr\/rallye\/wp-content\/uploads\/2010\/11\/DSC023852.jpg 640w, https:\/\/www.ecurieorthezbearn.fr\/rallye\/wp-content\/uploads\/2010\/11\/DSC023852-300x225.jpg 300w\" sizes=\"(max-width: 640px) 100vw, 640px\" \/><\/a><\/p>\n<figure id=\"attachment_1920\" aria-describedby=\"caption-attachment-1920\" style=\"width: 640px\" class=\"wp-caption aligncenter\"><a rel=\"attachment wp-att-1920\" href=\"http:\/\/www.ecurieorthezbearn.fr\/rallye\/balade-portugal-2010\/dsc02382-2\/\"><img loading=\"lazy\" decoding=\"async\" class=\"size-full wp-image-1920\" src=\"http:\/\/www.ecurieorthezbearn.fr\/rallye\/wp-content\/uploads\/2010\/11\/DSC023821.jpg\" alt=\"nous rentrons tous les soirs au village\" width=\"640\" height=\"480\" srcset=\"https:\/\/www.ecurieorthezbearn.fr\/rallye\/wp-content\/uploads\/2010\/11\/DSC023821.jpg 640w, https:\/\/www.ecurieorthezbearn.fr\/rallye\/wp-content\/uploads\/2010\/11\/DSC023821-300x225.jpg 300w\" sizes=\"(max-width: 640px) 100vw, 640px\" \/><\/a><figcaption id=\"caption-attachment-1920\" class=\"wp-caption-text\">nous rentrons tous les soirs au village<\/figcaption><\/figure>\n<figure id=\"attachment_1921\" aria-describedby=\"caption-attachment-1921\" style=\"width: 640px\" class=\"wp-caption aligncenter\"><a rel=\"attachment wp-att-1921\" href=\"http:\/\/www.ecurieorthezbearn.fr\/rallye\/balade-portugal-2010\/dsc02389-2\/\"><img loading=\"lazy\" decoding=\"async\" class=\"size-full wp-image-1921\" src=\"http:\/\/www.ecurieorthezbearn.fr\/rallye\/wp-content\/uploads\/2010\/11\/DSC023891.jpg\" alt=\"plein en carburant au maxi pour tous\" width=\"640\" height=\"480\" srcset=\"https:\/\/www.ecurieorthezbearn.fr\/rallye\/wp-content\/uploads\/2010\/11\/DSC023891.jpg 640w, https:\/\/www.ecurieorthezbearn.fr\/rallye\/wp-content\/uploads\/2010\/11\/DSC023891-300x225.jpg 300w\" sizes=\"(max-width: 640px) 100vw, 640px\" \/><\/a><figcaption id=\"caption-attachment-1921\" class=\"wp-caption-text\">plein en carburant au Maxi pour tous<\/figcaption><\/figure>\n<p><a rel=\"attachment wp-att-1922\" href=\"http:\/\/www.ecurieorthezbearn.fr\/rallye\/balade-portugal-2010\/dsc02393-2\/\"><img loading=\"lazy\" decoding=\"async\" class=\"aligncenter size-full wp-image-1922\" src=\"http:\/\/www.ecurieorthezbearn.fr\/rallye\/wp-content\/uploads\/2010\/11\/DSC023931.jpg\" alt=\"\" width=\"640\" height=\"480\" srcset=\"https:\/\/www.ecurieorthezbearn.fr\/rallye\/wp-content\/uploads\/2010\/11\/DSC023931.jpg 640w, https:\/\/www.ecurieorthezbearn.fr\/rallye\/wp-content\/uploads\/2010\/11\/DSC023931-300x225.jpg 300w\" sizes=\"(max-width: 640px) 100vw, 640px\" \/><\/a><\/p>\n<figure id=\"attachment_1923\" aria-describedby=\"caption-attachment-1923\" style=\"width: 640px\" class=\"wp-caption aligncenter\"><a rel=\"attachment wp-att-1923\" href=\"http:\/\/www.ecurieorthezbearn.fr\/rallye\/balade-portugal-2010\/dsc02395-2\/\"><img loading=\"lazy\" decoding=\"async\" class=\"size-full wp-image-1923\" src=\"http:\/\/www.ecurieorthezbearn.fr\/rallye\/wp-content\/uploads\/2010\/11\/DSC023951.jpg\" alt=\"le pay du ma\u00e7on !\" width=\"640\" height=\"480\" srcset=\"https:\/\/www.ecurieorthezbearn.fr\/rallye\/wp-content\/uploads\/2010\/11\/DSC023951.jpg 640w, https:\/\/www.ecurieorthezbearn.fr\/rallye\/wp-content\/uploads\/2010\/11\/DSC023951-300x225.jpg 300w\" sizes=\"(max-width: 640px) 100vw, 640px\" \/><\/a><figcaption id=\"caption-attachment-1923\" class=\"wp-caption-text\">le pays du ma\u00e7on !<\/figcaption><\/figure>\n<figure id=\"attachment_1924\" aria-describedby=\"caption-attachment-1924\" style=\"width: 640px\" class=\"wp-caption aligncenter\"><a rel=\"attachment wp-att-1924\" href=\"http:\/\/www.ecurieorthezbearn.fr\/rallye\/balade-portugal-2010\/dsc02397-2\/\"><img loading=\"lazy\" decoding=\"async\" class=\"size-full wp-image-1924\" src=\"http:\/\/www.ecurieorthezbearn.fr\/rallye\/wp-content\/uploads\/2010\/11\/DSC023971.jpg\" alt=\"entretien et nettoyage OBLIGATOIRE !\" width=\"640\" height=\"480\" srcset=\"https:\/\/www.ecurieorthezbearn.fr\/rallye\/wp-content\/uploads\/2010\/11\/DSC023971.jpg 640w, https:\/\/www.ecurieorthezbearn.fr\/rallye\/wp-content\/uploads\/2010\/11\/DSC023971-300x225.jpg 300w\" sizes=\"(max-width: 640px) 100vw, 640px\" \/><\/a><figcaption id=\"caption-attachment-1924\" class=\"wp-caption-text\">entretien et nettoyage OBLIGATOIRE !<\/figcaption><\/figure>\n<figure id=\"attachment_1925\" aria-describedby=\"caption-attachment-1925\" style=\"width: 640px\" class=\"wp-caption aligncenter\"><a rel=\"attachment wp-att-1925\" href=\"http:\/\/www.ecurieorthezbearn.fr\/rallye\/balade-portugal-2010\/dsc02492\/\"><img loading=\"lazy\" decoding=\"async\" class=\"size-full wp-image-1925\" src=\"http:\/\/www.ecurieorthezbearn.fr\/rallye\/wp-content\/uploads\/2010\/11\/DSC02492.jpg\" alt=\"d\u00e9montage du scrambler pour Sam,avec des probl\u00e8mes de carbu en parti r\u00e9solu\" width=\"640\" height=\"480\" srcset=\"https:\/\/www.ecurieorthezbearn.fr\/rallye\/wp-content\/uploads\/2010\/11\/DSC02492.jpg 640w, https:\/\/www.ecurieorthezbearn.fr\/rallye\/wp-content\/uploads\/2010\/11\/DSC02492-300x225.jpg 300w\" sizes=\"(max-width: 640px) 100vw, 640px\" \/><\/a><figcaption id=\"caption-attachment-1925\" class=\"wp-caption-text\">d\u00e9montage du scrambler pour Sam, avec des probl\u00e8mes de carbu en parti r\u00e9solus<\/figcaption><\/figure>\n<figure id=\"attachment_1926\" aria-describedby=\"caption-attachment-1926\" style=\"width: 640px\" class=\"wp-caption aligncenter\"><a rel=\"attachment wp-att-1926\" href=\"http:\/\/www.ecurieorthezbearn.fr\/rallye\/balade-portugal-2010\/dsc02332\/\"><img loading=\"lazy\" decoding=\"async\" class=\"size-full wp-image-1926\" src=\"http:\/\/www.ecurieorthezbearn.fr\/rallye\/wp-content\/uploads\/2010\/11\/DSC02332.jpg\" alt=\"oeufs chingarre au petit d\u00e8j. rien a midi !!!\" width=\"640\" height=\"480\" srcset=\"https:\/\/www.ecurieorthezbearn.fr\/rallye\/wp-content\/uploads\/2010\/11\/DSC02332.jpg 640w, https:\/\/www.ecurieorthezbearn.fr\/rallye\/wp-content\/uploads\/2010\/11\/DSC02332-300x225.jpg 300w\" sizes=\"(max-width: 640px) 100vw, 640px\" \/><\/a><figcaption id=\"caption-attachment-1926\" class=\"wp-caption-text\">oeufs chingarre au petit d\u00e8j.  rien \u00e0 midi !!!<\/figcaption><\/figure>\n<p><a rel=\"attachment wp-att-1927\" href=\"http:\/\/www.ecurieorthezbearn.fr\/rallye\/balade-portugal-2010\/dsc02419\/\"><img loading=\"lazy\" decoding=\"async\" class=\"aligncenter size-full wp-image-1927\" src=\"http:\/\/www.ecurieorthezbearn.fr\/rallye\/wp-content\/uploads\/2010\/11\/DSC02419.jpg\" alt=\"\" width=\"640\" height=\"480\" srcset=\"https:\/\/www.ecurieorthezbearn.fr\/rallye\/wp-content\/uploads\/2010\/11\/DSC02419.jpg 640w, https:\/\/www.ecurieorthezbearn.fr\/rallye\/wp-content\/uploads\/2010\/11\/DSC02419-300x225.jpg 300w\" sizes=\"(max-width: 640px) 100vw, 640px\" \/><\/a> <a rel=\"attachment wp-att-1929\" href=\"http:\/\/www.ecurieorthezbearn.fr\/rallye\/balade-portugal-2010\/dsc02420\/\"><img loading=\"lazy\" decoding=\"async\" class=\"aligncenter size-full wp-image-1929\" src=\"http:\/\/www.ecurieorthezbearn.fr\/rallye\/wp-content\/uploads\/2010\/11\/DSC02420.jpg\" alt=\"\" width=\"640\" height=\"480\" srcset=\"https:\/\/www.ecurieorthezbearn.fr\/rallye\/wp-content\/uploads\/2010\/11\/DSC02420.jpg 640w, https:\/\/www.ecurieorthezbearn.fr\/rallye\/wp-content\/uploads\/2010\/11\/DSC02420-300x225.jpg 300w\" sizes=\"(max-width: 640px) 100vw, 640px\" \/><\/a><\/p>\n<p><a rel=\"attachment wp-att-1930\" href=\"http:\/\/www.ecurieorthezbearn.fr\/rallye\/balade-portugal-2010\/dsc02424\/\"><img loading=\"lazy\" decoding=\"async\" class=\"aligncenter size-full wp-image-1930\" src=\"http:\/\/www.ecurieorthezbearn.fr\/rallye\/wp-content\/uploads\/2010\/11\/DSC02424.jpg\" alt=\"\" width=\"640\" height=\"480\" srcset=\"https:\/\/www.ecurieorthezbearn.fr\/rallye\/wp-content\/uploads\/2010\/11\/DSC02424.jpg 640w, https:\/\/www.ecurieorthezbearn.fr\/rallye\/wp-content\/uploads\/2010\/11\/DSC02424-300x225.jpg 300w\" sizes=\"(max-width: 640px) 100vw, 640px\" \/><\/a><\/p>\n<p><a rel=\"attachment wp-att-1930\" href=\"http:\/\/www.ecurieorthezbearn.fr\/rallye\/balade-portugal-2010\/dsc02424\/\"><\/a><a rel=\"attachment wp-att-1931\" href=\"http:\/\/www.ecurieorthezbearn.fr\/rallye\/balade-portugal-2010\/dsc02427\/\"><img loading=\"lazy\" decoding=\"async\" class=\"aligncenter size-full wp-image-1931\" src=\"http:\/\/www.ecurieorthezbearn.fr\/rallye\/wp-content\/uploads\/2010\/11\/DSC02427.jpg\" alt=\"\" width=\"640\" height=\"480\" srcset=\"https:\/\/www.ecurieorthezbearn.fr\/rallye\/wp-content\/uploads\/2010\/11\/DSC02427.jpg 640w, https:\/\/www.ecurieorthezbearn.fr\/rallye\/wp-content\/uploads\/2010\/11\/DSC02427-300x225.jpg 300w\" sizes=\"(max-width: 640px) 100vw, 640px\" \/><\/a><\/p>\n<figure id=\"attachment_1932\" aria-describedby=\"caption-attachment-1932\" style=\"width: 640px\" class=\"wp-caption aligncenter\"><a rel=\"attachment wp-att-1932\" href=\"http:\/\/www.ecurieorthezbearn.fr\/rallye\/balade-portugal-2010\/dsc02457\/\"><img loading=\"lazy\" decoding=\"async\" class=\"size-full wp-image-1932\" src=\"http:\/\/www.ecurieorthezbearn.fr\/rallye\/wp-content\/uploads\/2010\/11\/DSC02457.jpg\" alt=\"cette vall\u00e9e sera innond\u00e9e par un barrage hydro\u00e9lectrique\" width=\"640\" height=\"480\" srcset=\"https:\/\/www.ecurieorthezbearn.fr\/rallye\/wp-content\/uploads\/2010\/11\/DSC02457.jpg 640w, https:\/\/www.ecurieorthezbearn.fr\/rallye\/wp-content\/uploads\/2010\/11\/DSC02457-300x225.jpg 300w\" sizes=\"(max-width: 640px) 100vw, 640px\" \/><\/a><figcaption id=\"caption-attachment-1932\" class=\"wp-caption-text\">cette vall\u00e9e sera inond\u00e9e par un barrage hydro\u00e9lectrique<\/figcaption><\/figure>\n<p><a rel=\"attachment wp-att-1933\" href=\"http:\/\/www.ecurieorthezbearn.fr\/rallye\/balade-portugal-2010\/dsc02459\/\"><img loading=\"lazy\" decoding=\"async\" class=\"aligncenter size-full wp-image-1933\" src=\"http:\/\/www.ecurieorthezbearn.fr\/rallye\/wp-content\/uploads\/2010\/11\/DSC02459.jpg\" alt=\"\" width=\"640\" height=\"480\" srcset=\"https:\/\/www.ecurieorthezbearn.fr\/rallye\/wp-content\/uploads\/2010\/11\/DSC02459.jpg 640w, https:\/\/www.ecurieorthezbearn.fr\/rallye\/wp-content\/uploads\/2010\/11\/DSC02459-300x225.jpg 300w\" sizes=\"(max-width: 640px) 100vw, 640px\" \/><\/a><\/p>\n<p>Nous trouvons chez Rui un cuisinier hors pair , produit locaux sont au menu sans oublier les boissons \u00e9galement locales . Une soir\u00e9e superbe ou bonne humeur et convivialit\u00e9 portugaises nous donnent envie de revenir .<\/p>\n<figure id=\"attachment_1934\" aria-describedby=\"caption-attachment-1934\" style=\"width: 640px\" class=\"wp-caption aligncenter\"><a rel=\"attachment wp-att-1934\" href=\"http:\/\/www.ecurieorthezbearn.fr\/rallye\/balade-portugal-2010\/dsc02502\/\"><img loading=\"lazy\" decoding=\"async\" class=\"size-full wp-image-1934\" src=\"http:\/\/www.ecurieorthezbearn.fr\/rallye\/wp-content\/uploads\/2010\/11\/DSC02502.jpg\" alt=\"barbecue au sarment de vigne\" width=\"640\" height=\"480\" srcset=\"https:\/\/www.ecurieorthezbearn.fr\/rallye\/wp-content\/uploads\/2010\/11\/DSC02502.jpg 640w, https:\/\/www.ecurieorthezbearn.fr\/rallye\/wp-content\/uploads\/2010\/11\/DSC02502-300x225.jpg 300w\" sizes=\"(max-width: 640px) 100vw, 640px\" \/><\/a><figcaption id=\"caption-attachment-1934\" class=\"wp-caption-text\">barbecue au sarment de vigne<\/figcaption><\/figure>\n<p><a rel=\"attachment wp-att-1935\" href=\"http:\/\/www.ecurieorthezbearn.fr\/rallye\/balade-portugal-2010\/dsc02558\/\"><img loading=\"lazy\" decoding=\"async\" class=\"aligncenter size-full wp-image-1935\" src=\"http:\/\/www.ecurieorthezbearn.fr\/rallye\/wp-content\/uploads\/2010\/11\/DSC02558.jpg\" alt=\"\" width=\"640\" height=\"480\" srcset=\"https:\/\/www.ecurieorthezbearn.fr\/rallye\/wp-content\/uploads\/2010\/11\/DSC02558.jpg 640w, https:\/\/www.ecurieorthezbearn.fr\/rallye\/wp-content\/uploads\/2010\/11\/DSC02558-300x225.jpg 300w\" sizes=\"(max-width: 640px) 100vw, 640px\" \/><\/a><\/p>\n<figure id=\"attachment_1937\" aria-describedby=\"caption-attachment-1937\" style=\"width: 640px\" class=\"wp-caption aligncenter\"><a rel=\"attachment wp-att-1937\" href=\"http:\/\/www.ecurieorthezbearn.fr\/rallye\/balade-portugal-2010\/dsc02561\/\"><img loading=\"lazy\" decoding=\"async\" class=\"size-full wp-image-1937\" src=\"http:\/\/www.ecurieorthezbearn.fr\/rallye\/wp-content\/uploads\/2010\/11\/DSC02561.jpg\" alt=\"un petit effort Jean -Mi !!!\" width=\"640\" height=\"480\" srcset=\"https:\/\/www.ecurieorthezbearn.fr\/rallye\/wp-content\/uploads\/2010\/11\/DSC02561.jpg 640w, https:\/\/www.ecurieorthezbearn.fr\/rallye\/wp-content\/uploads\/2010\/11\/DSC02561-300x225.jpg 300w\" sizes=\"(max-width: 640px) 100vw, 640px\" \/><\/a><figcaption id=\"caption-attachment-1937\" class=\"wp-caption-text\">un petit effort Jean -Mi !!!<\/figcaption><\/figure>\n<p><a rel=\"attachment wp-att-1939\" href=\"http:\/\/www.ecurieorthezbearn.fr\/rallye\/balade-portugal-2010\/dsc02438\/\"><img loading=\"lazy\" decoding=\"async\" class=\"aligncenter size-full wp-image-1939\" src=\"http:\/\/www.ecurieorthezbearn.fr\/rallye\/wp-content\/uploads\/2010\/11\/DSC02438.jpg\" alt=\"\" width=\"640\" height=\"480\" srcset=\"https:\/\/www.ecurieorthezbearn.fr\/rallye\/wp-content\/uploads\/2010\/11\/DSC02438.jpg 640w, https:\/\/www.ecurieorthezbearn.fr\/rallye\/wp-content\/uploads\/2010\/11\/DSC02438-300x225.jpg 300w\" sizes=\"(max-width: 640px) 100vw, 640px\" \/><\/a><\/p>\n<p><a rel=\"attachment wp-att-1939\" href=\"http:\/\/www.ecurieorthezbearn.fr\/rallye\/balade-portugal-2010\/dsc02438\/\"><\/a><a rel=\"attachment wp-att-1940\" href=\"http:\/\/www.ecurieorthezbearn.fr\/rallye\/balade-portugal-2010\/dsc02465\/\"><img loading=\"lazy\" decoding=\"async\" class=\"aligncenter size-full wp-image-1940\" src=\"http:\/\/www.ecurieorthezbearn.fr\/rallye\/wp-content\/uploads\/2010\/11\/DSC02465.jpg\" alt=\"\" width=\"640\" height=\"480\" srcset=\"https:\/\/www.ecurieorthezbearn.fr\/rallye\/wp-content\/uploads\/2010\/11\/DSC02465.jpg 640w, https:\/\/www.ecurieorthezbearn.fr\/rallye\/wp-content\/uploads\/2010\/11\/DSC02465-300x225.jpg 300w\" sizes=\"(max-width: 640px) 100vw, 640px\" \/><\/a><\/p>\n<p><a rel=\"attachment wp-att-1943\" href=\"http:\/\/www.ecurieorthezbearn.fr\/rallye\/balade-portugal-2010\/dsc02460-2\/\"><img loading=\"lazy\" decoding=\"async\" class=\"aligncenter size-full wp-image-1943\" src=\"http:\/\/www.ecurieorthezbearn.fr\/rallye\/wp-content\/uploads\/2010\/11\/DSC024601.jpg\" alt=\"\" width=\"640\" height=\"480\" srcset=\"https:\/\/www.ecurieorthezbearn.fr\/rallye\/wp-content\/uploads\/2010\/11\/DSC024601.jpg 640w, https:\/\/www.ecurieorthezbearn.fr\/rallye\/wp-content\/uploads\/2010\/11\/DSC024601-300x225.jpg 300w\" sizes=\"(max-width: 640px) 100vw, 640px\" \/><\/a><\/p>\n<figure id=\"attachment_1944\" aria-describedby=\"caption-attachment-1944\" style=\"width: 640px\" class=\"wp-caption aligncenter\"><a rel=\"attachment wp-att-1944\" href=\"http:\/\/www.ecurieorthezbearn.fr\/rallye\/balade-portugal-2010\/dsc02471\/\"><img loading=\"lazy\" decoding=\"async\" class=\"size-full wp-image-1944\" src=\"http:\/\/www.ecurieorthezbearn.fr\/rallye\/wp-content\/uploads\/2010\/11\/DSC02471.jpg\" alt=\"visite d'une petite chapelle tr\u00e8s haut perch\u00e9e\" width=\"640\" height=\"480\" srcset=\"https:\/\/www.ecurieorthezbearn.fr\/rallye\/wp-content\/uploads\/2010\/11\/DSC02471.jpg 640w, https:\/\/www.ecurieorthezbearn.fr\/rallye\/wp-content\/uploads\/2010\/11\/DSC02471-300x225.jpg 300w\" sizes=\"(max-width: 640px) 100vw, 640px\" \/><\/a><figcaption id=\"caption-attachment-1944\" class=\"wp-caption-text\">visite d&#39;une petite chapelle tr\u00e8s haut perch\u00e9e<\/figcaption><\/figure>\n<p><a rel=\"attachment wp-att-1945\" href=\"http:\/\/www.ecurieorthezbearn.fr\/rallye\/balade-portugal-2010\/dsc02429\/\"><img loading=\"lazy\" decoding=\"async\" class=\"aligncenter size-full wp-image-1945\" src=\"http:\/\/www.ecurieorthezbearn.fr\/rallye\/wp-content\/uploads\/2010\/11\/DSC02429.jpg\" alt=\"\" width=\"640\" height=\"480\" srcset=\"https:\/\/www.ecurieorthezbearn.fr\/rallye\/wp-content\/uploads\/2010\/11\/DSC02429.jpg 640w, https:\/\/www.ecurieorthezbearn.fr\/rallye\/wp-content\/uploads\/2010\/11\/DSC02429-300x225.jpg 300w\" sizes=\"(max-width: 640px) 100vw, 640px\" \/><\/a><\/p>\n<figure id=\"attachment_1946\" aria-describedby=\"caption-attachment-1946\" style=\"width: 640px\" class=\"wp-caption aligncenter\"><a rel=\"attachment wp-att-1946\" href=\"http:\/\/www.ecurieorthezbearn.fr\/rallye\/balade-portugal-2010\/dsc02547\/\"><img loading=\"lazy\" decoding=\"async\" class=\"size-full wp-image-1946\" src=\"http:\/\/www.ecurieorthezbearn.fr\/rallye\/wp-content\/uploads\/2010\/11\/DSC02547.jpg\" alt=\"la vue du village de laurent souvre a nous ,magnifique...\" width=\"640\" height=\"480\" srcset=\"https:\/\/www.ecurieorthezbearn.fr\/rallye\/wp-content\/uploads\/2010\/11\/DSC02547.jpg 640w, https:\/\/www.ecurieorthezbearn.fr\/rallye\/wp-content\/uploads\/2010\/11\/DSC02547-300x225.jpg 300w\" sizes=\"(max-width: 640px) 100vw, 640px\" \/><\/a><figcaption id=\"caption-attachment-1946\" class=\"wp-caption-text\">la vue du village de Laurent s&#39;ouvre \u00e0 nous , magnifique...<\/figcaption><\/figure>\n<p><a rel=\"attachment wp-att-1947\" href=\"http:\/\/www.ecurieorthezbearn.fr\/rallye\/balade-portugal-2010\/dsc02546\/\"><img loading=\"lazy\" decoding=\"async\" class=\"aligncenter size-full wp-image-1947\" src=\"http:\/\/www.ecurieorthezbearn.fr\/rallye\/wp-content\/uploads\/2010\/11\/DSC02546.jpg\" alt=\"\" width=\"640\" height=\"480\" srcset=\"https:\/\/www.ecurieorthezbearn.fr\/rallye\/wp-content\/uploads\/2010\/11\/DSC02546.jpg 640w, https:\/\/www.ecurieorthezbearn.fr\/rallye\/wp-content\/uploads\/2010\/11\/DSC02546-300x225.jpg 300w\" sizes=\"(max-width: 640px) 100vw, 640px\" \/><\/a><\/p>\n<p><a rel=\"attachment wp-att-1947\" href=\"http:\/\/www.ecurieorthezbearn.fr\/rallye\/balade-portugal-2010\/dsc02546\/\"><\/a><a rel=\"attachment wp-att-1948\" href=\"http:\/\/www.ecurieorthezbearn.fr\/rallye\/balade-portugal-2010\/dsc02487\/\"><img loading=\"lazy\" decoding=\"async\" class=\"aligncenter size-full wp-image-1948\" src=\"http:\/\/www.ecurieorthezbearn.fr\/rallye\/wp-content\/uploads\/2010\/11\/DSC02487.jpg\" alt=\"\" width=\"480\" height=\"640\" srcset=\"https:\/\/www.ecurieorthezbearn.fr\/rallye\/wp-content\/uploads\/2010\/11\/DSC02487.jpg 480w, https:\/\/www.ecurieorthezbearn.fr\/rallye\/wp-content\/uploads\/2010\/11\/DSC02487-225x300.jpg 225w\" sizes=\"(max-width: 480px) 100vw, 480px\" \/><\/a><\/p>\n<figure id=\"attachment_1949\" aria-describedby=\"caption-attachment-1949\" style=\"width: 640px\" class=\"wp-caption aligncenter\"><a rel=\"attachment wp-att-1949\" href=\"http:\/\/www.ecurieorthezbearn.fr\/rallye\/balade-portugal-2010\/dsc02529\/\"><img loading=\"lazy\" decoding=\"async\" class=\"size-full wp-image-1949\" src=\"http:\/\/www.ecurieorthezbearn.fr\/rallye\/wp-content\/uploads\/2010\/11\/DSC02529.jpg\" alt=\"travers\u00e9e d'un gaie\" width=\"640\" height=\"480\" srcset=\"https:\/\/www.ecurieorthezbearn.fr\/rallye\/wp-content\/uploads\/2010\/11\/DSC02529.jpg 640w, https:\/\/www.ecurieorthezbearn.fr\/rallye\/wp-content\/uploads\/2010\/11\/DSC02529-300x225.jpg 300w\" sizes=\"(max-width: 640px) 100vw, 640px\" \/><\/a><figcaption id=\"caption-attachment-1949\" class=\"wp-caption-text\">travers\u00e9e d&#39;un gu\u00e9<\/figcaption><\/figure>\n<p><a rel=\"attachment wp-att-1950\" href=\"http:\/\/www.ecurieorthezbearn.fr\/rallye\/balade-portugal-2010\/dsc02535\/\"><img loading=\"lazy\" decoding=\"async\" class=\"aligncenter size-full wp-image-1950\" src=\"http:\/\/www.ecurieorthezbearn.fr\/rallye\/wp-content\/uploads\/2010\/11\/DSC02535.jpg\" alt=\"\" width=\"640\" height=\"480\" srcset=\"https:\/\/www.ecurieorthezbearn.fr\/rallye\/wp-content\/uploads\/2010\/11\/DSC02535.jpg 640w, https:\/\/www.ecurieorthezbearn.fr\/rallye\/wp-content\/uploads\/2010\/11\/DSC02535-300x225.jpg 300w\" sizes=\"(max-width: 640px) 100vw, 640px\" \/><\/a><\/p>\n<p><a rel=\"attachment wp-att-1950\" href=\"http:\/\/www.ecurieorthezbearn.fr\/rallye\/balade-portugal-2010\/dsc02535\/\"><\/a><a rel=\"attachment wp-att-1951\" href=\"http:\/\/www.ecurieorthezbearn.fr\/rallye\/balade-portugal-2010\/dsc02533\/\"><img loading=\"lazy\" decoding=\"async\" class=\"aligncenter size-full wp-image-1951\" src=\"http:\/\/www.ecurieorthezbearn.fr\/rallye\/wp-content\/uploads\/2010\/11\/DSC02533.jpg\" alt=\"\" width=\"640\" height=\"480\" srcset=\"https:\/\/www.ecurieorthezbearn.fr\/rallye\/wp-content\/uploads\/2010\/11\/DSC02533.jpg 640w, https:\/\/www.ecurieorthezbearn.fr\/rallye\/wp-content\/uploads\/2010\/11\/DSC02533-300x225.jpg 300w\" sizes=\"(max-width: 640px) 100vw, 640px\" \/><\/a><\/p>\n<figure id=\"attachment_1952\" aria-describedby=\"caption-attachment-1952\" style=\"width: 640px\" class=\"wp-caption aligncenter\"><a rel=\"attachment wp-att-1952\" href=\"http:\/\/www.ecurieorthezbearn.fr\/rallye\/balade-portugal-2010\/dsc02565-2\/\"><img loading=\"lazy\" decoding=\"async\" class=\"size-full wp-image-1952\" src=\"http:\/\/www.ecurieorthezbearn.fr\/rallye\/wp-content\/uploads\/2010\/11\/DSC025651.jpg\" alt=\"cette fontaine sera noy\u00e9e par les eaux ,dommage\" width=\"640\" height=\"480\" srcset=\"https:\/\/www.ecurieorthezbearn.fr\/rallye\/wp-content\/uploads\/2010\/11\/DSC025651.jpg 640w, https:\/\/www.ecurieorthezbearn.fr\/rallye\/wp-content\/uploads\/2010\/11\/DSC025651-300x225.jpg 300w\" sizes=\"(max-width: 640px) 100vw, 640px\" \/><\/a><figcaption id=\"caption-attachment-1952\" class=\"wp-caption-text\">cette fontaine sera noy\u00e9e par les eaux , dommage<\/figcaption><\/figure>\n<p>Demain est d\u00e9j\u00e0 la fin de notre balade ,un s\u00e9jour superbe. Laurent notre guide et Jean -Mi aid\u00e9 de son GPS nous ont gat\u00e9 . Peut-\u00eatre reviendrons nous ? Je n&rsquo;en doute pas. Nous repartons au lever du jour et se sera l&rsquo;attraction de ce petit village calme avant le ramassage des olives. Un grand merci \u00e0\u00a0 HC et BC pour le pr\u00eat des remorques.<\/p>\n<p><a rel=\"attachment wp-att-1953\" href=\"http:\/\/www.ecurieorthezbearn.fr\/rallye\/balade-portugal-2010\/dsc02581\/\"><img loading=\"lazy\" decoding=\"async\" class=\"aligncenter size-full wp-image-1953\" src=\"http:\/\/www.ecurieorthezbearn.fr\/rallye\/wp-content\/uploads\/2010\/11\/DSC02581.jpg\" alt=\"\" width=\"640\" height=\"480\" srcset=\"https:\/\/www.ecurieorthezbearn.fr\/rallye\/wp-content\/uploads\/2010\/11\/DSC02581.jpg 640w, https:\/\/www.ecurieorthezbearn.fr\/rallye\/wp-content\/uploads\/2010\/11\/DSC02581-300x225.jpg 300w\" sizes=\"(max-width: 640px) 100vw, 640px\" \/><\/a><\/p>\n","protected":false},"excerpt":{"rendered":"<p>Balade au Portugal, le 05\/11\/2010 Pour la deuxi\u00e8me ann\u00e9e cons\u00e9cutive, Laurent nous invite dans sa r\u00e9gion natale, situ\u00e9e au Nord Est du Portugal, plus pr\u00e9cis\u00e9ment autour de Mogaduro ,\u00a0\u00a0Alfandega, Castro-Vicente . Une r\u00e9gion agricole o\u00f9 les oliviers dominent l&rsquo;ensemble du territoire. Une r\u00e9gion propice \u00e0 la balade en quad\u00a0, aride et verte \u00e0 la fois &hellip; <a href=\"https:\/\/www.ecurieorthezbearn.fr\/rallye\/balade-portugal-2010\/\" class=\"more-link\">Continuer la lecture de <span class=\"screen-reader-text\">Balade quad Portugal<\/span>  <span class=\"meta-nav\">&rarr;<\/span><\/a><\/p>\n","protected":false},"author":4,"featured_media":0,"comment_status":"closed","ping_status":"closed","sticky":false,"template":"","format":"standard","meta":{"footnotes":""},"categories":[119,39],"tags":[113,47,37],"_links":{"self":[{"href":"https:\/\/www.ecurieorthezbearn.fr\/rallye\/wp-json\/wp\/v2\/posts\/1827"}],"collection":[{"href":"https:\/\/www.ecurieorthezbearn.fr\/rallye\/wp-json\/wp\/v2\/posts"}],"about":[{"href":"https:\/\/www.ecurieorthezbearn.fr\/rallye\/wp-json\/wp\/v2\/types\/post"}],"author":[{"embeddable":true,"href":"https:\/\/www.ecurieorthezbearn.fr\/rallye\/wp-json\/wp\/v2\/users\/4"}],"replies":[{"embeddable":true,"href":"https:\/\/www.ecurieorthezbearn.fr\/rallye\/wp-json\/wp\/v2\/comments?post=1827"}],"version-history":[{"count":24,"href":"https:\/\/www.ecurieorthezbearn.fr\/rallye\/wp-json\/wp\/v2\/posts\/1827\/revisions"}],"predecessor-version":[{"id":2012,"href":"https:\/\/www.ecurieorthezbearn.fr\/rallye\/wp-json\/wp\/v2\/posts\/1827\/revisions\/2012"}],"wp:attachment":[{"href":"https:\/\/www.ecurieorthezbearn.fr\/rallye\/wp-json\/wp\/v2\/media?parent=1827"}],"wp:term":[{"taxonomy":"category","embeddable":true,"href":"https:\/\/www.ecurieorthezbearn.fr\/rallye\/wp-json\/wp\/v2\/categories?post=1827"},{"taxonomy":"post_tag","embeddable":true,"href":"https:\/\/www.ecurieorthezbearn.fr\/rallye\/wp-json\/wp\/v2\/tags?post=1827"}],"curies":[{"name":"wp","href":"https:\/\/api.w.org\/{rel}","templated":true}]}}