{"id":1832,"date":"2010-11-14T18:45:34","date_gmt":"2010-11-14T17:45:34","guid":{"rendered":"http:\/\/www.ecurieorthezbearn.fr\/rallye\/?p=1832"},"modified":"2010-11-27T09:47:07","modified_gmt":"2010-11-27T08:47:07","slug":"refection-aubin-2010","status":"publish","type":"post","link":"https:\/\/www.ecurieorthezbearn.fr\/rallye\/refection-aubin-2010\/","title":{"rendered":"R\u00e9fection Aubin 2010"},"content":{"rendered":"<p style=\"text-align: left\">Temps id\u00e9al pour\u00a0l&rsquo; ultime remise en \u00e9tat de cette sp\u00e9ciale appr\u00e9ci\u00e9e de tous lors de l&rsquo;\u00e9dition 2010. Vite apr\u00e8s le rallye, une \u00e9quipe avait ramass\u00e9 les cailloux \u00e9parpill\u00e9s et un coup de lame avait \u00e9t\u00e9 pass\u00e9 sur les chemins de AUBIN. Nous voil\u00e0 en Novembre, les ma\u00efs sont ramass\u00e9s, la chasse quasiment termin\u00e9e, nous pouvons terminer la remise en \u00e9tat de ce secteur. Deux semis de gravier sont achemin\u00e9s sur place ( merci aux entreprises BARRUE et EIFFAGE ), chez l&rsquo;ami Jean-Marc<img loading=\"lazy\" decoding=\"async\" class=\"aligncenter size-medium wp-image-1840\" src=\"http:\/\/www.ecurieorthezbearn.fr\/rallye\/wp-content\/uploads\/2010\/11\/refection_Aubin_2010_019-300x200.jpg\" alt=\"\" width=\"300\" height=\"200\" \/><\/p>\n<p>Merci \u00e0 Titi BARRUE\u00a0qui nous apporte la mati\u00e8re premi\u00e8re<img loading=\"lazy\" decoding=\"async\" class=\"aligncenter size-medium wp-image-1833\" src=\"http:\/\/www.ecurieorthezbearn.fr\/rallye\/wp-content\/uploads\/2010\/11\/refection_Aubin_2010_020-300x200.jpg\" alt=\"\" width=\"300\" height=\"200\" \/><\/p>\n<p>\u00e7a y est le gravier est \u00e0 terre, y a plus qu&rsquo;a&#8230;<img loading=\"lazy\" decoding=\"async\" class=\"aligncenter size-medium wp-image-1834\" src=\"http:\/\/www.ecurieorthezbearn.fr\/rallye\/wp-content\/uploads\/2010\/11\/refection_Aubin_2010_021-300x200.jpg\" alt=\"\" width=\"300\" height=\"200\" \/><\/p>\n<p>Merci \u00e0 FLEXILOC qui nous a pr\u00eat\u00e9 un camion benne et un compacteur.<img loading=\"lazy\" decoding=\"async\" class=\"aligncenter size-medium wp-image-1835\" src=\"http:\/\/www.ecurieorthezbearn.fr\/rallye\/wp-content\/uploads\/2010\/11\/refection_Aubin_2010_022-300x200.jpg\" alt=\"\" width=\"300\" height=\"200\" \/><\/p>\n<p>C&rsquo;est notre pr\u00e9si qui s&rsquo;y colle&#8230;<\/p>\n<p><img loading=\"lazy\" decoding=\"async\" class=\"aligncenter size-medium wp-image-1836\" src=\"http:\/\/www.ecurieorthezbearn.fr\/rallye\/wp-content\/uploads\/2010\/11\/refection_Aubin_2010_023-300x200.jpg\" alt=\"\" width=\"300\" height=\"200\" \/><\/p>\n<p>on d\u00e9charge,<img loading=\"lazy\" decoding=\"async\" class=\"aligncenter size-medium wp-image-1841\" src=\"http:\/\/www.ecurieorthezbearn.fr\/rallye\/wp-content\/uploads\/2010\/11\/refection_Aubin_2010_024-300x200.jpg\" alt=\"\" width=\"300\" height=\"200\" \/>pr\u00eat pour aller taquiner le scratch?<\/p>\n<p><img loading=\"lazy\" decoding=\"async\" class=\"aligncenter size-medium wp-image-1842\" src=\"http:\/\/www.ecurieorthezbearn.fr\/rallye\/wp-content\/uploads\/2010\/11\/refection_Aubin_2010_025-300x200.jpg\" alt=\"\" width=\"300\" height=\"200\" \/>Denis CABE nous a lui aussi pr\u00eat\u00e9 un camion benne (un grand merci pour tout ce qu&rsquo;ils font pour le club), la premi\u00e8re \u00e9quipe d\u00e9marre,<img loading=\"lazy\" decoding=\"async\" class=\"aligncenter size-medium wp-image-1843\" src=\"http:\/\/www.ecurieorthezbearn.fr\/rallye\/wp-content\/uploads\/2010\/11\/refection_Aubin_2010_026-300x200.jpg\" alt=\"\" width=\"300\" height=\"200\" \/>pendant ce temps, Jean-Marc charge le deuxi\u00e8me plateau,<img loading=\"lazy\" decoding=\"async\" class=\"aligncenter size-medium wp-image-1844\" src=\"http:\/\/www.ecurieorthezbearn.fr\/rallye\/wp-content\/uploads\/2010\/11\/refection_Aubin_2010_027-300x200.jpg\" alt=\"\" width=\"300\" height=\"200\" \/>c&rsquo;est un poil plus rapide qu&rsquo;\u00e0 la pelle&#8230;<img loading=\"lazy\" decoding=\"async\" class=\"aligncenter size-medium wp-image-1845\" src=\"http:\/\/www.ecurieorthezbearn.fr\/rallye\/wp-content\/uploads\/2010\/11\/refection_Aubin_2010_028-300x200.jpg\" alt=\"\" width=\"300\" height=\"200\" \/><\/p>\n<p>voil\u00e0, c&rsquo;est presque plein,<img loading=\"lazy\" decoding=\"async\" class=\"aligncenter size-medium wp-image-1846\" src=\"http:\/\/www.ecurieorthezbearn.fr\/rallye\/wp-content\/uploads\/2010\/11\/refection_Aubin_2010_029-300x200.jpg\" alt=\"\" width=\"300\" height=\"200\" \/>enfin sur le chantier, bien que l&rsquo;\u00e9tat du chemin soit\u00a0tr\u00e8s acceptable<img loading=\"lazy\" decoding=\"async\" class=\"aligncenter size-medium wp-image-1847\" src=\"http:\/\/www.ecurieorthezbearn.fr\/rallye\/wp-content\/uploads\/2010\/11\/refection_Aubin_2010_030-300x200.jpg\" alt=\"\" width=\"300\" height=\"200\" \/><\/p>\n<p>nous ne rechignons pas \u00e0 reboucher les nids de poule,<img loading=\"lazy\" decoding=\"async\" class=\"aligncenter size-medium wp-image-1848\" src=\"http:\/\/www.ecurieorthezbearn.fr\/rallye\/wp-content\/uploads\/2010\/11\/refection_Aubin_2010_031-300x200.jpg\" alt=\"\" width=\"300\" height=\"200\" \/><\/p>\n<p>notre doyen de la journ\u00e9e dans ses oeuvres, j&rsquo;ai nomm\u00e9 Jeannot,<img loading=\"lazy\" decoding=\"async\" class=\"aligncenter size-medium wp-image-1849\" src=\"http:\/\/www.ecurieorthezbearn.fr\/rallye\/wp-content\/uploads\/2010\/11\/refection_Aubin_2010_032-200x300.jpg\" alt=\"\" width=\"200\" height=\"300\" srcset=\"https:\/\/www.ecurieorthezbearn.fr\/rallye\/wp-content\/uploads\/2010\/11\/refection_Aubin_2010_032-200x300.jpg 200w, https:\/\/www.ecurieorthezbearn.fr\/rallye\/wp-content\/uploads\/2010\/11\/refection_Aubin_2010_032.jpg 1728w\" sizes=\"(max-width: 200px) 100vw, 200px\" \/><\/p>\n<p>Michel a piti\u00e9 du \u00ab\u00a0vieux\u00a0\u00bb, alors il prend les armes&#8230;<\/p>\n<p><img loading=\"lazy\" decoding=\"async\" class=\"aligncenter size-medium wp-image-1850\" src=\"http:\/\/www.ecurieorthezbearn.fr\/rallye\/wp-content\/uploads\/2010\/11\/refection_Aubin_2010_033-200x300.jpg\" alt=\"\" width=\"200\" height=\"300\" srcset=\"https:\/\/www.ecurieorthezbearn.fr\/rallye\/wp-content\/uploads\/2010\/11\/refection_Aubin_2010_033-200x300.jpg 200w, https:\/\/www.ecurieorthezbearn.fr\/rallye\/wp-content\/uploads\/2010\/11\/refection_Aubin_2010_033.jpg 1728w\" sizes=\"(max-width: 200px) 100vw, 200px\" \/><\/p>\n<p>tr\u00e8s vite de plus \u00ab\u00a0jeunes\u00a0\u00bb arrivent \u00e0 la rescousse.<img loading=\"lazy\" decoding=\"async\" class=\"aligncenter size-medium wp-image-1851\" src=\"http:\/\/www.ecurieorthezbearn.fr\/rallye\/wp-content\/uploads\/2010\/11\/refection_Aubin_2010_034-300x200.jpg\" alt=\"\" width=\"300\" height=\"200\" \/>Jacques a pens\u00e9 \u00e0 la \u00ab\u00a0mati\u00e8re seconde\u00a0\u00bb et&#8230;<img loading=\"lazy\" decoding=\"async\" class=\"aligncenter size-medium wp-image-1852\" src=\"http:\/\/www.ecurieorthezbearn.fr\/rallye\/wp-content\/uploads\/2010\/11\/refection_Aubin_2010_035-300x200.jpg\" alt=\"\" width=\"300\" height=\"200\" \/>&#8230;pause casse cro\u00fbte chez l&rsquo;ami Jean-Marc,<img loading=\"lazy\" decoding=\"async\" class=\"aligncenter size-medium wp-image-1853\" src=\"http:\/\/www.ecurieorthezbearn.fr\/rallye\/wp-content\/uploads\/2010\/11\/refection_Aubin_2010_036-300x200.jpg\" alt=\"\" width=\"300\" height=\"200\" \/>c&rsquo;est reparti pour un tour,<img loading=\"lazy\" decoding=\"async\" class=\"aligncenter size-medium wp-image-1854\" src=\"http:\/\/www.ecurieorthezbearn.fr\/rallye\/wp-content\/uploads\/2010\/11\/refection_Aubin_2010_038-300x200.jpg\" alt=\"\" width=\"300\" height=\"200\" \/>certains \u00e9talent&#8230;<img loading=\"lazy\" decoding=\"async\" class=\"aligncenter size-medium wp-image-1855\" src=\"http:\/\/www.ecurieorthezbearn.fr\/rallye\/wp-content\/uploads\/2010\/11\/refection_Aubin_2010_039-300x200.jpg\" alt=\"\" width=\"300\" height=\"200\" \/>Jacques compacte..<img loading=\"lazy\" decoding=\"async\" class=\"aligncenter size-medium wp-image-1856\" src=\"http:\/\/www.ecurieorthezbearn.fr\/rallye\/wp-content\/uploads\/2010\/11\/refection_Aubin_2010_040-300x200.jpg\" alt=\"\" width=\"300\" height=\"200\" \/><\/p>\n<p>..et voil\u00e0 comment redeviennent les virages les plus abim\u00e9s.<\/p>\n<p><img loading=\"lazy\" decoding=\"async\" class=\"aligncenter size-medium wp-image-1857\" src=\"http:\/\/www.ecurieorthezbearn.fr\/rallye\/wp-content\/uploads\/2010\/11\/refection_Aubin_2010_041-300x200.jpg\" alt=\"\" width=\"300\" height=\"200\" \/><\/p>\n<p>M\u00eame si les images ne le montrent pas, ce n&rsquo;est qu&rsquo;\u00e0 la nuit tomb\u00e9e que nous en finirons. STOOOP! Jacques, sinon on va nous prendre pour une entreprise de TP !!!<\/p>\n","protected":false},"excerpt":{"rendered":"<p>Temps id\u00e9al pour\u00a0l&rsquo; ultime remise en \u00e9tat de cette sp\u00e9ciale appr\u00e9ci\u00e9e de tous lors de l&rsquo;\u00e9dition 2010. Vite apr\u00e8s le rallye, une \u00e9quipe avait ramass\u00e9 les cailloux \u00e9parpill\u00e9s et un coup de lame avait \u00e9t\u00e9 pass\u00e9 sur les chemins de AUBIN. Nous voil\u00e0 en Novembre, les ma\u00efs sont ramass\u00e9s, la chasse quasiment termin\u00e9e, nous pouvons &hellip; <a href=\"https:\/\/www.ecurieorthezbearn.fr\/rallye\/refection-aubin-2010\/\" class=\"more-link\">Continuer la lecture de <span class=\"screen-reader-text\">R\u00e9fection Aubin 2010<\/span>  <span class=\"meta-nav\">&rarr;<\/span><\/a><\/p>\n","protected":false},"author":6,"featured_media":0,"comment_status":"closed","ping_status":"closed","sticky":false,"template":"","format":"standard","meta":{"footnotes":""},"categories":[1],"tags":[],"_links":{"self":[{"href":"https:\/\/www.ecurieorthezbearn.fr\/rallye\/wp-json\/wp\/v2\/posts\/1832"}],"collection":[{"href":"https:\/\/www.ecurieorthezbearn.fr\/rallye\/wp-json\/wp\/v2\/posts"}],"about":[{"href":"https:\/\/www.ecurieorthezbearn.fr\/rallye\/wp-json\/wp\/v2\/types\/post"}],"author":[{"embeddable":true,"href":"https:\/\/www.ecurieorthezbearn.fr\/rallye\/wp-json\/wp\/v2\/users\/6"}],"replies":[{"embeddable":true,"href":"https:\/\/www.ecurieorthezbearn.fr\/rallye\/wp-json\/wp\/v2\/comments?post=1832"}],"version-history":[{"count":7,"href":"https:\/\/www.ecurieorthezbearn.fr\/rallye\/wp-json\/wp\/v2\/posts\/1832\/revisions"}],"predecessor-version":[{"id":1839,"href":"https:\/\/www.ecurieorthezbearn.fr\/rallye\/wp-json\/wp\/v2\/posts\/1832\/revisions\/1839"}],"wp:attachment":[{"href":"https:\/\/www.ecurieorthezbearn.fr\/rallye\/wp-json\/wp\/v2\/media?parent=1832"}],"wp:term":[{"taxonomy":"category","embeddable":true,"href":"https:\/\/www.ecurieorthezbearn.fr\/rallye\/wp-json\/wp\/v2\/categories?post=1832"},{"taxonomy":"post_tag","embeddable":true,"href":"https:\/\/www.ecurieorthezbearn.fr\/rallye\/wp-json\/wp\/v2\/tags?post=1832"}],"curies":[{"name":"wp","href":"https:\/\/api.w.org\/{rel}","templated":true}]}}