{"id":1990,"date":"2011-02-14T11:47:41","date_gmt":"2011-02-14T10:47:41","guid":{"rendered":"http:\/\/www.ecurieorthezbearn.fr\/rallye\/?p=1990"},"modified":"2012-08-03T11:08:47","modified_gmt":"2012-08-03T09:08:47","slug":"famille-moulia","status":"publish","type":"post","link":"https:\/\/www.ecurieorthezbearn.fr\/rallye\/famille-moulia\/","title":{"rendered":"Famille Moulia"},"content":{"rendered":"<p><img loading=\"lazy\" decoding=\"async\" class=\"aligncenter\" title=\"L'Echo B\u00e9arnais, d'Orthez- Imp Moulia\" src=\"http:\/\/img703.imageshack.us\/img703\/994\/chobarnais.jpg\" alt=\"\" width=\"423\" height=\"92\" \/><\/p>\n<p>Monsieur MOULIA, le p\u00e8re de notre ami Jean-Fran\u00e7ois, est d\u00e9c\u00e9d\u00e9.<\/p>\n<p>L&rsquo;\u00e9curie ORTHEZ BEARN adresse \u00e0 toute la famille MOULIA ses sinc\u00e8res condol\u00e9ances.<\/p>\n<p>Obs\u00e8ques \u00e0 l&rsquo;\u00c9glise Saint-Pierre \u00e0 Orthez, demain mardi 15 f\u00e9vrier, \u00e0 16h30.<\/p>\n","protected":false},"excerpt":{"rendered":"<p>Monsieur MOULIA, le p\u00e8re de notre ami Jean-Fran\u00e7ois, est d\u00e9c\u00e9d\u00e9. L&rsquo;\u00e9curie ORTHEZ BEARN adresse \u00e0 toute la famille MOULIA ses sinc\u00e8res condol\u00e9ances. Obs\u00e8ques \u00e0 l&rsquo;\u00c9glise Saint-Pierre \u00e0 Orthez, demain mardi 15 f\u00e9vrier, \u00e0 16h30.<\/p>\n","protected":false},"author":6,"featured_media":0,"comment_status":"closed","ping_status":"closed","sticky":false,"template":"","format":"standard","meta":{"footnotes":""},"categories":[118],"tags":[27],"_links":{"self":[{"href":"https:\/\/www.ecurieorthezbearn.fr\/rallye\/wp-json\/wp\/v2\/posts\/1990"}],"collection":[{"href":"https:\/\/www.ecurieorthezbearn.fr\/rallye\/wp-json\/wp\/v2\/posts"}],"about":[{"href":"https:\/\/www.ecurieorthezbearn.fr\/rallye\/wp-json\/wp\/v2\/types\/post"}],"author":[{"embeddable":true,"href":"https:\/\/www.ecurieorthezbearn.fr\/rallye\/wp-json\/wp\/v2\/users\/6"}],"replies":[{"embeddable":true,"href":"https:\/\/www.ecurieorthezbearn.fr\/rallye\/wp-json\/wp\/v2\/comments?post=1990"}],"version-history":[{"count":3,"href":"https:\/\/www.ecurieorthezbearn.fr\/rallye\/wp-json\/wp\/v2\/posts\/1990\/revisions"}],"predecessor-version":[{"id":1992,"href":"https:\/\/www.ecurieorthezbearn.fr\/rallye\/wp-json\/wp\/v2\/posts\/1990\/revisions\/1992"}],"wp:attachment":[{"href":"https:\/\/www.ecurieorthezbearn.fr\/rallye\/wp-json\/wp\/v2\/media?parent=1990"}],"wp:term":[{"taxonomy":"category","embeddable":true,"href":"https:\/\/www.ecurieorthezbearn.fr\/rallye\/wp-json\/wp\/v2\/categories?post=1990"},{"taxonomy":"post_tag","embeddable":true,"href":"https:\/\/www.ecurieorthezbearn.fr\/rallye\/wp-json\/wp\/v2\/tags?post=1990"}],"curies":[{"name":"wp","href":"https:\/\/api.w.org\/{rel}","templated":true}]}}