{"id":2005,"date":"2011-02-18T18:56:15","date_gmt":"2011-02-18T17:56:15","guid":{"rendered":"http:\/\/www.ecurieorthezbearn.fr\/rallye\/?p=2005"},"modified":"2011-02-18T18:56:15","modified_gmt":"2011-02-18T17:56:15","slug":"balade-quad-4x4-clermont-gers","status":"publish","type":"post","link":"https:\/\/www.ecurieorthezbearn.fr\/rallye\/balade-quad-4x4-clermont-gers\/","title":{"rendered":"Balade Quad 4&#215;4 Clermont Gers"},"content":{"rendered":"<p>Balade Quad 4&#215;4 Clermont Gers, 26 et 27 f\u00e9vrier 2011 :<\/p>\n<p><a href=\"http:\/\/www.ecurieorthezbearn.fr\/rallye\/wp-content\/uploads\/2011\/02\/clermont-20110001_1web.jpg\"><img loading=\"lazy\" decoding=\"async\" class=\"aligncenter size-full wp-image-2006\" title=\"clermont 20110001_1\" src=\"http:\/\/www.ecurieorthezbearn.fr\/rallye\/wp-content\/uploads\/2011\/02\/clermont-20110001_1web.jpg\" alt=\"\" width=\"600\" height=\"825\" srcset=\"https:\/\/www.ecurieorthezbearn.fr\/rallye\/wp-content\/uploads\/2011\/02\/clermont-20110001_1web.jpg 600w, https:\/\/www.ecurieorthezbearn.fr\/rallye\/wp-content\/uploads\/2011\/02\/clermont-20110001_1web-218x300.jpg 218w\" sizes=\"(max-width: 600px) 100vw, 600px\" \/><\/a><\/p>\n<p><a href=\"http:\/\/www.ecurieorthezbearn.fr\/rallye\/wp-content\/uploads\/2011\/02\/clermont-20110001_3web.jpg\"><img loading=\"lazy\" decoding=\"async\" class=\"aligncenter size-full wp-image-2007\" title=\"clermont 20110001_3\" src=\"http:\/\/www.ecurieorthezbearn.fr\/rallye\/wp-content\/uploads\/2011\/02\/clermont-20110001_3web.jpg\" alt=\"\" width=\"600\" height=\"436\" srcset=\"https:\/\/www.ecurieorthezbearn.fr\/rallye\/wp-content\/uploads\/2011\/02\/clermont-20110001_3web.jpg 600w, https:\/\/www.ecurieorthezbearn.fr\/rallye\/wp-content\/uploads\/2011\/02\/clermont-20110001_3web-300x218.jpg 300w\" sizes=\"(max-width: 600px) 100vw, 600px\" \/><\/a><\/p>\n<p><a href=\"http:\/\/www.ecurieorthezbearn.fr\/rallye\/wp-content\/uploads\/2011\/02\/clermont-20110001_4web.jpg\"><img loading=\"lazy\" decoding=\"async\" class=\"aligncenter size-full wp-image-2008\" title=\"clermont 20110001_4\" src=\"http:\/\/www.ecurieorthezbearn.fr\/rallye\/wp-content\/uploads\/2011\/02\/clermont-20110001_4web.jpg\" alt=\"\" width=\"600\" height=\"436\" srcset=\"https:\/\/www.ecurieorthezbearn.fr\/rallye\/wp-content\/uploads\/2011\/02\/clermont-20110001_4web.jpg 600w, https:\/\/www.ecurieorthezbearn.fr\/rallye\/wp-content\/uploads\/2011\/02\/clermont-20110001_4web-300x218.jpg 300w\" sizes=\"(max-width: 600px) 100vw, 600px\" \/><\/a><\/p>\n<p>T\u00e9l\u00e9charger le PDF <a href=\"http:\/\/www.ecurieorthezbearn.fr\/rallye\/wp-content\/uploads\/2011\/02\/clermont-20110001.pdf\">clermont 2011<\/a><\/p>\n","protected":false},"excerpt":{"rendered":"<p>Balade Quad 4&#215;4 Clermont Gers, 26 et 27 f\u00e9vrier 2011 : T\u00e9l\u00e9charger le PDF clermont 2011<\/p>\n","protected":false},"author":6,"featured_media":0,"comment_status":"closed","ping_status":"closed","sticky":false,"template":"","format":"standard","meta":{"footnotes":""},"categories":[119,120],"tags":[30,46,47],"_links":{"self":[{"href":"https:\/\/www.ecurieorthezbearn.fr\/rallye\/wp-json\/wp\/v2\/posts\/2005"}],"collection":[{"href":"https:\/\/www.ecurieorthezbearn.fr\/rallye\/wp-json\/wp\/v2\/posts"}],"about":[{"href":"https:\/\/www.ecurieorthezbearn.fr\/rallye\/wp-json\/wp\/v2\/types\/post"}],"author":[{"embeddable":true,"href":"https:\/\/www.ecurieorthezbearn.fr\/rallye\/wp-json\/wp\/v2\/users\/6"}],"replies":[{"embeddable":true,"href":"https:\/\/www.ecurieorthezbearn.fr\/rallye\/wp-json\/wp\/v2\/comments?post=2005"}],"version-history":[{"count":1,"href":"https:\/\/www.ecurieorthezbearn.fr\/rallye\/wp-json\/wp\/v2\/posts\/2005\/revisions"}],"predecessor-version":[{"id":2010,"href":"https:\/\/www.ecurieorthezbearn.fr\/rallye\/wp-json\/wp\/v2\/posts\/2005\/revisions\/2010"}],"wp:attachment":[{"href":"https:\/\/www.ecurieorthezbearn.fr\/rallye\/wp-json\/wp\/v2\/media?parent=2005"}],"wp:term":[{"taxonomy":"category","embeddable":true,"href":"https:\/\/www.ecurieorthezbearn.fr\/rallye\/wp-json\/wp\/v2\/categories?post=2005"},{"taxonomy":"post_tag","embeddable":true,"href":"https:\/\/www.ecurieorthezbearn.fr\/rallye\/wp-json\/wp\/v2\/tags?post=2005"}],"curies":[{"name":"wp","href":"https:\/\/api.w.org\/{rel}","templated":true}]}}