{"id":2060,"date":"2011-03-16T00:01:50","date_gmt":"2011-03-15T23:01:50","guid":{"rendered":"http:\/\/www.ecurieorthezbearn.fr\/rallye\/?p=2060"},"modified":"2011-03-16T07:46:44","modified_gmt":"2011-03-16T06:46:44","slug":"2-eme-rando-quad-louvigny","status":"publish","type":"post","link":"https:\/\/www.ecurieorthezbearn.fr\/rallye\/2-eme-rando-quad-louvigny\/","title":{"rendered":"2 \u00e8me rando quad Louvigny"},"content":{"rendered":"<p>Deuxi\u00e8me \u00e9dition\u00a0de la rando quad\u00a0 La Louvignaise en Soubestre , superbement organis\u00e9e cette ann\u00e9e par\u00a0des organisateurs qui ont accompli un tr\u00e8s gros travail de recherche et de pr\u00e9paration\u00a0sur les\u00a0chemins. Cette \u00e9dition 2011 nous laissera \u00a0de bons souvenirs. Le temp sec et relativement doux a r\u00e9uni 100 quadeurs, nombre volontairement limit\u00e9, dont 6 membres\u00a0 de \u00a0la section quad de l&rsquo;\u00e9curie Orthez B\u00e9arn, ont effectu\u00e9 le petit d\u00e9placement. A noter une recrue de qualit\u00e9,\u00a0Lionel , habituellement pilote en rallye TT au volant de son buggy Rivet BMW 4&#215;4 . Donc bienvenue \u00e0 lui\u00a0 et \u00e0 son Polaris 500 tout bleu .<\/p>\n<figure id=\"attachment_2063\" aria-describedby=\"caption-attachment-2063\" style=\"width: 300px\" class=\"wp-caption aligncenter\"><a rel=\"attachment wp-att-2063\" href=\"http:\/\/www.ecurieorthezbearn.fr\/rallye\/2-eme-rando-quad-louvigny\/dsc02719-3\/\"><img loading=\"lazy\" decoding=\"async\" class=\"size-medium wp-image-2063\" src=\"http:\/\/www.ecurieorthezbearn.fr\/rallye\/wp-content\/uploads\/2011\/03\/DSC027192-300x225.jpg\" alt=\"lionel en bleu comme le polaris\" width=\"300\" height=\"225\" srcset=\"https:\/\/www.ecurieorthezbearn.fr\/rallye\/wp-content\/uploads\/2011\/03\/DSC027192-300x225.jpg 300w, https:\/\/www.ecurieorthezbearn.fr\/rallye\/wp-content\/uploads\/2011\/03\/DSC027192.jpg 2048w\" sizes=\"(max-width: 300px) 100vw, 300px\" \/><\/a><figcaption id=\"caption-attachment-2063\" class=\"wp-caption-text\">lionel en bleu comme le polaris<\/figcaption><\/figure>\n<p>Des b\u00e9n\u00e9voles,\u00a0qui eux aussi, rendent possible cette journ\u00e9e, administratifs ,\u00a0serveuses et serveurs . Nous arrivons de bonne heure,\u00a0les v\u00e9rifications\u00a0 obligatoires sont faites, le caf\u00e9 croissant nous est offert et les premi\u00e8res discussions s&rsquo;engagent\u00a0 avec les propri\u00e9taires qui participent tr\u00e8s activement, puisque dans notre groupe de 15 , p\u00e8re et fils nous encadrent .<\/p>\n<p><a rel=\"attachment wp-att-2064\" href=\"http:\/\/www.ecurieorthezbearn.fr\/rallye\/2-eme-rando-quad-louvigny\/dsc02724\/\"><img loading=\"lazy\" decoding=\"async\" class=\"aligncenter size-medium wp-image-2064\" src=\"http:\/\/www.ecurieorthezbearn.fr\/rallye\/wp-content\/uploads\/2011\/03\/DSC02724-300x225.jpg\" alt=\"\" width=\"300\" height=\"225\" srcset=\"https:\/\/www.ecurieorthezbearn.fr\/rallye\/wp-content\/uploads\/2011\/03\/DSC02724-300x225.jpg 300w, https:\/\/www.ecurieorthezbearn.fr\/rallye\/wp-content\/uploads\/2011\/03\/DSC02724.jpg 2048w\" sizes=\"(max-width: 300px) 100vw, 300px\" \/><\/a><\/p>\n<p><a rel=\"attachment wp-att-2065\" href=\"http:\/\/www.ecurieorthezbearn.fr\/rallye\/2-eme-rando-quad-louvigny\/dsc02725\/\"><img loading=\"lazy\" decoding=\"async\" class=\"aligncenter size-medium wp-image-2065\" src=\"http:\/\/www.ecurieorthezbearn.fr\/rallye\/wp-content\/uploads\/2011\/03\/DSC02725-300x225.jpg\" alt=\"\" width=\"300\" height=\"225\" srcset=\"https:\/\/www.ecurieorthezbearn.fr\/rallye\/wp-content\/uploads\/2011\/03\/DSC02725-300x225.jpg 300w, https:\/\/www.ecurieorthezbearn.fr\/rallye\/wp-content\/uploads\/2011\/03\/DSC02725.jpg 2048w\" sizes=\"(max-width: 300px) 100vw, 300px\" \/><\/a><\/p>\n<p>9 h 15 , c&rsquo;est l&rsquo;heure du brieffing du pr\u00e9sident, les consignes sont tr\u00e8s \u00e9cout\u00e9es\u00a0, et seront appliqu\u00e9es car sans les propri\u00e9taires et les communes, plus de rando .<\/p>\n<p><a rel=\"attachment wp-att-2066\" href=\"http:\/\/www.ecurieorthezbearn.fr\/rallye\/2-eme-rando-quad-louvigny\/dsc02730\/\"><img loading=\"lazy\" decoding=\"async\" class=\"aligncenter size-medium wp-image-2066\" src=\"http:\/\/www.ecurieorthezbearn.fr\/rallye\/wp-content\/uploads\/2011\/03\/DSC02730-300x225.jpg\" alt=\"\" width=\"300\" height=\"225\" srcset=\"https:\/\/www.ecurieorthezbearn.fr\/rallye\/wp-content\/uploads\/2011\/03\/DSC02730-300x225.jpg 300w, https:\/\/www.ecurieorthezbearn.fr\/rallye\/wp-content\/uploads\/2011\/03\/DSC02730.jpg 2048w\" sizes=\"(max-width: 300px) 100vw, 300px\" \/><\/a><\/p>\n<p><a rel=\"attachment wp-att-2067\" href=\"http:\/\/www.ecurieorthezbearn.fr\/rallye\/2-eme-rando-quad-louvigny\/dsc02731\/\"><img loading=\"lazy\" decoding=\"async\" class=\"aligncenter size-medium wp-image-2067\" src=\"http:\/\/www.ecurieorthezbearn.fr\/rallye\/wp-content\/uploads\/2011\/03\/DSC02731-300x225.jpg\" alt=\"\" width=\"300\" height=\"225\" srcset=\"https:\/\/www.ecurieorthezbearn.fr\/rallye\/wp-content\/uploads\/2011\/03\/DSC02731-300x225.jpg 300w, https:\/\/www.ecurieorthezbearn.fr\/rallye\/wp-content\/uploads\/2011\/03\/DSC02731.jpg 2048w\" sizes=\"(max-width: 300px) 100vw, 300px\" \/><\/a><\/p>\n<p>9 h 30, les 7 groupes se forment, les d\u00e9parts sont donn\u00e9s toutes les 5 minutes sur deux circuits, rendez vous \u00e0 midi pour la pause repas.<\/p>\n<p><a rel=\"attachment wp-att-2068\" href=\"http:\/\/www.ecurieorthezbearn.fr\/rallye\/2-eme-rando-quad-louvigny\/dsc02734\/\"><img loading=\"lazy\" decoding=\"async\" class=\"aligncenter size-medium wp-image-2068\" src=\"http:\/\/www.ecurieorthezbearn.fr\/rallye\/wp-content\/uploads\/2011\/03\/DSC02734-300x225.jpg\" alt=\"\" width=\"300\" height=\"225\" srcset=\"https:\/\/www.ecurieorthezbearn.fr\/rallye\/wp-content\/uploads\/2011\/03\/DSC02734-300x225.jpg 300w, https:\/\/www.ecurieorthezbearn.fr\/rallye\/wp-content\/uploads\/2011\/03\/DSC02734.jpg 2048w\" sizes=\"(max-width: 300px) 100vw, 300px\" \/><\/a><a rel=\"attachment wp-att-2069\" href=\"http:\/\/www.ecurieorthezbearn.fr\/rallye\/2-eme-rando-quad-louvigny\/dsc02736\/\"><img loading=\"lazy\" decoding=\"async\" class=\"aligncenter size-medium wp-image-2069\" src=\"http:\/\/www.ecurieorthezbearn.fr\/rallye\/wp-content\/uploads\/2011\/03\/DSC02736-300x225.jpg\" alt=\"\" width=\"300\" height=\"225\" srcset=\"https:\/\/www.ecurieorthezbearn.fr\/rallye\/wp-content\/uploads\/2011\/03\/DSC02736-300x225.jpg 300w, https:\/\/www.ecurieorthezbearn.fr\/rallye\/wp-content\/uploads\/2011\/03\/DSC02736.jpg 2048w\" sizes=\"(max-width: 300px) 100vw, 300px\" \/><\/a><a rel=\"attachment wp-att-2070\" href=\"http:\/\/www.ecurieorthezbearn.fr\/rallye\/2-eme-rando-quad-louvigny\/dsc02737\/\"><img loading=\"lazy\" decoding=\"async\" class=\"aligncenter size-medium wp-image-2070\" src=\"http:\/\/www.ecurieorthezbearn.fr\/rallye\/wp-content\/uploads\/2011\/03\/DSC02737-300x225.jpg\" alt=\"\" width=\"300\" height=\"225\" srcset=\"https:\/\/www.ecurieorthezbearn.fr\/rallye\/wp-content\/uploads\/2011\/03\/DSC02737-300x225.jpg 300w, https:\/\/www.ecurieorthezbearn.fr\/rallye\/wp-content\/uploads\/2011\/03\/DSC02737.jpg 2048w\" sizes=\"(max-width: 300px) 100vw, 300px\" \/><\/a><\/p>\n<figure id=\"attachment_2072\" aria-describedby=\"caption-attachment-2072\" style=\"width: 300px\" class=\"wp-caption aligncenter\"><a rel=\"attachment wp-att-2072\" href=\"http:\/\/www.ecurieorthezbearn.fr\/rallye\/2-eme-rando-quad-louvigny\/dsc02738-2\/\"><img loading=\"lazy\" decoding=\"async\" class=\"size-medium wp-image-2072\" src=\"http:\/\/www.ecurieorthezbearn.fr\/rallye\/wp-content\/uploads\/2011\/03\/DSC027381-300x225.jpg\" alt=\"pret lionel ?\" width=\"300\" height=\"225\" srcset=\"https:\/\/www.ecurieorthezbearn.fr\/rallye\/wp-content\/uploads\/2011\/03\/DSC027381-300x225.jpg 300w, https:\/\/www.ecurieorthezbearn.fr\/rallye\/wp-content\/uploads\/2011\/03\/DSC027381.jpg 2048w\" sizes=\"(max-width: 300px) 100vw, 300px\" \/><\/a><figcaption id=\"caption-attachment-2072\" class=\"wp-caption-text\">pret lionel ?<\/figcaption><\/figure>\n<p><a rel=\"attachment wp-att-2073\" href=\"http:\/\/www.ecurieorthezbearn.fr\/rallye\/2-eme-rando-quad-louvigny\/dsc02745\/\"><img loading=\"lazy\" decoding=\"async\" class=\"aligncenter size-medium wp-image-2073\" src=\"http:\/\/www.ecurieorthezbearn.fr\/rallye\/wp-content\/uploads\/2011\/03\/DSC02745-300x225.jpg\" alt=\"\" width=\"300\" height=\"225\" srcset=\"https:\/\/www.ecurieorthezbearn.fr\/rallye\/wp-content\/uploads\/2011\/03\/DSC02745-300x225.jpg 300w, https:\/\/www.ecurieorthezbearn.fr\/rallye\/wp-content\/uploads\/2011\/03\/DSC02745.jpg 2048w\" sizes=\"(max-width: 300px) 100vw, 300px\" \/><\/a><\/p>\n<figure id=\"attachment_2074\" aria-describedby=\"caption-attachment-2074\" style=\"width: 300px\" class=\"wp-caption aligncenter\"><a rel=\"attachment wp-att-2074\" href=\"http:\/\/www.ecurieorthezbearn.fr\/rallye\/2-eme-rando-quad-louvigny\/dsc02741\/\"><img loading=\"lazy\" decoding=\"async\" class=\"size-medium wp-image-2074\" src=\"http:\/\/www.ecurieorthezbearn.fr\/rallye\/wp-content\/uploads\/2011\/03\/DSC02741-300x225.jpg\" alt=\"juste la largeur du scrambler de j-mi ?\" width=\"300\" height=\"225\" srcset=\"https:\/\/www.ecurieorthezbearn.fr\/rallye\/wp-content\/uploads\/2011\/03\/DSC02741-300x225.jpg 300w, https:\/\/www.ecurieorthezbearn.fr\/rallye\/wp-content\/uploads\/2011\/03\/DSC02741.jpg 2048w\" sizes=\"(max-width: 300px) 100vw, 300px\" \/><\/a><figcaption id=\"caption-attachment-2074\" class=\"wp-caption-text\">juste la largeur du scrambler de j-mi ?<\/figcaption><\/figure>\n<p><a rel=\"attachment wp-att-2075\" href=\"http:\/\/www.ecurieorthezbearn.fr\/rallye\/2-eme-rando-quad-louvigny\/dsc02739\/\"><img loading=\"lazy\" decoding=\"async\" class=\"aligncenter size-medium wp-image-2075\" src=\"http:\/\/www.ecurieorthezbearn.fr\/rallye\/wp-content\/uploads\/2011\/03\/DSC02739-300x225.jpg\" alt=\"\" width=\"300\" height=\"225\" srcset=\"https:\/\/www.ecurieorthezbearn.fr\/rallye\/wp-content\/uploads\/2011\/03\/DSC02739-300x225.jpg 300w, https:\/\/www.ecurieorthezbearn.fr\/rallye\/wp-content\/uploads\/2011\/03\/DSC02739.jpg 2048w\" sizes=\"(max-width: 300px) 100vw, 300px\" \/><\/a><\/p>\n<p>D\u00e9marrage relativement tranquille pour tous, le temps de s&rsquo;\u00e9chauffer les muscles. Alternance de roulant, travers\u00e9es de bois, et arrivent bien trop t\u00f4t pour certains les premiers bourbiers. Paroles des ouvreurs, il n&rsquo;a pas plu de la semaine !<\/p>\n<p><a rel=\"attachment wp-att-2077\" href=\"http:\/\/www.ecurieorthezbearn.fr\/rallye\/2-eme-rando-quad-louvigny\/dsc02749\/\"><img loading=\"lazy\" decoding=\"async\" class=\"aligncenter size-medium wp-image-2077\" src=\"http:\/\/www.ecurieorthezbearn.fr\/rallye\/wp-content\/uploads\/2011\/03\/DSC02749-300x225.jpg\" alt=\"\" width=\"300\" height=\"225\" srcset=\"https:\/\/www.ecurieorthezbearn.fr\/rallye\/wp-content\/uploads\/2011\/03\/DSC02749-300x225.jpg 300w, https:\/\/www.ecurieorthezbearn.fr\/rallye\/wp-content\/uploads\/2011\/03\/DSC02749.jpg 2048w\" sizes=\"(max-width: 300px) 100vw, 300px\" \/><\/a><\/p>\n<p><a rel=\"attachment wp-att-2078\" href=\"http:\/\/www.ecurieorthezbearn.fr\/rallye\/2-eme-rando-quad-louvigny\/dsc02751\/\"><img loading=\"lazy\" decoding=\"async\" class=\"aligncenter size-medium wp-image-2078\" src=\"http:\/\/www.ecurieorthezbearn.fr\/rallye\/wp-content\/uploads\/2011\/03\/DSC02751-300x225.jpg\" alt=\"\" width=\"300\" height=\"225\" srcset=\"https:\/\/www.ecurieorthezbearn.fr\/rallye\/wp-content\/uploads\/2011\/03\/DSC02751-300x225.jpg 300w, https:\/\/www.ecurieorthezbearn.fr\/rallye\/wp-content\/uploads\/2011\/03\/DSC02751.jpg 2048w\" sizes=\"(max-width: 300px) 100vw, 300px\" \/><\/a><\/p>\n<p><a rel=\"attachment wp-att-2079\" href=\"http:\/\/www.ecurieorthezbearn.fr\/rallye\/2-eme-rando-quad-louvigny\/dsc02752\/\"><img loading=\"lazy\" decoding=\"async\" class=\"aligncenter size-medium wp-image-2079\" src=\"http:\/\/www.ecurieorthezbearn.fr\/rallye\/wp-content\/uploads\/2011\/03\/DSC02752-300x225.jpg\" alt=\"\" width=\"300\" height=\"225\" srcset=\"https:\/\/www.ecurieorthezbearn.fr\/rallye\/wp-content\/uploads\/2011\/03\/DSC02752-300x225.jpg 300w, https:\/\/www.ecurieorthezbearn.fr\/rallye\/wp-content\/uploads\/2011\/03\/DSC02752.jpg 2048w\" sizes=\"(max-width: 300px) 100vw, 300px\" \/><\/a><\/p>\n<p><a rel=\"attachment wp-att-2081\" href=\"http:\/\/www.ecurieorthezbearn.fr\/rallye\/2-eme-rando-quad-louvigny\/dsc02756-2\/\"><img loading=\"lazy\" decoding=\"async\" class=\"aligncenter size-medium wp-image-2081\" src=\"http:\/\/www.ecurieorthezbearn.fr\/rallye\/wp-content\/uploads\/2011\/03\/DSC027561-300x225.jpg\" alt=\"\" width=\"300\" height=\"225\" srcset=\"https:\/\/www.ecurieorthezbearn.fr\/rallye\/wp-content\/uploads\/2011\/03\/DSC027561-300x225.jpg 300w, https:\/\/www.ecurieorthezbearn.fr\/rallye\/wp-content\/uploads\/2011\/03\/DSC027561.jpg 2048w\" sizes=\"(max-width: 300px) 100vw, 300px\" \/><\/a><\/p>\n<figure id=\"attachment_2082\" aria-describedby=\"caption-attachment-2082\" style=\"width: 300px\" class=\"wp-caption aligncenter\"><a rel=\"attachment wp-att-2082\" href=\"http:\/\/www.ecurieorthezbearn.fr\/rallye\/2-eme-rando-quad-louvigny\/dsc02757\/\"><img loading=\"lazy\" decoding=\"async\" class=\"size-medium wp-image-2082\" src=\"http:\/\/www.ecurieorthezbearn.fr\/rallye\/wp-content\/uploads\/2011\/03\/DSC02757-300x225.jpg\" alt=\"j-mi a fond comme dab !\" width=\"300\" height=\"225\" srcset=\"https:\/\/www.ecurieorthezbearn.fr\/rallye\/wp-content\/uploads\/2011\/03\/DSC02757-300x225.jpg 300w, https:\/\/www.ecurieorthezbearn.fr\/rallye\/wp-content\/uploads\/2011\/03\/DSC02757.jpg 2048w\" sizes=\"(max-width: 300px) 100vw, 300px\" \/><\/a><figcaption id=\"caption-attachment-2082\" class=\"wp-caption-text\">j-mi a fond comme dab !<\/figcaption><\/figure>\n<p><a rel=\"attachment wp-att-2083\" href=\"http:\/\/www.ecurieorthezbearn.fr\/rallye\/2-eme-rando-quad-louvigny\/dsc02758\/\"><img loading=\"lazy\" decoding=\"async\" class=\"aligncenter size-medium wp-image-2083\" src=\"http:\/\/www.ecurieorthezbearn.fr\/rallye\/wp-content\/uploads\/2011\/03\/DSC02758-300x225.jpg\" alt=\"\" width=\"300\" height=\"225\" srcset=\"https:\/\/www.ecurieorthezbearn.fr\/rallye\/wp-content\/uploads\/2011\/03\/DSC02758-300x225.jpg 300w, https:\/\/www.ecurieorthezbearn.fr\/rallye\/wp-content\/uploads\/2011\/03\/DSC02758.jpg 2048w\" sizes=\"(max-width: 300px) 100vw, 300px\" \/><\/a><\/p>\n<figure id=\"attachment_2084\" aria-describedby=\"caption-attachment-2084\" style=\"width: 300px\" class=\"wp-caption aligncenter\"><a rel=\"attachment wp-att-2084\" href=\"http:\/\/www.ecurieorthezbearn.fr\/rallye\/2-eme-rando-quad-louvigny\/dsc02761\/\"><img loading=\"lazy\" decoding=\"async\" class=\"size-medium wp-image-2084\" src=\"http:\/\/www.ecurieorthezbearn.fr\/rallye\/wp-content\/uploads\/2011\/03\/DSC02761-300x225.jpg\" alt=\"Ludo ,bien !\" width=\"300\" height=\"225\" srcset=\"https:\/\/www.ecurieorthezbearn.fr\/rallye\/wp-content\/uploads\/2011\/03\/DSC02761-300x225.jpg 300w, https:\/\/www.ecurieorthezbearn.fr\/rallye\/wp-content\/uploads\/2011\/03\/DSC02761.jpg 2048w\" sizes=\"(max-width: 300px) 100vw, 300px\" \/><\/a><figcaption id=\"caption-attachment-2084\" class=\"wp-caption-text\">Ludo ,bien !<\/figcaption><\/figure>\n<figure id=\"attachment_2085\" aria-describedby=\"caption-attachment-2085\" style=\"width: 300px\" class=\"wp-caption aligncenter\"><a rel=\"attachment wp-att-2085\" href=\"http:\/\/www.ecurieorthezbearn.fr\/rallye\/2-eme-rando-quad-louvigny\/dsc02762\/\"><img loading=\"lazy\" decoding=\"async\" class=\"size-medium wp-image-2085\" src=\"http:\/\/www.ecurieorthezbearn.fr\/rallye\/wp-content\/uploads\/2011\/03\/DSC02762-300x225.jpg\" alt=\"Laurent pas tr\u00e8s rassur\u00e9 avec le maxer 2 roues\" width=\"300\" height=\"225\" srcset=\"https:\/\/www.ecurieorthezbearn.fr\/rallye\/wp-content\/uploads\/2011\/03\/DSC02762-300x225.jpg 300w, https:\/\/www.ecurieorthezbearn.fr\/rallye\/wp-content\/uploads\/2011\/03\/DSC02762.jpg 2048w\" sizes=\"(max-width: 300px) 100vw, 300px\" \/><\/a><figcaption id=\"caption-attachment-2085\" class=\"wp-caption-text\">Laurent pas tr\u00e8s rassur\u00e9 avec le maxer 2 roues<\/figcaption><\/figure>\n<p><a rel=\"attachment wp-att-2086\" href=\"http:\/\/www.ecurieorthezbearn.fr\/rallye\/2-eme-rando-quad-louvigny\/dsc02765\/\"><img loading=\"lazy\" decoding=\"async\" class=\"aligncenter size-medium wp-image-2086\" src=\"http:\/\/www.ecurieorthezbearn.fr\/rallye\/wp-content\/uploads\/2011\/03\/DSC02765-300x225.jpg\" alt=\"\" width=\"300\" height=\"225\" srcset=\"https:\/\/www.ecurieorthezbearn.fr\/rallye\/wp-content\/uploads\/2011\/03\/DSC02765-300x225.jpg 300w, https:\/\/www.ecurieorthezbearn.fr\/rallye\/wp-content\/uploads\/2011\/03\/DSC02765.jpg 2048w\" sizes=\"(max-width: 300px) 100vw, 300px\" \/><\/a><\/p>\n<p>A la crois\u00e9e d&rsquo;un carrefour, rencontre d&rsquo;un autre groupe et les premi\u00e8res impressions sont partag\u00e9es. C&rsquo;est le moment de couper les moteurs.<\/p>\n<p><a rel=\"attachment wp-att-2087\" href=\"http:\/\/www.ecurieorthezbearn.fr\/rallye\/2-eme-rando-quad-louvigny\/dsc02772\/\"><img loading=\"lazy\" decoding=\"async\" class=\"aligncenter size-medium wp-image-2087\" src=\"http:\/\/www.ecurieorthezbearn.fr\/rallye\/wp-content\/uploads\/2011\/03\/DSC02772-300x225.jpg\" alt=\"\" width=\"300\" height=\"225\" srcset=\"https:\/\/www.ecurieorthezbearn.fr\/rallye\/wp-content\/uploads\/2011\/03\/DSC02772-300x225.jpg 300w, https:\/\/www.ecurieorthezbearn.fr\/rallye\/wp-content\/uploads\/2011\/03\/DSC02772.jpg 2048w\" sizes=\"(max-width: 300px) 100vw, 300px\" \/><\/a><\/p>\n<figure id=\"attachment_2088\" aria-describedby=\"caption-attachment-2088\" style=\"width: 300px\" class=\"wp-caption aligncenter\"><a rel=\"attachment wp-att-2088\" href=\"http:\/\/www.ecurieorthezbearn.fr\/rallye\/2-eme-rando-quad-louvigny\/dsc02773\/\"><img loading=\"lazy\" decoding=\"async\" class=\"size-medium wp-image-2088\" src=\"http:\/\/www.ecurieorthezbearn.fr\/rallye\/wp-content\/uploads\/2011\/03\/DSC02773-300x225.jpg\" alt=\"un \u00e9quipage f\u00e9minin ,m\u00e8re et fille ,le quad bien charg\u00e9 .\" width=\"300\" height=\"225\" srcset=\"https:\/\/www.ecurieorthezbearn.fr\/rallye\/wp-content\/uploads\/2011\/03\/DSC02773-300x225.jpg 300w, https:\/\/www.ecurieorthezbearn.fr\/rallye\/wp-content\/uploads\/2011\/03\/DSC02773.jpg 2048w\" sizes=\"(max-width: 300px) 100vw, 300px\" \/><\/a><figcaption id=\"caption-attachment-2088\" class=\"wp-caption-text\">un \u00e9quipage f\u00e9minin ,m\u00e8re et fille ,le quad bien charg\u00e9 .<\/figcaption><\/figure>\n<figure id=\"attachment_2089\" aria-describedby=\"caption-attachment-2089\" style=\"width: 300px\" class=\"wp-caption aligncenter\"><a rel=\"attachment wp-att-2089\" href=\"http:\/\/www.ecurieorthezbearn.fr\/rallye\/2-eme-rando-quad-louvigny\/dsc02770\/\"><img loading=\"lazy\" decoding=\"async\" class=\"size-medium wp-image-2089\" src=\"http:\/\/www.ecurieorthezbearn.fr\/rallye\/wp-content\/uploads\/2011\/03\/DSC02770-300x225.jpg\" alt=\"Denis\" width=\"300\" height=\"225\" srcset=\"https:\/\/www.ecurieorthezbearn.fr\/rallye\/wp-content\/uploads\/2011\/03\/DSC02770-300x225.jpg 300w, https:\/\/www.ecurieorthezbearn.fr\/rallye\/wp-content\/uploads\/2011\/03\/DSC02770.jpg 2048w\" sizes=\"(max-width: 300px) 100vw, 300px\" \/><\/a><figcaption id=\"caption-attachment-2089\" class=\"wp-caption-text\">Denis<\/figcaption><\/figure>\n<p><a rel=\"attachment wp-att-2090\" href=\"http:\/\/www.ecurieorthezbearn.fr\/rallye\/2-eme-rando-quad-louvigny\/dsc02769\/\"><img loading=\"lazy\" decoding=\"async\" class=\"aligncenter size-medium wp-image-2090\" src=\"http:\/\/www.ecurieorthezbearn.fr\/rallye\/wp-content\/uploads\/2011\/03\/DSC02769-300x225.jpg\" alt=\"\" width=\"300\" height=\"225\" srcset=\"https:\/\/www.ecurieorthezbearn.fr\/rallye\/wp-content\/uploads\/2011\/03\/DSC02769-300x225.jpg 300w, https:\/\/www.ecurieorthezbearn.fr\/rallye\/wp-content\/uploads\/2011\/03\/DSC02769.jpg 2048w\" sizes=\"(max-width: 300px) 100vw, 300px\" \/><\/a><\/p>\n<p>La pause repas arrive, de quoi remplir les r\u00e9servoirs et l&rsquo;estomac.<\/p>\n<p><a rel=\"attachment wp-att-2091\" href=\"http:\/\/www.ecurieorthezbearn.fr\/rallye\/2-eme-rando-quad-louvigny\/dsc02776\/\"><img loading=\"lazy\" decoding=\"async\" class=\"aligncenter size-medium wp-image-2091\" src=\"http:\/\/www.ecurieorthezbearn.fr\/rallye\/wp-content\/uploads\/2011\/03\/DSC02776-300x225.jpg\" alt=\"\" width=\"300\" height=\"225\" srcset=\"https:\/\/www.ecurieorthezbearn.fr\/rallye\/wp-content\/uploads\/2011\/03\/DSC02776-300x225.jpg 300w, https:\/\/www.ecurieorthezbearn.fr\/rallye\/wp-content\/uploads\/2011\/03\/DSC02776.jpg 2048w\" sizes=\"(max-width: 300px) 100vw, 300px\" \/><\/a><\/p>\n<p><a rel=\"attachment wp-att-2092\" href=\"http:\/\/www.ecurieorthezbearn.fr\/rallye\/2-eme-rando-quad-louvigny\/dsc02775\/\"><img loading=\"lazy\" decoding=\"async\" class=\"aligncenter size-medium wp-image-2092\" src=\"http:\/\/www.ecurieorthezbearn.fr\/rallye\/wp-content\/uploads\/2011\/03\/DSC02775-300x225.jpg\" alt=\"\" width=\"300\" height=\"225\" srcset=\"https:\/\/www.ecurieorthezbearn.fr\/rallye\/wp-content\/uploads\/2011\/03\/DSC02775-300x225.jpg 300w, https:\/\/www.ecurieorthezbearn.fr\/rallye\/wp-content\/uploads\/2011\/03\/DSC02775.jpg 2048w\" sizes=\"(max-width: 300px) 100vw, 300px\" \/><\/a><\/p>\n<p><a rel=\"attachment wp-att-2093\" href=\"http:\/\/www.ecurieorthezbearn.fr\/rallye\/2-eme-rando-quad-louvigny\/dsc02777\/\"><img loading=\"lazy\" decoding=\"async\" class=\"aligncenter size-medium wp-image-2093\" src=\"http:\/\/www.ecurieorthezbearn.fr\/rallye\/wp-content\/uploads\/2011\/03\/DSC02777-300x225.jpg\" alt=\"\" width=\"300\" height=\"225\" srcset=\"https:\/\/www.ecurieorthezbearn.fr\/rallye\/wp-content\/uploads\/2011\/03\/DSC02777-300x225.jpg 300w, https:\/\/www.ecurieorthezbearn.fr\/rallye\/wp-content\/uploads\/2011\/03\/DSC02777.jpg 2048w\" sizes=\"(max-width: 300px) 100vw, 300px\" \/><\/a><\/p>\n<figure id=\"attachment_2094\" aria-describedby=\"caption-attachment-2094\" style=\"width: 300px\" class=\"wp-caption aligncenter\"><a rel=\"attachment wp-att-2094\" href=\"http:\/\/www.ecurieorthezbearn.fr\/rallye\/2-eme-rando-quad-louvigny\/dsc02778\/\"><img loading=\"lazy\" decoding=\"async\" class=\"size-medium wp-image-2094\" src=\"http:\/\/www.ecurieorthezbearn.fr\/rallye\/wp-content\/uploads\/2011\/03\/DSC02778-300x225.jpg\" alt=\"Laurent ,sur la digestion ,que c'est dur !\" width=\"300\" height=\"225\" srcset=\"https:\/\/www.ecurieorthezbearn.fr\/rallye\/wp-content\/uploads\/2011\/03\/DSC02778-300x225.jpg 300w, https:\/\/www.ecurieorthezbearn.fr\/rallye\/wp-content\/uploads\/2011\/03\/DSC02778.jpg 2048w\" sizes=\"(max-width: 300px) 100vw, 300px\" \/><\/a><figcaption id=\"caption-attachment-2094\" class=\"wp-caption-text\">Laurent ,sur la digestion ,que c&#39;est dur !<\/figcaption><\/figure>\n<p>15 h ,nous repartons sous le soleil, beaucoup de monde se place de chaque cot\u00e9 du chemin. Riverains et photographes amateurs .<\/p>\n<p><a rel=\"attachment wp-att-2099\" href=\"http:\/\/www.ecurieorthezbearn.fr\/rallye\/2-eme-rando-quad-louvigny\/img_0753\/\"><img loading=\"lazy\" decoding=\"async\" class=\"aligncenter size-medium wp-image-2099\" src=\"http:\/\/www.ecurieorthezbearn.fr\/rallye\/wp-content\/uploads\/2011\/03\/IMG_0753-300x200.jpg\" alt=\"\" width=\"300\" height=\"200\" srcset=\"https:\/\/www.ecurieorthezbearn.fr\/rallye\/wp-content\/uploads\/2011\/03\/IMG_0753-300x200.jpg 300w, https:\/\/www.ecurieorthezbearn.fr\/rallye\/wp-content\/uploads\/2011\/03\/IMG_0753.jpg 1000w\" sizes=\"(max-width: 300px) 100vw, 300px\" \/><\/a><\/p>\n<p><a rel=\"attachment wp-att-2100\" href=\"http:\/\/www.ecurieorthezbearn.fr\/rallye\/2-eme-rando-quad-louvigny\/dsc02779\/\"><img loading=\"lazy\" decoding=\"async\" class=\"aligncenter size-medium wp-image-2100\" src=\"http:\/\/www.ecurieorthezbearn.fr\/rallye\/wp-content\/uploads\/2011\/03\/DSC02779-300x225.jpg\" alt=\"\" width=\"300\" height=\"225\" srcset=\"https:\/\/www.ecurieorthezbearn.fr\/rallye\/wp-content\/uploads\/2011\/03\/DSC02779-300x225.jpg 300w, https:\/\/www.ecurieorthezbearn.fr\/rallye\/wp-content\/uploads\/2011\/03\/DSC02779.jpg 2048w\" sizes=\"(max-width: 300px) 100vw, 300px\" \/><\/a><\/p>\n<p><a rel=\"attachment wp-att-2102\" href=\"http:\/\/www.ecurieorthezbearn.fr\/rallye\/2-eme-rando-quad-louvigny\/img_0727\/\"><img loading=\"lazy\" decoding=\"async\" class=\"aligncenter size-medium wp-image-2102\" src=\"http:\/\/www.ecurieorthezbearn.fr\/rallye\/wp-content\/uploads\/2011\/03\/IMG_0727-300x199.jpg\" alt=\"\" width=\"300\" height=\"199\" srcset=\"https:\/\/www.ecurieorthezbearn.fr\/rallye\/wp-content\/uploads\/2011\/03\/IMG_0727-300x199.jpg 300w, https:\/\/www.ecurieorthezbearn.fr\/rallye\/wp-content\/uploads\/2011\/03\/IMG_0727.jpg 500w\" sizes=\"(max-width: 300px) 100vw, 300px\" \/><\/a><\/p>\n<figure id=\"attachment_2103\" aria-describedby=\"caption-attachment-2103\" style=\"width: 300px\" class=\"wp-caption aligncenter\"><a rel=\"attachment wp-att-2103\" href=\"http:\/\/www.ecurieorthezbearn.fr\/rallye\/2-eme-rando-quad-louvigny\/img_0752\/\"><img loading=\"lazy\" decoding=\"async\" class=\"size-medium wp-image-2103\" src=\"http:\/\/www.ecurieorthezbearn.fr\/rallye\/wp-content\/uploads\/2011\/03\/IMG_0752-300x200.jpg\" alt=\"salut Arnaud ,merci pour la photo Cedric .\" width=\"300\" height=\"200\" srcset=\"https:\/\/www.ecurieorthezbearn.fr\/rallye\/wp-content\/uploads\/2011\/03\/IMG_0752-300x200.jpg 300w, https:\/\/www.ecurieorthezbearn.fr\/rallye\/wp-content\/uploads\/2011\/03\/IMG_0752.jpg 1000w\" sizes=\"(max-width: 300px) 100vw, 300px\" \/><\/a><figcaption id=\"caption-attachment-2103\" class=\"wp-caption-text\">salut Arnaud ,merci pour la photo Cedric .<\/figcaption><\/figure>\n<p><a rel=\"attachment wp-att-2104\" href=\"http:\/\/www.ecurieorthezbearn.fr\/rallye\/2-eme-rando-quad-louvigny\/dsc02781\/\"><img loading=\"lazy\" decoding=\"async\" class=\"aligncenter size-medium wp-image-2104\" src=\"http:\/\/www.ecurieorthezbearn.fr\/rallye\/wp-content\/uploads\/2011\/03\/DSC02781-300x225.jpg\" alt=\"\" width=\"300\" height=\"225\" srcset=\"https:\/\/www.ecurieorthezbearn.fr\/rallye\/wp-content\/uploads\/2011\/03\/DSC02781-300x225.jpg 300w, https:\/\/www.ecurieorthezbearn.fr\/rallye\/wp-content\/uploads\/2011\/03\/DSC02781.jpg 2048w\" sizes=\"(max-width: 300px) 100vw, 300px\" \/><\/a><\/p>\n<p><a rel=\"attachment wp-att-2105\" href=\"http:\/\/www.ecurieorthezbearn.fr\/rallye\/2-eme-rando-quad-louvigny\/dsc02787\/\"><img loading=\"lazy\" decoding=\"async\" class=\"aligncenter size-medium wp-image-2105\" src=\"http:\/\/www.ecurieorthezbearn.fr\/rallye\/wp-content\/uploads\/2011\/03\/DSC02787-300x225.jpg\" alt=\"\" width=\"300\" height=\"225\" srcset=\"https:\/\/www.ecurieorthezbearn.fr\/rallye\/wp-content\/uploads\/2011\/03\/DSC02787-300x225.jpg 300w, https:\/\/www.ecurieorthezbearn.fr\/rallye\/wp-content\/uploads\/2011\/03\/DSC02787.jpg 2048w\" sizes=\"(max-width: 300px) 100vw, 300px\" \/><\/a><\/p>\n<p>Plus technique que le matin, des passages d\u00e9licats pour les deux roues, dont quelques uns se souviendront.<\/p>\n<figure id=\"attachment_2106\" aria-describedby=\"caption-attachment-2106\" style=\"width: 300px\" class=\"wp-caption aligncenter\"><a rel=\"attachment wp-att-2106\" href=\"http:\/\/www.ecurieorthezbearn.fr\/rallye\/2-eme-rando-quad-louvigny\/dsc02790\/\"><img loading=\"lazy\" decoding=\"async\" class=\"size-medium wp-image-2106\" src=\"http:\/\/www.ecurieorthezbearn.fr\/rallye\/wp-content\/uploads\/2011\/03\/DSC02790-300x225.jpg\" alt=\"Ludo trouvera les limites du kimco\" width=\"300\" height=\"225\" srcset=\"https:\/\/www.ecurieorthezbearn.fr\/rallye\/wp-content\/uploads\/2011\/03\/DSC02790-300x225.jpg 300w, https:\/\/www.ecurieorthezbearn.fr\/rallye\/wp-content\/uploads\/2011\/03\/DSC02790.jpg 2048w\" sizes=\"(max-width: 300px) 100vw, 300px\" \/><\/a><figcaption id=\"caption-attachment-2106\" class=\"wp-caption-text\">Ludo trouvera les limites du kimco<\/figcaption><\/figure>\n<figure id=\"attachment_2109\" aria-describedby=\"caption-attachment-2109\" style=\"width: 300px\" class=\"wp-caption aligncenter\"><a rel=\"attachment wp-att-2109\" href=\"http:\/\/www.ecurieorthezbearn.fr\/rallye\/2-eme-rando-quad-louvigny\/dsc02782\/\"><img loading=\"lazy\" decoding=\"async\" class=\"size-medium wp-image-2109\" src=\"http:\/\/www.ecurieorthezbearn.fr\/rallye\/wp-content\/uploads\/2011\/03\/DSC02782-300x225.jpg\" alt=\"petite frayeur pour ce sportif 2 roues motrices !\" width=\"300\" height=\"225\" srcset=\"https:\/\/www.ecurieorthezbearn.fr\/rallye\/wp-content\/uploads\/2011\/03\/DSC02782-300x225.jpg 300w, https:\/\/www.ecurieorthezbearn.fr\/rallye\/wp-content\/uploads\/2011\/03\/DSC02782.jpg 2048w\" sizes=\"(max-width: 300px) 100vw, 300px\" \/><\/a><figcaption id=\"caption-attachment-2109\" class=\"wp-caption-text\">petite frayeur pour ce sportif 2 roues motrices !<\/figcaption><\/figure>\n<p><a rel=\"attachment wp-att-2110\" href=\"http:\/\/www.ecurieorthezbearn.fr\/rallye\/2-eme-rando-quad-louvigny\/img_0608\/\"><img loading=\"lazy\" decoding=\"async\" class=\"aligncenter size-medium wp-image-2110\" src=\"http:\/\/www.ecurieorthezbearn.fr\/rallye\/wp-content\/uploads\/2011\/03\/IMG_0608-300x199.jpg\" alt=\"\" width=\"300\" height=\"199\" srcset=\"https:\/\/www.ecurieorthezbearn.fr\/rallye\/wp-content\/uploads\/2011\/03\/IMG_0608-300x199.jpg 300w, https:\/\/www.ecurieorthezbearn.fr\/rallye\/wp-content\/uploads\/2011\/03\/IMG_0608.jpg 500w\" sizes=\"(max-width: 300px) 100vw, 300px\" \/><\/a><\/p>\n<p><a rel=\"attachment wp-att-2111\" href=\"http:\/\/www.ecurieorthezbearn.fr\/rallye\/2-eme-rando-quad-louvigny\/img_0658\/\"><img loading=\"lazy\" decoding=\"async\" class=\"aligncenter size-medium wp-image-2111\" src=\"http:\/\/www.ecurieorthezbearn.fr\/rallye\/wp-content\/uploads\/2011\/03\/IMG_0658-300x199.jpg\" alt=\"\" width=\"300\" height=\"199\" srcset=\"https:\/\/www.ecurieorthezbearn.fr\/rallye\/wp-content\/uploads\/2011\/03\/IMG_0658-300x199.jpg 300w, https:\/\/www.ecurieorthezbearn.fr\/rallye\/wp-content\/uploads\/2011\/03\/IMG_0658.jpg 500w\" sizes=\"(max-width: 300px) 100vw, 300px\" \/><\/a><\/p>\n<p><a rel=\"attachment wp-att-2112\" href=\"http:\/\/www.ecurieorthezbearn.fr\/rallye\/2-eme-rando-quad-louvigny\/img_0544\/\"><img loading=\"lazy\" decoding=\"async\" class=\"aligncenter size-medium wp-image-2112\" src=\"http:\/\/www.ecurieorthezbearn.fr\/rallye\/wp-content\/uploads\/2011\/03\/IMG_0544-300x199.jpg\" alt=\"\" width=\"300\" height=\"199\" srcset=\"https:\/\/www.ecurieorthezbearn.fr\/rallye\/wp-content\/uploads\/2011\/03\/IMG_0544-300x199.jpg 300w, https:\/\/www.ecurieorthezbearn.fr\/rallye\/wp-content\/uploads\/2011\/03\/IMG_0544.jpg 500w\" sizes=\"(max-width: 300px) 100vw, 300px\" \/><\/a><\/p>\n<figure id=\"attachment_2113\" aria-describedby=\"caption-attachment-2113\" style=\"width: 300px\" class=\"wp-caption aligncenter\"><a rel=\"attachment wp-att-2113\" href=\"http:\/\/www.ecurieorthezbearn.fr\/rallye\/2-eme-rando-quad-louvigny\/dsc02796\/\"><img loading=\"lazy\" decoding=\"async\" class=\"size-medium wp-image-2113\" src=\"http:\/\/www.ecurieorthezbearn.fr\/rallye\/wp-content\/uploads\/2011\/03\/DSC02796-300x225.jpg\" alt=\"la chaine de Laurent saute au mauvais moment !\" width=\"300\" height=\"225\" srcset=\"https:\/\/www.ecurieorthezbearn.fr\/rallye\/wp-content\/uploads\/2011\/03\/DSC02796-300x225.jpg 300w, https:\/\/www.ecurieorthezbearn.fr\/rallye\/wp-content\/uploads\/2011\/03\/DSC02796.jpg 2048w\" sizes=\"(max-width: 300px) 100vw, 300px\" \/><\/a><figcaption id=\"caption-attachment-2113\" class=\"wp-caption-text\">la chaine de Laurent saute au mauvais moment !<\/figcaption><\/figure>\n<figure id=\"attachment_2114\" aria-describedby=\"caption-attachment-2114\" style=\"width: 300px\" class=\"wp-caption aligncenter\"><a rel=\"attachment wp-att-2114\" href=\"http:\/\/www.ecurieorthezbearn.fr\/rallye\/2-eme-rando-quad-louvigny\/dsc02786\/\"><img loading=\"lazy\" decoding=\"async\" class=\"size-medium wp-image-2114\" src=\"http:\/\/www.ecurieorthezbearn.fr\/rallye\/wp-content\/uploads\/2011\/03\/DSC02786-300x225.jpg\" alt=\"un trou artificiel ,Lionel sans sort tr\u00e8s bien.\" width=\"300\" height=\"225\" srcset=\"https:\/\/www.ecurieorthezbearn.fr\/rallye\/wp-content\/uploads\/2011\/03\/DSC02786-300x225.jpg 300w, https:\/\/www.ecurieorthezbearn.fr\/rallye\/wp-content\/uploads\/2011\/03\/DSC02786.jpg 2048w\" sizes=\"(max-width: 300px) 100vw, 300px\" \/><\/a><figcaption id=\"caption-attachment-2114\" class=\"wp-caption-text\">un trou artificiel ,Lionel sans sort tr\u00e8s bien.<\/figcaption><\/figure>\n<figure id=\"attachment_2115\" aria-describedby=\"caption-attachment-2115\" style=\"width: 300px\" class=\"wp-caption aligncenter\"><a rel=\"attachment wp-att-2115\" href=\"http:\/\/www.ecurieorthezbearn.fr\/rallye\/2-eme-rando-quad-louvigny\/dsc02797\/\"><img loading=\"lazy\" decoding=\"async\" class=\"size-medium wp-image-2115\" src=\"http:\/\/www.ecurieorthezbearn.fr\/rallye\/wp-content\/uploads\/2011\/03\/DSC02797-300x225.jpg\" alt=\"Denis est revenu chercher Laurent \" width=\"300\" height=\"225\" srcset=\"https:\/\/www.ecurieorthezbearn.fr\/rallye\/wp-content\/uploads\/2011\/03\/DSC02797-300x225.jpg 300w, https:\/\/www.ecurieorthezbearn.fr\/rallye\/wp-content\/uploads\/2011\/03\/DSC02797.jpg 2048w\" sizes=\"(max-width: 300px) 100vw, 300px\" \/><\/a><figcaption id=\"caption-attachment-2115\" class=\"wp-caption-text\">Denis est revenu chercher Laurent <\/figcaption><\/figure>\n<figure id=\"attachment_2116\" aria-describedby=\"caption-attachment-2116\" style=\"width: 300px\" class=\"wp-caption aligncenter\"><a rel=\"attachment wp-att-2116\" href=\"http:\/\/www.ecurieorthezbearn.fr\/rallye\/2-eme-rando-quad-louvigny\/dsc02740\/\"><img loading=\"lazy\" decoding=\"async\" class=\"size-medium wp-image-2116\" src=\"http:\/\/www.ecurieorthezbearn.fr\/rallye\/wp-content\/uploads\/2011\/03\/DSC02740-300x225.jpg\" alt=\"premiere crevaison de Ludo\" width=\"300\" height=\"225\" srcset=\"https:\/\/www.ecurieorthezbearn.fr\/rallye\/wp-content\/uploads\/2011\/03\/DSC02740-300x225.jpg 300w, https:\/\/www.ecurieorthezbearn.fr\/rallye\/wp-content\/uploads\/2011\/03\/DSC02740.jpg 2048w\" sizes=\"(max-width: 300px) 100vw, 300px\" \/><\/a><figcaption id=\"caption-attachment-2116\" class=\"wp-caption-text\">premiere crevaison de Ludo<\/figcaption><\/figure>\n<p><a rel=\"attachment wp-att-2117\" href=\"http:\/\/www.ecurieorthezbearn.fr\/rallye\/2-eme-rando-quad-louvigny\/dsc02771\/\"><img loading=\"lazy\" decoding=\"async\" class=\"aligncenter size-medium wp-image-2117\" src=\"http:\/\/www.ecurieorthezbearn.fr\/rallye\/wp-content\/uploads\/2011\/03\/DSC02771-300x225.jpg\" alt=\"\" width=\"300\" height=\"225\" srcset=\"https:\/\/www.ecurieorthezbearn.fr\/rallye\/wp-content\/uploads\/2011\/03\/DSC02771-300x225.jpg 300w, https:\/\/www.ecurieorthezbearn.fr\/rallye\/wp-content\/uploads\/2011\/03\/DSC02771.jpg 2048w\" sizes=\"(max-width: 300px) 100vw, 300px\" \/><\/a><\/p>\n<p><a rel=\"attachment wp-att-2118\" href=\"http:\/\/www.ecurieorthezbearn.fr\/rallye\/2-eme-rando-quad-louvigny\/dsc02785\/\"><img loading=\"lazy\" decoding=\"async\" class=\"aligncenter size-medium wp-image-2118\" src=\"http:\/\/www.ecurieorthezbearn.fr\/rallye\/wp-content\/uploads\/2011\/03\/DSC02785-300x225.jpg\" alt=\"\" width=\"300\" height=\"225\" srcset=\"https:\/\/www.ecurieorthezbearn.fr\/rallye\/wp-content\/uploads\/2011\/03\/DSC02785-300x225.jpg 300w, https:\/\/www.ecurieorthezbearn.fr\/rallye\/wp-content\/uploads\/2011\/03\/DSC02785.jpg 2048w\" sizes=\"(max-width: 300px) 100vw, 300px\" \/><\/a><\/p>\n<p>19 h ,nous rentrons sur Louvigny, il est temps de charger les quads, de se changer. Nous prenons le pot de l&rsquo;amiti\u00e9 avec les organisateurs que nous f\u00e9licitons. A noter que pour seulement la deuxi\u00e8me ann\u00e9e, un journaliste de\u00a0Quad Magazine\u00a0c&rsquo;est d\u00e9plac\u00e9 et a suivi les 7 groupes \u00e0 bord du quad pilot\u00e9 par notre ami\u00a0Jean-Yves de l&rsquo;ASM Pau . Cette rando\u00a0va monter haut, c&rsquo;est s\u00fbr .<\/p>\n<p>Merci \u00e0 Jean-Michel, Laurent, Lionel, Ludo, Denis et les photographes .<\/p>\n<p><a rel=\"attachment wp-att-2119\" href=\"http:\/\/www.ecurieorthezbearn.fr\/rallye\/2-eme-rando-quad-louvigny\/dsc02798\/\"><img loading=\"lazy\" decoding=\"async\" class=\"aligncenter size-medium wp-image-2119\" src=\"http:\/\/www.ecurieorthezbearn.fr\/rallye\/wp-content\/uploads\/2011\/03\/DSC02798-300x225.jpg\" alt=\"\" width=\"300\" height=\"225\" srcset=\"https:\/\/www.ecurieorthezbearn.fr\/rallye\/wp-content\/uploads\/2011\/03\/DSC02798-300x225.jpg 300w, https:\/\/www.ecurieorthezbearn.fr\/rallye\/wp-content\/uploads\/2011\/03\/DSC02798.jpg 2048w\" sizes=\"(max-width: 300px) 100vw, 300px\" \/><\/a><\/p>\n<p><a rel=\"attachment wp-att-2120\" href=\"http:\/\/www.ecurieorthezbearn.fr\/rallye\/2-eme-rando-quad-louvigny\/dsc02799\/\"><img loading=\"lazy\" decoding=\"async\" class=\"aligncenter size-medium wp-image-2120\" src=\"http:\/\/www.ecurieorthezbearn.fr\/rallye\/wp-content\/uploads\/2011\/03\/DSC02799-300x225.jpg\" alt=\"\" width=\"300\" height=\"225\" srcset=\"https:\/\/www.ecurieorthezbearn.fr\/rallye\/wp-content\/uploads\/2011\/03\/DSC02799-300x225.jpg 300w, https:\/\/www.ecurieorthezbearn.fr\/rallye\/wp-content\/uploads\/2011\/03\/DSC02799.jpg 2048w\" sizes=\"(max-width: 300px) 100vw, 300px\" \/><\/a><\/p>\n","protected":false},"excerpt":{"rendered":"<p>Deuxi\u00e8me \u00e9dition\u00a0de la rando quad\u00a0 La Louvignaise en Soubestre , superbement organis\u00e9e cette ann\u00e9e par\u00a0des organisateurs qui ont accompli un tr\u00e8s gros travail de recherche et de pr\u00e9paration\u00a0sur les\u00a0chemins. Cette \u00e9dition 2011 nous laissera \u00a0de bons souvenirs. Le temp sec et relativement doux a r\u00e9uni 100 quadeurs, nombre volontairement limit\u00e9, dont 6 membres\u00a0 de \u00a0la &hellip; <a href=\"https:\/\/www.ecurieorthezbearn.fr\/rallye\/2-eme-rando-quad-louvigny\/\" class=\"more-link\">Continuer la lecture de <span class=\"screen-reader-text\">2 \u00e8me rando quad Louvigny<\/span>  <span class=\"meta-nav\">&rarr;<\/span><\/a><\/p>\n","protected":false},"author":4,"featured_media":0,"comment_status":"closed","ping_status":"closed","sticky":false,"template":"","format":"standard","meta":{"footnotes":""},"categories":[39],"tags":[57,47,37],"_links":{"self":[{"href":"https:\/\/www.ecurieorthezbearn.fr\/rallye\/wp-json\/wp\/v2\/posts\/2060"}],"collection":[{"href":"https:\/\/www.ecurieorthezbearn.fr\/rallye\/wp-json\/wp\/v2\/posts"}],"about":[{"href":"https:\/\/www.ecurieorthezbearn.fr\/rallye\/wp-json\/wp\/v2\/types\/post"}],"author":[{"embeddable":true,"href":"https:\/\/www.ecurieorthezbearn.fr\/rallye\/wp-json\/wp\/v2\/users\/4"}],"replies":[{"embeddable":true,"href":"https:\/\/www.ecurieorthezbearn.fr\/rallye\/wp-json\/wp\/v2\/comments?post=2060"}],"version-history":[{"count":13,"href":"https:\/\/www.ecurieorthezbearn.fr\/rallye\/wp-json\/wp\/v2\/posts\/2060\/revisions"}],"predecessor-version":[{"id":2129,"href":"https:\/\/www.ecurieorthezbearn.fr\/rallye\/wp-json\/wp\/v2\/posts\/2060\/revisions\/2129"}],"wp:attachment":[{"href":"https:\/\/www.ecurieorthezbearn.fr\/rallye\/wp-json\/wp\/v2\/media?parent=2060"}],"wp:term":[{"taxonomy":"category","embeddable":true,"href":"https:\/\/www.ecurieorthezbearn.fr\/rallye\/wp-json\/wp\/v2\/categories?post=2060"},{"taxonomy":"post_tag","embeddable":true,"href":"https:\/\/www.ecurieorthezbearn.fr\/rallye\/wp-json\/wp\/v2\/tags?post=2060"}],"curies":[{"name":"wp","href":"https:\/\/api.w.org\/{rel}","templated":true}]}}