{"id":2130,"date":"2011-04-01T10:01:13","date_gmt":"2011-04-01T08:01:13","guid":{"rendered":"http:\/\/www.ecurieorthezbearn.fr\/rallye\/?p=2130"},"modified":"2012-07-11T22:35:29","modified_gmt":"2012-07-11T20:35:29","slug":"sebastien-loeb-en-ouvreur-du-rallye-orthez-bearn","status":"publish","type":"post","link":"https:\/\/www.ecurieorthezbearn.fr\/rallye\/sebastien-loeb-en-ouvreur-du-rallye-orthez-bearn\/","title":{"rendered":"S\u00e9bastien loeb en ouvreur du rallye orthez b\u00e9arn"},"content":{"rendered":"<p>Apr\u00e8s de longs mois de tractations avec divers partenaires et intervenants, c&rsquo;est fait! Notre sextuple champion du monde des rallyes sera pr\u00e9sent en b\u00e9arn les 5 et 6 ao\u00fbt. Passionn\u00e9 de sport auto et avide d&rsquo;en d\u00e9couvrir toutes ses facettes, notre seb nationnal testera la conduite en rallye tout terrain au volant du dernier Rivet propuls\u00e9 par un groupe qu&rsquo;il maitrise parfaitement, puisqu&rsquo;il s&rsquo;agit du 2 litres turbo utilis\u00e9 dans les C4 WRC de ces derni\u00e8res ann\u00e9es.Du spectacle en perspective et s\u00fbrement une affluence record de spectateurs.A noter que cette op\u00e9ration \u00e0 un co\u00fbt, et d&rsquo;ores et d\u00e9j\u00e0 les organisateurs remercient le principal sponsor de cet \u00e9v\u00e8nement: la gaule orth\u00e9zienne.<\/p>\n<p>Vivement le mois d&rsquo;Ao\u00fbt !!!<\/p>\n<p><img loading=\"lazy\" decoding=\"async\" class=\"aligncenter size-full wp-image-2134\" title=\"S\u00e9bastien Loeb en ouvreur au rallye d'Orthez sur un Rivet Avril\" src=\"http:\/\/www.ecurieorthezbearn.fr\/rallye\/wp-content\/uploads\/2011\/04\/Orthez_rivet_loeb.jpg\" alt=\"\" width=\"580\" height=\"435\" srcset=\"https:\/\/www.ecurieorthezbearn.fr\/rallye\/wp-content\/uploads\/2011\/04\/Orthez_rivet_loeb.jpg 580w, https:\/\/www.ecurieorthezbearn.fr\/rallye\/wp-content\/uploads\/2011\/04\/Orthez_rivet_loeb-300x225.jpg 300w\" sizes=\"(max-width: 580px) 100vw, 580px\" \/><\/p>\n<p>Derni\u00e8res photos parvenues du service de presse de la\u00a0 gaule orth\u00e9zienne.<\/p>\n<p>Maurice, un des 2 co-pr\u00e9sidents de l&rsquo;Ecurie, explique \u00e0 S\u00e9bastien Loeb que le circuit du jour, l&rsquo;immense terrain s\u00e9curis\u00e9 en face du club, s&rsquo;appelle Zehtro (Orthez \u00e0 l&rsquo;envers), et que les adh\u00e9rents de l&rsquo;Ecurie s&rsquo;y retrouvent souvent, au moins une fois par mois, \u00e0 l&rsquo;occasion des Chingarres.<\/p>\n<p><img loading=\"lazy\" decoding=\"async\" class=\"aligncenter size-medium wp-image-2158\" title=\"loeb orthez\" src=\"http:\/\/www.ecurieorthezbearn.fr\/rallye\/wp-content\/uploads\/2011\/04\/loeb_orthez2-300x225.jpg\" alt=\"\" width=\"300\" height=\"225\" srcset=\"https:\/\/www.ecurieorthezbearn.fr\/rallye\/wp-content\/uploads\/2011\/04\/loeb_orthez2-300x225.jpg 300w, https:\/\/www.ecurieorthezbearn.fr\/rallye\/wp-content\/uploads\/2011\/04\/loeb_orthez2.jpg 580w\" sizes=\"(max-width: 300px) 100vw, 300px\" \/><\/p>\n<p>Ici, c&rsquo;est Jacques, le second co-pr\u00e9sident, lors d&rsquo;une interview, remerciant tr\u00e8s chaleureusement notre h\u00e9ros national de s&rsquo;int\u00e9resser de si pr\u00e8s \u00e0 notre discipline, et si son planning tr\u00e8s charg\u00e9 le confirme, de venir faire l&rsquo;ouverture de notre rallye. Merci \u00e0 Seb !!<\/p>\n<p><img loading=\"lazy\" decoding=\"async\" class=\"aligncenter size-medium wp-image-2159\" title=\"loeb orthez\" src=\"http:\/\/www.ecurieorthezbearn.fr\/rallye\/wp-content\/uploads\/2011\/04\/loeb_orthez3-300x225.jpg\" alt=\"\" width=\"300\" height=\"225\" srcset=\"https:\/\/www.ecurieorthezbearn.fr\/rallye\/wp-content\/uploads\/2011\/04\/loeb_orthez3-300x225.jpg 300w, https:\/\/www.ecurieorthezbearn.fr\/rallye\/wp-content\/uploads\/2011\/04\/loeb_orthez3.jpg 580w\" sizes=\"(max-width: 300px) 100vw, 300px\" \/><\/p>\n","protected":false},"excerpt":{"rendered":"<p>Apr\u00e8s de longs mois de tractations avec divers partenaires et intervenants, c&rsquo;est fait! Notre sextuple champion du monde des rallyes sera pr\u00e9sent en b\u00e9arn les 5 et 6 ao\u00fbt. Passionn\u00e9 de sport auto et avide d&rsquo;en d\u00e9couvrir toutes ses facettes, notre seb nationnal testera la conduite en rallye tout terrain au volant du dernier Rivet &hellip; <a href=\"https:\/\/www.ecurieorthezbearn.fr\/rallye\/sebastien-loeb-en-ouvreur-du-rallye-orthez-bearn\/\" class=\"more-link\">Continuer la lecture de <span class=\"screen-reader-text\">S\u00e9bastien loeb en ouvreur du rallye orthez b\u00e9arn<\/span>  <span class=\"meta-nav\">&rarr;<\/span><\/a><\/p>\n","protected":false},"author":6,"featured_media":0,"comment_status":"closed","ping_status":"closed","sticky":false,"template":"","format":"standard","meta":{"footnotes":""},"categories":[1],"tags":[129],"_links":{"self":[{"href":"https:\/\/www.ecurieorthezbearn.fr\/rallye\/wp-json\/wp\/v2\/posts\/2130"}],"collection":[{"href":"https:\/\/www.ecurieorthezbearn.fr\/rallye\/wp-json\/wp\/v2\/posts"}],"about":[{"href":"https:\/\/www.ecurieorthezbearn.fr\/rallye\/wp-json\/wp\/v2\/types\/post"}],"author":[{"embeddable":true,"href":"https:\/\/www.ecurieorthezbearn.fr\/rallye\/wp-json\/wp\/v2\/users\/6"}],"replies":[{"embeddable":true,"href":"https:\/\/www.ecurieorthezbearn.fr\/rallye\/wp-json\/wp\/v2\/comments?post=2130"}],"version-history":[{"count":8,"href":"https:\/\/www.ecurieorthezbearn.fr\/rallye\/wp-json\/wp\/v2\/posts\/2130\/revisions"}],"predecessor-version":[{"id":4511,"href":"https:\/\/www.ecurieorthezbearn.fr\/rallye\/wp-json\/wp\/v2\/posts\/2130\/revisions\/4511"}],"wp:attachment":[{"href":"https:\/\/www.ecurieorthezbearn.fr\/rallye\/wp-json\/wp\/v2\/media?parent=2130"}],"wp:term":[{"taxonomy":"category","embeddable":true,"href":"https:\/\/www.ecurieorthezbearn.fr\/rallye\/wp-json\/wp\/v2\/categories?post=2130"},{"taxonomy":"post_tag","embeddable":true,"href":"https:\/\/www.ecurieorthezbearn.fr\/rallye\/wp-json\/wp\/v2\/tags?post=2130"}],"curies":[{"name":"wp","href":"https:\/\/api.w.org\/{rel}","templated":true}]}}