{"id":2137,"date":"2010-08-12T07:43:53","date_gmt":"2010-08-12T05:43:53","guid":{"rendered":"http:\/\/www.ecurieorthezbearn.fr\/rallye\/?p=2137"},"modified":"2011-04-02T07:46:59","modified_gmt":"2011-04-02T05:46:59","slug":"rv-2011","status":"publish","type":"post","link":"https:\/\/www.ecurieorthezbearn.fr\/rallye\/rv-2011\/","title":{"rendered":"RV 2011"},"content":{"rendered":"<h2 style=\"text-align: center;\">Le 10 \u00e8me Rallye Tout-Terrain Orthez-B\u00e9arn est pass\u00e9.<\/h2>\n<h3>De l&rsquo;avis de tous, ce fut un tr\u00e8s beau rallye.<\/h3>\n<h3>Nous vous remercions pour toutes ces joies v\u00e9cues pendant ces trois jours.<\/h3>\n<h3>Nous vous donnons rendez-vous \u00e0 l&rsquo;an prochain, pour un rallye encore meilleur !<\/h3>\n<p style=\"text-align: center;\">\n<p style=\"text-align: center;\"><a href=\"http:\/\/www.ecurieorthezbearn.fr\/.fichiers\/2010\/mosaic_orthez2010.jpg\" target=\"_blank\"><img loading=\"lazy\" decoding=\"async\" class=\"aligncenter\" title=\"Ecurie Orthez-Bearn mosa\u00efque 09-2010\" src=\"http:\/\/www.ecurieorthezbearn.fr\/.fichiers\/2010\/mosaic_orthez2010web.jpg\" alt=\"\" width=\"650\" height=\"449\" \/><\/a><\/p>\n<p style=\"text-align: center;\">\n<p style=\"text-align: center;\"><img decoding=\"async\" class=\"aligncenter\" src=\"http:\/\/www.ecurieorthezbearn.fr\/.fichiers\/2010\/Affiche_2010_Orthez.jpg\" alt=\"Affiche Rallye Orthez-B\u00e9arn 2010\" \/><\/p>\n","protected":false},"excerpt":{"rendered":"<p>Le 10 \u00e8me Rallye Tout-Terrain Orthez-B\u00e9arn est pass\u00e9. De l&rsquo;avis de tous, ce fut un tr\u00e8s beau rallye. Nous vous remercions pour toutes ces joies v\u00e9cues pendant ces trois jours. Nous vous donnons rendez-vous \u00e0 l&rsquo;an prochain, pour un rallye encore meilleur !<\/p>\n","protected":false},"author":6,"featured_media":0,"comment_status":"closed","ping_status":"closed","sticky":false,"template":"","format":"standard","meta":{"footnotes":""},"categories":[1],"tags":[],"_links":{"self":[{"href":"https:\/\/www.ecurieorthezbearn.fr\/rallye\/wp-json\/wp\/v2\/posts\/2137"}],"collection":[{"href":"https:\/\/www.ecurieorthezbearn.fr\/rallye\/wp-json\/wp\/v2\/posts"}],"about":[{"href":"https:\/\/www.ecurieorthezbearn.fr\/rallye\/wp-json\/wp\/v2\/types\/post"}],"author":[{"embeddable":true,"href":"https:\/\/www.ecurieorthezbearn.fr\/rallye\/wp-json\/wp\/v2\/users\/6"}],"replies":[{"embeddable":true,"href":"https:\/\/www.ecurieorthezbearn.fr\/rallye\/wp-json\/wp\/v2\/comments?post=2137"}],"version-history":[{"count":2,"href":"https:\/\/www.ecurieorthezbearn.fr\/rallye\/wp-json\/wp\/v2\/posts\/2137\/revisions"}],"predecessor-version":[{"id":2139,"href":"https:\/\/www.ecurieorthezbearn.fr\/rallye\/wp-json\/wp\/v2\/posts\/2137\/revisions\/2139"}],"wp:attachment":[{"href":"https:\/\/www.ecurieorthezbearn.fr\/rallye\/wp-json\/wp\/v2\/media?parent=2137"}],"wp:term":[{"taxonomy":"category","embeddable":true,"href":"https:\/\/www.ecurieorthezbearn.fr\/rallye\/wp-json\/wp\/v2\/categories?post=2137"},{"taxonomy":"post_tag","embeddable":true,"href":"https:\/\/www.ecurieorthezbearn.fr\/rallye\/wp-json\/wp\/v2\/tags?post=2137"}],"curies":[{"name":"wp","href":"https:\/\/api.w.org\/{rel}","templated":true}]}}