{"id":2144,"date":"2011-03-02T07:50:44","date_gmt":"2011-03-02T05:50:44","guid":{"rendered":"http:\/\/www.ecurieorthezbearn.fr\/rallye\/?p=2144"},"modified":"2011-04-02T07:55:52","modified_gmt":"2011-04-02T05:55:52","slug":"premier-rallye","status":"publish","type":"post","link":"https:\/\/www.ecurieorthezbearn.fr\/rallye\/premier-rallye\/","title":{"rendered":"Premier rallye"},"content":{"rendered":"<p>Premier rallye de l&rsquo;ann\u00e9e, en plus chez nos voisins et amis, le <a href=\"http:\/\/www.everyoneweb.fr\/ecuriedescollines\/\" target=\"_blank\">29\u00e8me Rallye des Collines d&rsquo;Arzacq et du Soubestre<\/a>, les 4 &#8211; 5 et 6 Mars 2011. Ce seront \u00e9galement les d\u00e9buts pour certains de nos amis et membres de l&rsquo;Ecurie : bonne chance \u00e0 eux, et beaucoup de plaisir !<\/p>\n<p style=\"text-align: center;\">\n<p style=\"text-align: center;\">\n<p style=\"text-align: center;\">\n<p style=\"text-align: center;\">\n<p>Equipage 124 Lauhle \/ Cassagne Arzacq \u00e0 Arzacq 2011<br \/>\n<a href=\"http:\/\/www.ecurieorthezbearn.fr\/rallye\/wp-content\/uploads\/2011\/03\/124_arzacq_2011.gif\"><img loading=\"lazy\" decoding=\"async\" class=\"aligncenter size-full wp-image-2041\" title=\"124 Lauhle \/ Cassagne Arzacq 2011\" src=\"http:\/\/www.ecurieorthezbearn.fr\/rallye\/wp-content\/uploads\/2011\/03\/124_arzacq_2011.gif\" alt=\"\" width=\"690\" height=\"470\" \/><\/a><\/p>\n","protected":false},"excerpt":{"rendered":"<p>Premier rallye de l&rsquo;ann\u00e9e, en plus chez nos voisins et amis, le 29\u00e8me Rallye des Collines d&rsquo;Arzacq et du Soubestre, les 4 &#8211; 5 et 6 Mars 2011. Ce seront \u00e9galement les d\u00e9buts pour certains de nos amis et membres de l&rsquo;Ecurie : bonne chance \u00e0 eux, et beaucoup de plaisir ! Equipage 124 Lauhle &hellip; <a href=\"https:\/\/www.ecurieorthezbearn.fr\/rallye\/premier-rallye\/\" class=\"more-link\">Continuer la lecture de <span class=\"screen-reader-text\">Premier rallye<\/span>  <span class=\"meta-nav\">&rarr;<\/span><\/a><\/p>\n","protected":false},"author":6,"featured_media":0,"comment_status":"closed","ping_status":"closed","sticky":false,"template":"","format":"standard","meta":{"footnotes":""},"categories":[69,120],"tags":[6],"_links":{"self":[{"href":"https:\/\/www.ecurieorthezbearn.fr\/rallye\/wp-json\/wp\/v2\/posts\/2144"}],"collection":[{"href":"https:\/\/www.ecurieorthezbearn.fr\/rallye\/wp-json\/wp\/v2\/posts"}],"about":[{"href":"https:\/\/www.ecurieorthezbearn.fr\/rallye\/wp-json\/wp\/v2\/types\/post"}],"author":[{"embeddable":true,"href":"https:\/\/www.ecurieorthezbearn.fr\/rallye\/wp-json\/wp\/v2\/users\/6"}],"replies":[{"embeddable":true,"href":"https:\/\/www.ecurieorthezbearn.fr\/rallye\/wp-json\/wp\/v2\/comments?post=2144"}],"version-history":[{"count":1,"href":"https:\/\/www.ecurieorthezbearn.fr\/rallye\/wp-json\/wp\/v2\/posts\/2144\/revisions"}],"predecessor-version":[{"id":2145,"href":"https:\/\/www.ecurieorthezbearn.fr\/rallye\/wp-json\/wp\/v2\/posts\/2144\/revisions\/2145"}],"wp:attachment":[{"href":"https:\/\/www.ecurieorthezbearn.fr\/rallye\/wp-json\/wp\/v2\/media?parent=2144"}],"wp:term":[{"taxonomy":"category","embeddable":true,"href":"https:\/\/www.ecurieorthezbearn.fr\/rallye\/wp-json\/wp\/v2\/categories?post=2144"},{"taxonomy":"post_tag","embeddable":true,"href":"https:\/\/www.ecurieorthezbearn.fr\/rallye\/wp-json\/wp\/v2\/tags?post=2144"}],"curies":[{"name":"wp","href":"https:\/\/api.w.org\/{rel}","templated":true}]}}