{"id":2232,"date":"2011-04-19T08:15:36","date_gmt":"2011-04-19T06:15:36","guid":{"rendered":"http:\/\/www.ecurieorthezbearn.fr\/rallye\/?p=2232"},"modified":"2011-05-03T11:46:22","modified_gmt":"2011-05-03T09:46:22","slug":"le-team-henriques","status":"publish","type":"post","link":"https:\/\/www.ecurieorthezbearn.fr\/rallye\/le-team-henriques\/","title":{"rendered":"Le Team Henriqu\u00e8s"},"content":{"rendered":"<p>Le Team Henriqu\u00e8s est compos\u00e9 de papa Manuel le copilote et du fiston Lionel le pilote, et avec une belle assistance.<br \/>\n<a href=\"http:\/\/www.ecurieorthezbearn.fr\/rallye\/wp-content\/uploads\/2011\/04\/tem_henriques.jpg\" target=\"_blank\"><br \/>\n<\/a><\/p>\n<p><a href=\"http:\/\/www.ecurieorthezbearn.fr\/rallye\/wp-content\/uploads\/2011\/04\/DSCF8943-forum.jpg\" target=\"_blank\"><img loading=\"lazy\" decoding=\"async\" class=\"aligncenter size-medium wp-image-2272\" title=\"L'equipage Henriqu\u00e8s\" src=\"http:\/\/www.ecurieorthezbearn.fr\/rallye\/wp-content\/uploads\/2011\/04\/DSCF8943-forum-300x205.jpg\" alt=\"\" width=\"500\" height=\"350\" \/><\/a><\/p>\n<p style=\"text-align: left;\">\n<p style=\"text-align: left;\">\n<p><a href=\"http:\/\/www.ecurieorthezbearn.fr\/rallye\/wp-content\/uploads\/2011\/04\/P1020923.jpg\" target=\"_blank\"><img loading=\"lazy\" decoding=\"async\" class=\"aligncenter size-medium wp-image-2275\" title=\"assistance Henriqu\u00e8s\" src=\"http:\/\/www.ecurieorthezbearn.fr\/rallye\/wp-content\/uploads\/2011\/04\/P1020923-300x225.jpg\" alt=\"\" width=\"500\" height=\"350\" \/><\/a><\/p>\n<p style=\"text-align: left;\">\n<p style=\"text-align: left;\">\n<p>La voiture, enti\u00e8rement construite par les artistes est bas\u00e9e sur un chassis Fabrice Rivet, montage Henriqu\u00e8s, moteur BMW 3 litres, boite 6 vitesses Lachaume, ponts BMW, suspension Bos et carrosserie look Peugeot 206.<\/p>\n<p><a href=\"http:\/\/www.ecurieorthezbearn.fr\/rallye\/wp-content\/uploads\/2011\/04\/P1020833.jpg\" target=\"_blank\"><img loading=\"lazy\" decoding=\"async\" class=\"aligncenter size-medium wp-image-2249\" title=\"la cellule\" src=\"http:\/\/www.ecurieorthezbearn.fr\/rallye\/wp-content\/uploads\/2011\/04\/P1020833-225x300.jpg\" alt=\"\" width=\"425\" height=\"500\" \/><\/a><\/p>\n<p><a href=\"http:\/\/www.ecurieorthezbearn.fr\/rallye\/wp-content\/uploads\/2011\/04\/IMG_8082.jpg\" target=\"_blank\"><img loading=\"lazy\" decoding=\"async\" class=\"aligncenter size-medium wp-image-2250\" title=\"Podium !\" src=\"http:\/\/www.ecurieorthezbearn.fr\/rallye\/wp-content\/uploads\/2011\/04\/IMG_8082-300x200.jpg\" alt=\"\" width=\"500\" height=\"350\" \/><\/a><\/p>\n<p>D\u00e9but en Tout Terrain EN 2009 \u00e0 Orthez, suivi  de Dunes et Marais, puis en 2010 Arzacq, Gers, Orthez, et enfin Dunes et Marais.<\/p>\n<p><a href=\"http:\/\/www.ecurieorthezbearn.fr\/rallye\/wp-content\/uploads\/2011\/04\/orthez29.jpg\" target=\"_blank\"><img loading=\"lazy\" decoding=\"async\" class=\"aligncenter size-medium wp-image-2259\" title=\"Henriques\" src=\"http:\/\/www.ecurieorthezbearn.fr\/rallye\/wp-content\/uploads\/2011\/04\/orthez29-300x200.jpg\" alt=\"\" width=\"300\" height=\"200\" srcset=\"https:\/\/www.ecurieorthezbearn.fr\/rallye\/wp-content\/uploads\/2011\/04\/orthez29-300x200.jpg 300w, https:\/\/www.ecurieorthezbearn.fr\/rallye\/wp-content\/uploads\/2011\/04\/orthez29.jpg 800w\" sizes=\"(max-width: 300px) 100vw, 300px\" \/><\/a><\/p>\n<p><a href=\"http:\/\/www.ecurieorthezbearn.fr\/rallye\/wp-content\/uploads\/2011\/04\/img30110a.jpg\" target=\"_blank\"><img loading=\"lazy\" decoding=\"async\" class=\"aligncenter size-medium wp-image-2258\" title=\"Henriques\" src=\"http:\/\/www.ecurieorthezbearn.fr\/rallye\/wp-content\/uploads\/2011\/04\/img30110a-300x199.jpg\" alt=\"\" width=\"300\" height=\"199\" srcset=\"https:\/\/www.ecurieorthezbearn.fr\/rallye\/wp-content\/uploads\/2011\/04\/img30110a-300x199.jpg 300w, https:\/\/www.ecurieorthezbearn.fr\/rallye\/wp-content\/uploads\/2011\/04\/img30110a.jpg 800w\" sizes=\"(max-width: 300px) 100vw, 300px\" \/><\/a><\/p>\n<p><a href=\"http:\/\/www.ecurieorthezbearn.fr\/rallye\/wp-content\/uploads\/2011\/04\/dunes11.jpg\" target=\"_blank\"><img loading=\"lazy\" decoding=\"async\" class=\"aligncenter size-medium wp-image-2257\" title=\"Henriques\" src=\"http:\/\/www.ecurieorthezbearn.fr\/rallye\/wp-content\/uploads\/2011\/04\/dunes11-300x199.jpg\" alt=\"\" width=\"300\" height=\"199\" srcset=\"https:\/\/www.ecurieorthezbearn.fr\/rallye\/wp-content\/uploads\/2011\/04\/dunes11-300x199.jpg 300w, https:\/\/www.ecurieorthezbearn.fr\/rallye\/wp-content\/uploads\/2011\/04\/dunes11.jpg 800w\" sizes=\"(max-width: 300px) 100vw, 300px\" \/><\/a><\/p>\n<p><a href=\"http:\/\/www.ecurieorthezbearn.fr\/rallye\/wp-content\/uploads\/2011\/04\/DSCF8497-forum.jpg\" target=\"_blank\"><img loading=\"lazy\" decoding=\"async\" class=\"aligncenter size-medium wp-image-2256\" title=\"Henriques\" src=\"http:\/\/www.ecurieorthezbearn.fr\/rallye\/wp-content\/uploads\/2011\/04\/DSCF8497-forum-300x205.jpg\" alt=\"\" width=\"300\" height=\"205\" srcset=\"https:\/\/www.ecurieorthezbearn.fr\/rallye\/wp-content\/uploads\/2011\/04\/DSCF8497-forum-300x205.jpg 300w, https:\/\/www.ecurieorthezbearn.fr\/rallye\/wp-content\/uploads\/2011\/04\/DSCF8497-forum.jpg 720w\" sizes=\"(max-width: 300px) 100vw, 300px\" \/><\/a><\/p>\n<p><a href=\"http:\/\/www.ecurieorthezbearn.fr\/rallye\/wp-content\/uploads\/2011\/04\/DSCF7700-forum.jpg\" target=\"_blank\"><img loading=\"lazy\" decoding=\"async\" class=\"aligncenter size-medium wp-image-2255\" title=\"Henriques\" src=\"http:\/\/www.ecurieorthezbearn.fr\/rallye\/wp-content\/uploads\/2011\/04\/DSCF7700-forum-300x205.jpg\" alt=\"\" width=\"300\" height=\"205\" srcset=\"https:\/\/www.ecurieorthezbearn.fr\/rallye\/wp-content\/uploads\/2011\/04\/DSCF7700-forum-300x205.jpg 300w, https:\/\/www.ecurieorthezbearn.fr\/rallye\/wp-content\/uploads\/2011\/04\/DSCF7700-forum.jpg 720w\" sizes=\"(max-width: 300px) 100vw, 300px\" \/><\/a><\/p>\n<p><a href=\"http:\/\/www.ecurieorthezbearn.fr\/rallye\/wp-content\/uploads\/2011\/04\/DSCF7004-forum.jpg\" target=\"_blank\"><img loading=\"lazy\" decoding=\"async\" class=\"aligncenter size-medium wp-image-2254\" title=\"Henriques\" src=\"http:\/\/www.ecurieorthezbearn.fr\/rallye\/wp-content\/uploads\/2011\/04\/DSCF7004-forum-300x206.jpg\" alt=\"\" width=\"300\" height=\"206\" srcset=\"https:\/\/www.ecurieorthezbearn.fr\/rallye\/wp-content\/uploads\/2011\/04\/DSCF7004-forum-300x206.jpg 300w, https:\/\/www.ecurieorthezbearn.fr\/rallye\/wp-content\/uploads\/2011\/04\/DSCF7004-forum.jpg 720w\" sizes=\"(max-width: 300px) 100vw, 300px\" \/><\/a><\/p>\n<p><a href=\"http:\/\/www.ecurieorthezbearn.fr\/rallye\/wp-content\/uploads\/2011\/04\/dscf0723.jpg\" target=\"_blank\"><img loading=\"lazy\" decoding=\"async\" class=\"aligncenter size-medium wp-image-2253\" title=\"Henriques\" src=\"http:\/\/www.ecurieorthezbearn.fr\/rallye\/wp-content\/uploads\/2011\/04\/dscf0723-300x205.jpg\" alt=\"\" width=\"300\" height=\"205\" srcset=\"https:\/\/www.ecurieorthezbearn.fr\/rallye\/wp-content\/uploads\/2011\/04\/dscf0723-300x205.jpg 300w, https:\/\/www.ecurieorthezbearn.fr\/rallye\/wp-content\/uploads\/2011\/04\/dscf0723.jpg 800w\" sizes=\"(max-width: 300px) 100vw, 300px\" \/><\/a><\/p>\n<p>La r\u00e9paration est toujours en cours suite \u00e0 leur sortie de route au Dunes et Marais 2010, ils essaient d&rsquo;\u00eatre pr\u00eats pour la journ\u00e9e du club fin juin. La suite sera le rallye du Gers, Orthez et Dunes et Marais.<\/p>\n<p>Photos fournies par le team<\/p>\n","protected":false},"excerpt":{"rendered":"<p>Le Team Henriqu\u00e8s est compos\u00e9 de papa Manuel le copilote et du fiston Lionel le pilote, et avec une belle assistance. La voiture, enti\u00e8rement construite par les artistes est bas\u00e9e sur un chassis Fabrice Rivet, montage Henriqu\u00e8s, moteur BMW 3 litres, boite 6 vitesses Lachaume, ponts BMW, suspension Bos et carrosserie look Peugeot 206. D\u00e9but &hellip; <a href=\"https:\/\/www.ecurieorthezbearn.fr\/rallye\/le-team-henriques\/\" class=\"more-link\">Continuer la lecture de <span class=\"screen-reader-text\">Le Team Henriqu\u00e8s<\/span>  <span class=\"meta-nav\">&rarr;<\/span><\/a><\/p>\n","protected":false},"author":6,"featured_media":0,"comment_status":"closed","ping_status":"closed","sticky":false,"template":"","format":"standard","meta":{"footnotes":""},"categories":[1],"tags":[44,135,28,136],"_links":{"self":[{"href":"https:\/\/www.ecurieorthezbearn.fr\/rallye\/wp-json\/wp\/v2\/posts\/2232"}],"collection":[{"href":"https:\/\/www.ecurieorthezbearn.fr\/rallye\/wp-json\/wp\/v2\/posts"}],"about":[{"href":"https:\/\/www.ecurieorthezbearn.fr\/rallye\/wp-json\/wp\/v2\/types\/post"}],"author":[{"embeddable":true,"href":"https:\/\/www.ecurieorthezbearn.fr\/rallye\/wp-json\/wp\/v2\/users\/6"}],"replies":[{"embeddable":true,"href":"https:\/\/www.ecurieorthezbearn.fr\/rallye\/wp-json\/wp\/v2\/comments?post=2232"}],"version-history":[{"count":28,"href":"https:\/\/www.ecurieorthezbearn.fr\/rallye\/wp-json\/wp\/v2\/posts\/2232\/revisions"}],"predecessor-version":[{"id":2237,"href":"https:\/\/www.ecurieorthezbearn.fr\/rallye\/wp-json\/wp\/v2\/posts\/2232\/revisions\/2237"}],"wp:attachment":[{"href":"https:\/\/www.ecurieorthezbearn.fr\/rallye\/wp-json\/wp\/v2\/media?parent=2232"}],"wp:term":[{"taxonomy":"category","embeddable":true,"href":"https:\/\/www.ecurieorthezbearn.fr\/rallye\/wp-json\/wp\/v2\/categories?post=2232"},{"taxonomy":"post_tag","embeddable":true,"href":"https:\/\/www.ecurieorthezbearn.fr\/rallye\/wp-json\/wp\/v2\/tags?post=2232"}],"curies":[{"name":"wp","href":"https:\/\/api.w.org\/{rel}","templated":true}]}}