{"id":2790,"date":"2011-07-24T18:35:21","date_gmt":"2011-07-24T16:35:21","guid":{"rendered":"http:\/\/www.ecurieorthezbearn.fr\/rallye\/?p=2790"},"modified":"2012-07-11T22:39:32","modified_gmt":"2012-07-11T20:39:32","slug":"commission-securite-rallye-2011","status":"publish","type":"post","link":"https:\/\/www.ecurieorthezbearn.fr\/rallye\/commission-securite-rallye-2011\/","title":{"rendered":"Commission S\u00e9curit\u00e9 Rallye 2011"},"content":{"rendered":"<p>Ce vendredi 22 juillet s&rsquo;est tenue la commission de s\u00e9curit\u00e9 , qui permet\u00a0\u00e0 notre rallye 2011 d&rsquo;avoir toutes les autorisations administratives n\u00e9cessaires. La r\u00e9union a lieu\u00a0\u00e0 la salle Pierre Seillant, QG du rallye,\u00a0\u00e0 10 heures. Freddy Hufnagel repr\u00e9sentant de la Jeunesse et des Sports et animateur, Ren\u00e9 Jean Hulot directeur de course , repr\u00e9sentant la FFSA, le commandant de la gendarmerie d\u00e9partementale, l &lsquo; adjudant chef de la brigade de gendarmerie d&rsquo;Orthez, le capitaine des pompiers d&rsquo;Orthez, le repr\u00e9sentant de la S\u00e9curit\u00e9 Routi\u00e8re \u00a0et plusieurs personnes \u00a0\u00a0d\u00e9legu\u00e9es\u00a0\u00a0\u00e0\u00a0\u00a0l &lsquo;environnement,\u00a0 \u00e0 la nature et\u00a0\u00e0 la protection des esp\u00e8ces sont pr\u00e9sents. Maurice et Jacques nos\u00a0deux co-pr\u00e9sidents se chargent de r\u00e9pondre\u00a0aux diverses questions et d&rsquo;expliquer le d\u00e9roulement chronologique de l&rsquo;\u00e9preuve , \u00a0Jean-Francois\u00a0l&rsquo;attach\u00e9 de presse\u00a0 du rallye compl\u00e8tera les diverses interrogations des intervenants . Quelques maires\u00a0\u00a0 dont \u00a0Patrick Darrieux maire d\u00e9l\u00e9gu\u00e9 de Sainte Suzanne , \u00a0Jacques Laulh\u00e9 maire de Lanneplaa\u00a0\u00a0, monsieur \u00a0Costedoat maire d&rsquo;Hagetaubin sont \u00e9galement pr\u00e9sents .<\/p>\n<p style=\"text-align: center;\"><img loading=\"lazy\" decoding=\"async\" class=\"aligncenter size-medium wp-image-2792\" src=\"http:\/\/www.ecurieorthezbearn.fr\/rallye\/wp-content\/uploads\/2011\/07\/DSCN06101-300x225.jpg\" alt=\"\" width=\"482\" height=\"333\" \/><\/p>\n<p><a href=\"http:\/\/www.ecurieorthezbearn.fr\/rallye\/commission-securite-rallye-2011\/dscn0611\/\" rel=\"attachment wp-att-2793\"><img loading=\"lazy\" decoding=\"async\" class=\"aligncenter size-medium wp-image-2793\" src=\"http:\/\/www.ecurieorthezbearn.fr\/rallye\/wp-content\/uploads\/2011\/07\/DSCN0611-300x225.jpg\" alt=\"\" width=\"481\" height=\"365\" \/><\/a><\/p>\n<p><img loading=\"lazy\" decoding=\"async\" class=\"aligncenter size-medium wp-image-2794\" src=\"http:\/\/www.ecurieorthezbearn.fr\/rallye\/wp-content\/uploads\/2011\/07\/DSCN0614-300x225.jpg\" alt=\"\" width=\"482\" height=\"303\" \/><br \/>\n<img loading=\"lazy\" decoding=\"async\" class=\"aligncenter size-medium wp-image-2795\" src=\"http:\/\/www.ecurieorthezbearn.fr\/rallye\/wp-content\/uploads\/2011\/07\/DSCN0613-300x225.jpg\" alt=\"\" width=\"478\" height=\"331\" \/><\/p>\n<p>Les pr\u00e9sentations se font rapidement et sans attendre le r\u00e9troprojecteur s&rsquo;allume . Un plan d&rsquo;Orthez et de ses environs\u00a0 fait apparaitre nos cinq sp\u00e9ciales , suivi du d\u00e9tail de celles -ci , compl\u00e9t\u00e9s par les acc\u00e8s routiers et les points publics\u00a0 ainsi que les \u00a0liaisons et les itin\u00e9raires r\u00e9serv\u00e9s aux secours . Maurice et jacques connaissent parfaitement les dossiers\u00a0, tous les d\u00e9tails sont \u00e9voqu\u00e9s , ceux\u00a0\u00a0li\u00e9s\u00a0\u00e0 la s\u00e9curit\u00e9 du plublic ne sont pas oubli\u00e9s . Nous enchainons sur le cahier de s\u00e9curit\u00e9\u00a0sp\u00e9ciale par sp\u00e9ciale , Maurice est au \u00a0\u00bb tableau \u00a0\u00bb et ses explications claires ne d\u00e9clenchent aucune\u00a0 remarque.<\/p>\n<p><img loading=\"lazy\" decoding=\"async\" class=\"aligncenter size-medium wp-image-2800\" src=\"http:\/\/www.ecurieorthezbearn.fr\/rallye\/wp-content\/uploads\/2011\/07\/DSCN0576-300x225.jpg\" alt=\"\" width=\"447\" height=\"322\" \/><\/p>\n<p><img loading=\"lazy\" decoding=\"async\" class=\"aligncenter size-medium wp-image-2801\" src=\"http:\/\/www.ecurieorthezbearn.fr\/rallye\/wp-content\/uploads\/2011\/07\/DSCN0584-300x225.jpg\" alt=\"\" width=\"448\" height=\"330\" \/><br \/>\n<img loading=\"lazy\" decoding=\"async\" class=\"aligncenter size-medium wp-image-2802\" src=\"http:\/\/www.ecurieorthezbearn.fr\/rallye\/wp-content\/uploads\/2011\/07\/DSCN0588-300x225.jpg\" alt=\"\" width=\"446\" height=\"332\" \/><\/p>\n<p><img loading=\"lazy\" decoding=\"async\" class=\"aligncenter size-medium wp-image-2804\" src=\"http:\/\/www.ecurieorthezbearn.fr\/rallye\/wp-content\/uploads\/2011\/07\/DSCN05731-300x225.jpg\" alt=\"\" width=\"450\" height=\"329\" \/><\/p>\n<p><img loading=\"lazy\" decoding=\"async\" class=\"aligncenter size-medium wp-image-2805\" src=\"http:\/\/www.ecurieorthezbearn.fr\/rallye\/wp-content\/uploads\/2011\/07\/DSCN0594-300x225.jpg\" alt=\"\" width=\"449\" height=\"339\" \/><\/p>\n<p><img loading=\"lazy\" decoding=\"async\" class=\"aligncenter size-medium wp-image-2806\" src=\"http:\/\/www.ecurieorthezbearn.fr\/rallye\/wp-content\/uploads\/2011\/07\/DSCN0604-300x225.jpg\" alt=\"\" width=\"448\" height=\"323\" \/><\/p>\n<p><img loading=\"lazy\" decoding=\"async\" class=\"aligncenter size-medium wp-image-2807\" src=\"http:\/\/www.ecurieorthezbearn.fr\/rallye\/wp-content\/uploads\/2011\/07\/DSCN0606-300x225.jpg\" alt=\"\" width=\"449\" height=\"331\" \/><\/p>\n<p><img loading=\"lazy\" decoding=\"async\" class=\"aligncenter size-medium wp-image-2808\" src=\"http:\/\/www.ecurieorthezbearn.fr\/rallye\/wp-content\/uploads\/2011\/07\/DSCN0609-300x225.jpg\" alt=\"\" width=\"448\" height=\"338\" \/><\/p>\n<p>Le bilan est positif\u00a0 , le dossier\u00a0parait\u00a0\u00a0recevable et pour visualiser sur le terrain , nous partons sur la nouvelle sp\u00e9ciale de Rentetsac . Vincent , Jo , Jeannot , Maurice et Arnaud mettent\u00a0\u00e0 disposition leurs v\u00e9hicules .<br \/>\n<img loading=\"lazy\" decoding=\"async\" class=\"aligncenter size-medium wp-image-2811\" src=\"http:\/\/www.ecurieorthezbearn.fr\/rallye\/wp-content\/uploads\/2011\/07\/DSCN0617-300x225.jpg\" alt=\"\" width=\"447\" height=\"322\" \/><\/p>\n<p><img loading=\"lazy\" decoding=\"async\" class=\"aligncenter size-medium wp-image-2812\" src=\"http:\/\/www.ecurieorthezbearn.fr\/rallye\/wp-content\/uploads\/2011\/07\/DSCN0618-300x225.jpg\" alt=\"\" width=\"448\" height=\"327\" \/><\/p>\n<p><img loading=\"lazy\" decoding=\"async\" class=\"aligncenter size-medium wp-image-2813\" src=\"http:\/\/www.ecurieorthezbearn.fr\/rallye\/wp-content\/uploads\/2011\/07\/DSCN0619-300x225.jpg\" alt=\"\" width=\"448\" height=\"322\" \/><\/p>\n<p><img loading=\"lazy\" decoding=\"async\" class=\"aligncenter size-medium wp-image-2816\" src=\"http:\/\/www.ecurieorthezbearn.fr\/rallye\/wp-content\/uploads\/2011\/07\/DSCN0620-300x225.jpg\" alt=\"\" width=\"448\" height=\"325\" \/><\/p>\n<figure id=\"attachment_2818\" aria-describedby=\"caption-attachment-2818\" style=\"width: 432px\" class=\"wp-caption aligncenter\"><img loading=\"lazy\" decoding=\"async\" class=\"size-medium wp-image-2818\" src=\"http:\/\/www.ecurieorthezbearn.fr\/rallye\/wp-content\/uploads\/2011\/07\/DSCN06221-300x225.jpg\" alt=\"une branche tomb\u00e9e avec les dernieres pluies\" width=\"432\" height=\"292\" \/><figcaption id=\"caption-attachment-2818\" class=\"wp-caption-text\">une branche tomb\u00e9e avec les dernieres pluies<\/figcaption><\/figure>\n<p><img loading=\"lazy\" decoding=\"async\" class=\"aligncenter size-medium wp-image-2819\" src=\"http:\/\/www.ecurieorthezbearn.fr\/rallye\/wp-content\/uploads\/2011\/07\/DSCN0624-300x225.jpg\" alt=\"\" width=\"447\" height=\"322\" \/><\/p>\n<figure id=\"attachment_2820\" aria-describedby=\"caption-attachment-2820\" style=\"width: 463px\" class=\"wp-caption aligncenter\"><img loading=\"lazy\" decoding=\"async\" class=\"size-medium wp-image-2820\" src=\"http:\/\/www.ecurieorthezbearn.fr\/rallye\/wp-content\/uploads\/2011\/07\/DSCN0627-300x225.jpg\" alt=\"les derniers hectometres seront chaud !\" width=\"463\" height=\"334\" \/><figcaption id=\"caption-attachment-2820\" class=\"wp-caption-text\">les derniers hectometres seront chaud !<\/figcaption><\/figure>\n<p><img loading=\"lazy\" decoding=\"async\" class=\"aligncenter size-medium wp-image-2823\" src=\"http:\/\/www.ecurieorthezbearn.fr\/rallye\/wp-content\/uploads\/2011\/07\/DSCN0615-300x225.jpg\" alt=\"\" width=\"449\" height=\"332\" \/><\/p>\n","protected":false},"excerpt":{"rendered":"<p>Ce vendredi 22 juillet s&rsquo;est tenue la commission de s\u00e9curit\u00e9 , qui permet\u00a0\u00e0 notre rallye 2011 d&rsquo;avoir toutes les autorisations administratives n\u00e9cessaires. La r\u00e9union a lieu\u00a0\u00e0 la salle Pierre Seillant, QG du rallye,\u00a0\u00e0 10 heures. Freddy Hufnagel repr\u00e9sentant de la Jeunesse et des Sports et animateur, Ren\u00e9 Jean Hulot directeur de course , repr\u00e9sentant la &hellip; <a href=\"https:\/\/www.ecurieorthezbearn.fr\/rallye\/commission-securite-rallye-2011\/\" class=\"more-link\">Continuer la lecture de <span class=\"screen-reader-text\">Commission S\u00e9curit\u00e9 Rallye 2011<\/span>  <span class=\"meta-nav\">&rarr;<\/span><\/a><\/p>\n","protected":false},"author":4,"featured_media":0,"comment_status":"closed","ping_status":"closed","sticky":false,"template":"","format":"standard","meta":{"footnotes":""},"categories":[1],"tags":[108,28],"_links":{"self":[{"href":"https:\/\/www.ecurieorthezbearn.fr\/rallye\/wp-json\/wp\/v2\/posts\/2790"}],"collection":[{"href":"https:\/\/www.ecurieorthezbearn.fr\/rallye\/wp-json\/wp\/v2\/posts"}],"about":[{"href":"https:\/\/www.ecurieorthezbearn.fr\/rallye\/wp-json\/wp\/v2\/types\/post"}],"author":[{"embeddable":true,"href":"https:\/\/www.ecurieorthezbearn.fr\/rallye\/wp-json\/wp\/v2\/users\/4"}],"replies":[{"embeddable":true,"href":"https:\/\/www.ecurieorthezbearn.fr\/rallye\/wp-json\/wp\/v2\/comments?post=2790"}],"version-history":[{"count":32,"href":"https:\/\/www.ecurieorthezbearn.fr\/rallye\/wp-json\/wp\/v2\/posts\/2790\/revisions"}],"predecessor-version":[{"id":2831,"href":"https:\/\/www.ecurieorthezbearn.fr\/rallye\/wp-json\/wp\/v2\/posts\/2790\/revisions\/2831"}],"wp:attachment":[{"href":"https:\/\/www.ecurieorthezbearn.fr\/rallye\/wp-json\/wp\/v2\/media?parent=2790"}],"wp:term":[{"taxonomy":"category","embeddable":true,"href":"https:\/\/www.ecurieorthezbearn.fr\/rallye\/wp-json\/wp\/v2\/categories?post=2790"},{"taxonomy":"post_tag","embeddable":true,"href":"https:\/\/www.ecurieorthezbearn.fr\/rallye\/wp-json\/wp\/v2\/tags?post=2790"}],"curies":[{"name":"wp","href":"https:\/\/api.w.org\/{rel}","templated":true}]}}