{"id":3429,"date":"2011-11-06T12:01:01","date_gmt":"2011-11-06T11:01:01","guid":{"rendered":"http:\/\/www.ecurieorthezbearn.fr\/rallye\/?p=3429"},"modified":"2011-11-06T14:26:41","modified_gmt":"2011-11-06T13:26:41","slug":"2eme-rando-quad-portugal-2011","status":"publish","type":"post","link":"https:\/\/www.ecurieorthezbearn.fr\/rallye\/2eme-rando-quad-portugal-2011\/","title":{"rendered":"2eme Rando Quad portugal 2011 (partie 1)"},"content":{"rendered":"<p>Petite modification , cette ann\u00e9e, puisque nous avons d\u00e9cid\u00e9s de changer le d\u00e9roulement et le parcour. La premi\u00e8re nuit se passera chez Laurent\u00a0\u00e0 Vilar chao, puis trois nuits sont pr\u00e9vues\u00a0\u00e0 l&rsquo;exterieure, histoire de rallonger notre p\u00e9riple afin de d\u00e9couvrir ces magnifiques paysages. Au finale\u00a0, 500 kilom\u00e8tres de pistes tr\u00e8s vari\u00e9es nous attendent, avec une premi\u00e8re \u00e9tape se terminant\u00a0\u00e0 Torre de Moncorvo. Une seconde \u00e9tape avec gite dans une base de loisirs donnant sur le Rio Douro. Deux nuits sont pr\u00e9vues, car le site est magnifique et qu&rsquo;\u00e0 cette p\u00e9riode de l&rsquo;ann\u00e9e nous sommes s\u00fbr de trouver de la place. Deux \u00e9tapes superbes le long du Douro, avec des vues\u00a0\u00e0 couper le souffle. La quatri\u00e8me \u00e9tape, nous remontons sur Vilar chao, et la derni\u00e8re nuit pr\u00e9vue\u00a0chez Laurent.<\/p>\n<p>De plus pour nous assiter, Seb propose son vehicule qui achemine outillage, carburant et affaires personnelles. Il est pilot\u00e9 par Salva et navigu\u00e9 par Manu. Ils ont pour mission de nous rejoindre tous les midi et tous les soirs . Une \u00e9norme pr\u00e9paration est faite par Laurent, Jean-mi et Lionel qui se d\u00e9placeront\u00a0trois jours durant le mois d&rsquo;ao\u00fbt, afin de reconnaitre une partie du parcour mais aussi choisirons les \u00e9tapes en fonction des possibilit\u00e9es de couchage pour neuf personnes. Un travail informatique , des points gps pour m\u00e9moriser les pistes et le trac\u00e9 de notre v\u00e9hicule d&rsquo;assistance, \u00a0prendrons plusieurs jours. D\u00e9part prevu le 27 octobre.<\/p>\n<p>\u00a0\u00a0\u00a0\u00a0\u00a0\u00a0\u00a0\u00a0\u00a0\u00a0\u00a0\u00a0\u00a0\u00a0\u00a0\u00a0\u00a0\u00a0\u00a0\u00a0\u00a0\u00a0 <a rel=\"attachment wp-att-3433\" href=\"http:\/\/www.ecurieorthezbearn.fr\/rallye\/2eme-rando-quad-portugal-2011\/portugal-11-2011-001\/\"><img loading=\"lazy\" decoding=\"async\" class=\"aligncenter size-medium wp-image-3433\" src=\"http:\/\/www.ecurieorthezbearn.fr\/rallye\/wp-content\/uploads\/2011\/11\/PORTUGAL-11-2011-001-300x225.jpg\" alt=\"\" width=\"447\" height=\"326\" \/><\/a><\/p>\n<figure id=\"attachment_3435\" aria-describedby=\"caption-attachment-3435\" style=\"width: 439px\" class=\"wp-caption aligncenter\"><a rel=\"attachment wp-att-3435\" href=\"http:\/\/www.ecurieorthezbearn.fr\/rallye\/2eme-rando-quad-portugal-2011\/portugal-11-2011-002-2\/\"><img loading=\"lazy\" decoding=\"async\" class=\"size-medium wp-image-3435\" src=\"http:\/\/www.ecurieorthezbearn.fr\/rallye\/wp-content\/uploads\/2011\/11\/PORTUGAL-11-2011-0021-300x225.jpg\" alt=\"derniers r\u00e9glages , et on m\u00e9morise dans l'ordinateur portable\" width=\"439\" height=\"340\" \/><\/a><figcaption id=\"caption-attachment-3435\" class=\"wp-caption-text\">derniers r\u00e9glages , et on m\u00e9morise dans l&#039;ordinateur portable<\/figcaption><\/figure>\n<p>5 heure du matin, rendez vous chez Denis, et direction l&rsquo;espagne. Nous chargeons les 7 quads mercredi apr\u00e9s midi ainsi que nos affaires, l &lsquo;assistance est pr\u00e8te et le carburant sera pris sur place.<\/p>\n<p><img loading=\"lazy\" decoding=\"async\" class=\"aligncenter size-medium wp-image-3438\" src=\"http:\/\/www.ecurieorthezbearn.fr\/rallye\/wp-content\/uploads\/2011\/11\/PORTUGAL-11-2011-007-300x225.jpg\" alt=\"\" width=\"450\" height=\"308\" \/><\/p>\n<p><a rel=\"attachment wp-att-3439\" href=\"http:\/\/www.ecurieorthezbearn.fr\/rallye\/2eme-rando-quad-portugal-2011\/portugal-11-2011-011\/\"><img loading=\"lazy\" decoding=\"async\" class=\"aligncenter size-medium wp-image-3439\" src=\"http:\/\/www.ecurieorthezbearn.fr\/rallye\/wp-content\/uploads\/2011\/11\/PORTUGAL-11-2011-011-300x225.jpg\" alt=\"\" width=\"449\" height=\"327\" \/><\/a><\/p>\n<figure id=\"attachment_3442\" aria-describedby=\"caption-attachment-3442\" style=\"width: 464px\" class=\"wp-caption aligncenter\"><a rel=\"attachment wp-att-3442\" href=\"http:\/\/www.ecurieorthezbearn.fr\/rallye\/2eme-rando-quad-portugal-2011\/portugal-11-2011-009\/\"><img loading=\"lazy\" decoding=\"async\" class=\"size-medium wp-image-3442\" src=\"http:\/\/www.ecurieorthezbearn.fr\/rallye\/wp-content\/uploads\/2011\/11\/PORTUGAL-11-2011-009-300x225.jpg\" alt=\"notre &quot;tudo ben &quot; racing assistance !!!\" width=\"464\" height=\"347\" srcset=\"https:\/\/www.ecurieorthezbearn.fr\/rallye\/wp-content\/uploads\/2011\/11\/PORTUGAL-11-2011-009-300x225.jpg 300w, https:\/\/www.ecurieorthezbearn.fr\/rallye\/wp-content\/uploads\/2011\/11\/PORTUGAL-11-2011-009.jpg 2048w\" sizes=\"(max-width: 464px) 100vw, 464px\" \/><\/a><figcaption id=\"caption-attachment-3442\" class=\"wp-caption-text\">notre &quot;tudo ben &quot; racing assistance !!!<\/figcaption><\/figure>\n<p>\u00a0\u00a0\u00a0\u00a0\u00a0\u00a0\u00a0\u00a0\u00a0\u00a0\u00a0\u00a0\u00a0\u00a0\u00a0\u00a0\u00a0\u00a0\u00a0\u00a0\u00a0\u00a0\u00a0\u00a0\u00a0\u00a0\u00a0\u00a0\u00a0\u00a0\u00a0\u00a0\u00a0\u00a0\u00a0 <a rel=\"attachment wp-att-3443\" href=\"http:\/\/www.ecurieorthezbearn.fr\/rallye\/2eme-rando-quad-portugal-2011\/portugal-11-2011-006\/\"><img loading=\"lazy\" decoding=\"async\" class=\"aligncenter size-medium wp-image-3443\" src=\"http:\/\/www.ecurieorthezbearn.fr\/rallye\/wp-content\/uploads\/2011\/11\/PORTUGAL-11-2011-006-300x225.jpg\" alt=\"\" width=\"448\" height=\"328\" \/><\/a><\/p>\n<figure id=\"attachment_3445\" aria-describedby=\"caption-attachment-3445\" style=\"width: 448px\" class=\"wp-caption aligncenter\"><a rel=\"attachment wp-att-3445\" href=\"http:\/\/www.ecurieorthezbearn.fr\/rallye\/2eme-rando-quad-portugal-2011\/portugal-11-2011-014-2\/\"><img loading=\"lazy\" decoding=\"async\" class=\"size-medium wp-image-3445\" src=\"http:\/\/www.ecurieorthezbearn.fr\/rallye\/wp-content\/uploads\/2011\/11\/PORTUGAL-11-2011-0141-300x225.jpg\" alt=\"Denis, Manu, Salva,Seb,  Jean-mi, Laurent, Sam, Lionel, et Arnaud a la photo\" width=\"448\" height=\"342\" \/><\/a><figcaption id=\"caption-attachment-3445\" class=\"wp-caption-text\">Denis, Manu, Salva,Seb, Jean-mi, Laurent, Sam, Lionel, et Arnaud a la photo<\/figcaption><\/figure>\n<figure id=\"attachment_3448\" aria-describedby=\"caption-attachment-3448\" style=\"width: 454px\" class=\"wp-caption aligncenter\"><a rel=\"attachment wp-att-3448\" href=\"http:\/\/www.ecurieorthezbearn.fr\/rallye\/2eme-rando-quad-portugal-2011\/portugal-11-2011-013\/\"><img loading=\"lazy\" decoding=\"async\" class=\"size-medium wp-image-3448\" src=\"http:\/\/www.ecurieorthezbearn.fr\/rallye\/wp-content\/uploads\/2011\/11\/PORTUGAL-11-2011-013-300x225.jpg\" alt=\"le caf\u00e9 offert par Denis\" width=\"454\" height=\"359\" \/><\/a><figcaption id=\"caption-attachment-3448\" class=\"wp-caption-text\">le caf\u00e9 offert par Denis<\/figcaption><\/figure>\n<figure id=\"attachment_3449\" aria-describedby=\"caption-attachment-3449\" style=\"width: 464px\" class=\"wp-caption aligncenter\"><a rel=\"attachment wp-att-3449\" href=\"http:\/\/www.ecurieorthezbearn.fr\/rallye\/2eme-rando-quad-portugal-2011\/portugal-11-2011-015\/\"><img loading=\"lazy\" decoding=\"async\" class=\"size-medium wp-image-3449\" src=\"http:\/\/www.ecurieorthezbearn.fr\/rallye\/wp-content\/uploads\/2011\/11\/PORTUGAL-11-2011-015-300x225.jpg\" alt=\"plus que 690 kms....\" width=\"464\" height=\"359\" \/><\/a><figcaption id=\"caption-attachment-3449\" class=\"wp-caption-text\">plus que 690 kms....<\/figcaption><\/figure>\n<figure id=\"attachment_3459\" aria-describedby=\"caption-attachment-3459\" style=\"width: 443px\" class=\"wp-caption aligncenter\"><a rel=\"attachment wp-att-3459\" href=\"http:\/\/www.ecurieorthezbearn.fr\/rallye\/2eme-rando-quad-portugal-2011\/portugal-11-2011-016\/\"><img loading=\"lazy\" decoding=\"async\" class=\"size-medium wp-image-3459\" src=\"http:\/\/www.ecurieorthezbearn.fr\/rallye\/wp-content\/uploads\/2011\/11\/PORTUGAL-11-2011-016-300x225.jpg\" alt=\"premier ravitaillement pour nos trois vehicules\" width=\"443\" height=\"333\" srcset=\"https:\/\/www.ecurieorthezbearn.fr\/rallye\/wp-content\/uploads\/2011\/11\/PORTUGAL-11-2011-016-300x225.jpg 300w, https:\/\/www.ecurieorthezbearn.fr\/rallye\/wp-content\/uploads\/2011\/11\/PORTUGAL-11-2011-016.jpg 2048w\" sizes=\"(max-width: 443px) 100vw, 443px\" \/><\/a><figcaption id=\"caption-attachment-3459\" class=\"wp-caption-text\">premier ravitaillement pour nos trois vehicules<\/figcaption><\/figure>\n<figure id=\"attachment_3460\" aria-describedby=\"caption-attachment-3460\" style=\"width: 446px\" class=\"wp-caption aligncenter\"><a rel=\"attachment wp-att-3460\" href=\"http:\/\/www.ecurieorthezbearn.fr\/rallye\/2eme-rando-quad-portugal-2011\/portugal-11-2011-020-2\/\"><img loading=\"lazy\" decoding=\"async\" class=\"size-medium wp-image-3460\" src=\"http:\/\/www.ecurieorthezbearn.fr\/rallye\/wp-content\/uploads\/2011\/11\/PORTUGAL-11-2011-0201-300x225.jpg\" alt=\"premier petit d\u00e8j.\" width=\"446\" height=\"348\" \/><\/a><figcaption id=\"caption-attachment-3460\" class=\"wp-caption-text\">premier petit d\u00e8j.<\/figcaption><\/figure>\n<figure id=\"attachment_3463\" aria-describedby=\"caption-attachment-3463\" style=\"width: 300px\" class=\"wp-caption aligncenter\"><a rel=\"attachment wp-att-3463\" href=\"http:\/\/www.ecurieorthezbearn.fr\/rallye\/2eme-rando-quad-portugal-2011\/portugal-11-2011-023\/\"><img loading=\"lazy\" decoding=\"async\" class=\"size-medium wp-image-3463\" src=\"http:\/\/www.ecurieorthezbearn.fr\/rallye\/wp-content\/uploads\/2011\/11\/PORTUGAL-11-2011-023-300x225.jpg\" alt=\"dernier ravitaiillement et plein des quads\" width=\"300\" height=\"225\" srcset=\"https:\/\/www.ecurieorthezbearn.fr\/rallye\/wp-content\/uploads\/2011\/11\/PORTUGAL-11-2011-023-300x225.jpg 300w, https:\/\/www.ecurieorthezbearn.fr\/rallye\/wp-content\/uploads\/2011\/11\/PORTUGAL-11-2011-023.jpg 2048w\" sizes=\"(max-width: 300px) 100vw, 300px\" \/><\/a><figcaption id=\"caption-attachment-3463\" class=\"wp-caption-text\">dernier ravitaiillement et plein des quads<\/figcaption><\/figure>\n<p>\u00a0\u00a0\u00a0\u00a0\u00a0\u00a0\u00a0\u00a0\u00a0\u00a0\u00a0\u00a0\u00a0\u00a0\u00a0\u00a0\u00a0\u00a0\u00a0 Nous arrivons vers 13h et prenons le repas de midi dans l &lsquo;auberge locale, puis nous d\u00e9chargeons nos quads chez Rui, qui nous met\u00a0\u00e0 disposition un emplacement pour les remorques. Nous descendons dans le village de Laurent , afin de s&rsquo;installer pour la premi\u00e8re nuit.<\/p>\n<p>\u00a0\u00a0\u00a0\u00a0\u00a0\u00a0\u00a0\u00a0\u00a0\u00a0\u00a0\u00a0\u00a0\u00a0\u00a0\u00a0\u00a0\u00a0\u00a0\u00a0\u00a0\u00a0 <a rel=\"attachment wp-att-3464\" href=\"http:\/\/www.ecurieorthezbearn.fr\/rallye\/2eme-rando-quad-portugal-2011\/portugal-11-2011-027\/\"><img loading=\"lazy\" decoding=\"async\" class=\"aligncenter size-medium wp-image-3464\" src=\"http:\/\/www.ecurieorthezbearn.fr\/rallye\/wp-content\/uploads\/2011\/11\/PORTUGAL-11-2011-027-300x225.jpg\" alt=\"\" width=\"442\" height=\"341\" \/><\/a><\/p>\n<p>\u00a0\u00a0\u00a0\u00a0\u00a0\u00a0\u00a0\u00a0\u00a0\u00a0\u00a0\u00a0\u00a0\u00a0\u00a0 <a rel=\"attachment wp-att-3465\" href=\"http:\/\/www.ecurieorthezbearn.fr\/rallye\/2eme-rando-quad-portugal-2011\/portugal-11-2011-034\/\"><img loading=\"lazy\" decoding=\"async\" class=\"aligncenter size-medium wp-image-3465\" src=\"http:\/\/www.ecurieorthezbearn.fr\/rallye\/wp-content\/uploads\/2011\/11\/PORTUGAL-11-2011-034-300x225.jpg\" alt=\"\" width=\"449\" height=\"334\" \/><\/a><\/p>\n<p>\u00a0\u00a0\u00a0\u00a0\u00a0\u00a0\u00a0\u00a0\u00a0\u00a0\u00a0\u00a0\u00a0\u00a0\u00a0\u00a0\u00a0\u00a0\u00a0\u00a0\u00a0\u00a0\u00a0\u00a0\u00a0\u00a0\u00a0\u00a0\u00a0\u00a0\u00a0\u00a0\u00a0\u00a0\u00a0 <a rel=\"attachment wp-att-3466\" href=\"http:\/\/www.ecurieorthezbearn.fr\/rallye\/2eme-rando-quad-portugal-2011\/portugal-11-2011-035\/\"><img loading=\"lazy\" decoding=\"async\" class=\"aligncenter size-medium wp-image-3466\" src=\"http:\/\/www.ecurieorthezbearn.fr\/rallye\/wp-content\/uploads\/2011\/11\/PORTUGAL-11-2011-035-300x225.jpg\" alt=\"\" width=\"450\" height=\"328\" \/><\/a><\/p>\n<p>\u00a0\u00a0\u00a0\u00a0\u00a0\u00a0\u00a0\u00a0\u00a0\u00a0\u00a0\u00a0\u00a0\u00a0\u00a0\u00a0\u00a0\u00a0\u00a0\u00a0\u00a0\u00a0\u00a0 <a rel=\"attachment wp-att-3467\" href=\"http:\/\/www.ecurieorthezbearn.fr\/rallye\/2eme-rando-quad-portugal-2011\/portugal-11-2011-040\/\"><img loading=\"lazy\" decoding=\"async\" class=\"aligncenter size-medium wp-image-3467\" src=\"http:\/\/www.ecurieorthezbearn.fr\/rallye\/wp-content\/uploads\/2011\/11\/PORTUGAL-11-2011-040-300x225.jpg\" alt=\"\" width=\"448\" height=\"329\" \/><\/a><\/p>\n<p>\u00a0\u00a0\u00a0\u00a0\u00a0\u00a0\u00a0\u00a0\u00a0\u00a0\u00a0\u00a0\u00a0\u00a0\u00a0\u00a0\u00a0\u00a0\u00a0\u00a0\u00a0\u00a0\u00a0\u00a0\u00a0 <a rel=\"attachment wp-att-3468\" href=\"http:\/\/www.ecurieorthezbearn.fr\/rallye\/2eme-rando-quad-portugal-2011\/portugal-11-2011-036\/\"><img loading=\"lazy\" decoding=\"async\" class=\"aligncenter size-medium wp-image-3468\" src=\"http:\/\/www.ecurieorthezbearn.fr\/rallye\/wp-content\/uploads\/2011\/11\/PORTUGAL-11-2011-036-300x225.jpg\" alt=\"\" width=\"448\" height=\"329\" \/><\/a><\/p>\n<p>\u00a0Pas le temps de r\u00eaver , il nous faut partir\u00a0\u00e0 Alfandega afin de pr\u00e9parer les quelques r\u00e9serves de nourriture pour la longue journ\u00e9e de demain. Rui nous accompagne, car lui aussi sait recevoir ses invit\u00e9s. Ce soir Rui nous r\u00e9gale , il ne manque rien, surtout pas la bonne humeur du groupe .<\/p>\n<figure id=\"attachment_3470\" aria-describedby=\"caption-attachment-3470\" style=\"width: 455px\" class=\"wp-caption aligncenter\"><a rel=\"attachment wp-att-3470\" href=\"http:\/\/www.ecurieorthezbearn.fr\/rallye\/2eme-rando-quad-portugal-2011\/portugal-11-2011-037-2\/\"><img loading=\"lazy\" decoding=\"async\" class=\"size-medium wp-image-3470\" src=\"http:\/\/www.ecurieorthezbearn.fr\/rallye\/wp-content\/uploads\/2011\/11\/PORTUGAL-11-2011-0371-300x225.jpg\" alt=\"Salva et Manu attendent leur tour, Rui est deja servi!\" width=\"455\" height=\"356\" \/><\/a><figcaption id=\"caption-attachment-3470\" class=\"wp-caption-text\">Salva et Manu attendent leur tour, Rui est deja servi!<\/figcaption><\/figure>\n<p>\u00a0\u00a0\u00a0\u00a0\u00a0\u00a0\u00a0\u00a0\u00a0\u00a0\u00a0\u00a0\u00a0\u00a0\u00a0\u00a0\u00a0\u00a0\u00a0\u00a0\u00a0\u00a0\u00a0\u00a0\u00a0\u00a0\u00a0\u00a0\u00a0\u00a0\u00a0 <a rel=\"attachment wp-att-3474\" href=\"http:\/\/www.ecurieorthezbearn.fr\/rallye\/2eme-rando-quad-portugal-2011\/portugal-11-2011-048-2\/\"><img loading=\"lazy\" decoding=\"async\" class=\"aligncenter size-medium wp-image-3474\" src=\"http:\/\/www.ecurieorthezbearn.fr\/rallye\/wp-content\/uploads\/2011\/11\/PORTUGAL-11-2011-0481-300x225.jpg\" alt=\"\" width=\"448\" height=\"329\" \/><\/a><\/p>\n<figure id=\"attachment_3475\" aria-describedby=\"caption-attachment-3475\" style=\"width: 453px\" class=\"wp-caption aligncenter\"><a rel=\"attachment wp-att-3475\" href=\"http:\/\/www.ecurieorthezbearn.fr\/rallye\/2eme-rando-quad-portugal-2011\/portugal-11-2011-050\/\"><img loading=\"lazy\" decoding=\"async\" class=\"size-medium wp-image-3475\" src=\"http:\/\/www.ecurieorthezbearn.fr\/rallye\/wp-content\/uploads\/2011\/11\/PORTUGAL-11-2011-050-300x225.jpg\" alt=\"prend des forces pour demain Jean-mi !!!\" width=\"453\" height=\"345\" \/><\/a><figcaption id=\"caption-attachment-3475\" class=\"wp-caption-text\">prend des forces pour demain Jean-mi !!!<\/figcaption><\/figure>\n<p>\u00a0\u00a0\u00a0\u00a0\u00a0\u00a0\u00a0\u00a0\u00a0\u00a0\u00a0\u00a0\u00a0\u00a0\u00a0\u00a0\u00a0\u00a0\u00a0\u00a0\u00a0\u00a0\u00a0\u00a0\u00a0\u00a0\u00a0\u00a0\u00a0 <a rel=\"attachment wp-att-3478\" href=\"http:\/\/www.ecurieorthezbearn.fr\/rallye\/2eme-rando-quad-portugal-2011\/portugal-11-2011-052\/\"><\/a><a rel=\"attachment wp-att-3479\" href=\"http:\/\/www.ecurieorthezbearn.fr\/rallye\/2eme-rando-quad-portugal-2011\/portugal-11-2011-060\/\"><img loading=\"lazy\" decoding=\"async\" class=\"size-medium wp-image-3479\" src=\"http:\/\/www.ecurieorthezbearn.fr\/rallye\/wp-content\/uploads\/2011\/11\/PORTUGAL-11-2011-060-300x225.jpg\" alt=\"elle est comment la prune Salva ?\" width=\"300\" height=\"225\" srcset=\"https:\/\/www.ecurieorthezbearn.fr\/rallye\/wp-content\/uploads\/2011\/11\/PORTUGAL-11-2011-060-300x225.jpg 300w, https:\/\/www.ecurieorthezbearn.fr\/rallye\/wp-content\/uploads\/2011\/11\/PORTUGAL-11-2011-060.jpg 2048w\" sizes=\"(max-width: 300px) 100vw, 300px\" \/><\/a><a rel=\"attachment wp-att-3478\" href=\"http:\/\/www.ecurieorthezbearn.fr\/rallye\/2eme-rando-quad-portugal-2011\/portugal-11-2011-052\/\"><\/a><\/p>\n<figure id=\"attachment_3479\" aria-describedby=\"caption-attachment-3479\" style=\"width: 445px\" class=\"wp-caption aligncenter\"><\/p>\n<dd>elle est comment la prune Salva ?<\/dd>\n<p><img loading=\"lazy\" decoding=\"async\" class=\"aligncenter size-medium wp-image-3478\" src=\"http:\/\/www.ecurieorthezbearn.fr\/rallye\/wp-content\/uploads\/2011\/11\/PORTUGAL-11-2011-052-300x225.jpg\" alt=\"\" width=\"445\" height=\"330\" \/><\/p>\n<p>\u00a0\u00a0\u00a0\u00a0\u00a0\u00a0 Une bonne nuit pass\u00e9e , c&rsquo;est l&rsquo;heure de partir, nos quads sont prets , nos affaires pour trois jours aussi, la \u00a0\u00bb tudo ben \u00a0\u00bb assistance est bien remplie et\u00a0les gps programm\u00e9s. Salva et Manu suivront leurs traces, nous les notres, rendez vous est donn\u00e9svers 12h.<\/p>\n<p><a rel=\"attachment wp-att-3480\" href=\"http:\/\/www.ecurieorthezbearn.fr\/rallye\/2eme-rando-quad-portugal-2011\/portugal-11-2011-064\/\"><img loading=\"lazy\" decoding=\"async\" class=\"aligncenter size-medium wp-image-3480\" src=\"http:\/\/www.ecurieorthezbearn.fr\/rallye\/wp-content\/uploads\/2011\/11\/PORTUGAL-11-2011-064-300x225.jpg\" alt=\"\" width=\"446\" height=\"327\" \/><\/a><\/p>\n<p>\u00a0\u00a0\u00a0\u00a0\u00a0\u00a0\u00a0\u00a0\u00a0\u00a0\u00a0\u00a0\u00a0\u00a0\u00a0\u00a0\u00a0\u00a0\u00a0 <a rel=\"attachment wp-att-3481\" href=\"http:\/\/www.ecurieorthezbearn.fr\/rallye\/2eme-rando-quad-portugal-2011\/portugal-11-2011-065\/\"><img loading=\"lazy\" decoding=\"async\" class=\"aligncenter size-medium wp-image-3481\" src=\"http:\/\/www.ecurieorthezbearn.fr\/rallye\/wp-content\/uploads\/2011\/11\/PORTUGAL-11-2011-065-300x225.jpg\" alt=\"\" width=\"449\" height=\"325\" \/><\/a><\/p>\n<p>\u00a0\u00a0\u00a0\u00a0\u00a0\u00a0\u00a0\u00a0\u00a0\u00a0\u00a0\u00a0\u00a0\u00a0\u00a0\u00a0\u00a0\u00a0\u00a0\u00a0\u00a0\u00a0\u00a0\u00a0\u00a0\u00a0\u00a0\u00a0\u00a0\u00a0\u00a0\u00a0\u00a0 <a rel=\"attachment wp-att-3482\" href=\"http:\/\/www.ecurieorthezbearn.fr\/rallye\/2eme-rando-quad-portugal-2011\/portugal-11-2011-071\/\"><img loading=\"lazy\" decoding=\"async\" class=\"aligncenter size-medium wp-image-3482\" src=\"http:\/\/www.ecurieorthezbearn.fr\/rallye\/wp-content\/uploads\/2011\/11\/PORTUGAL-11-2011-071-300x225.jpg\" alt=\"\" width=\"448\" height=\"323\" \/><\/a><\/p>\n<div class=\"mceTemp mceIEcenter\">\n<dl>\n<dt><a rel=\"attachment wp-att-3483\" href=\"http:\/\/www.ecurieorthezbearn.fr\/rallye\/2eme-rando-quad-portugal-2011\/portugal-11-2011-069\/\"><img loading=\"lazy\" decoding=\"async\" class=\"size-medium wp-image-3483\" src=\"http:\/\/www.ecurieorthezbearn.fr\/rallye\/wp-content\/uploads\/2011\/11\/PORTUGAL-11-2011-069-300x225.jpg\" alt=\"vendredi 28 octobre , un soliel magnifique nous attend\" width=\"448\" height=\"331\" \/><\/a><figcaption id=\"caption-attachment-3479\" class=\"wp-caption-text\">vendredi 28 octobre , un soliel magnifique nous attend<\/figcaption><\/figure>\n<\/dt>\n<\/dl>\n<\/div>\n<dl><\/dl>\n<dl><\/dl>\n<dl><\/dl>\n<dl><\/dl>\n<dl><\/dl>\n<dl><\/dl>\n<p>\u00a0\u00a0\u00a0\u00a0\u00a0\u00a0\u00a0\u00a0\u00a0\u00a0\u00a0\u00a0\u00a0\u00a0\u00a0\u00a0\u00a0\u00a0\u00a0\u00a0\u00a0\u00a0\u00a0\u00a0\u00a0\u00a0\u00a0\u00a0\u00a0\u00a0\u00a0\u00a0\u00a0\u00a0\u00a0\u00a0 <a rel=\"attachment wp-att-3488\" href=\"http:\/\/www.ecurieorthezbearn.fr\/rallye\/2eme-rando-quad-portugal-2011\/portugal-11-2011-073-3\/\"><img loading=\"lazy\" decoding=\"async\" class=\"aligncenter size-medium wp-image-3488\" src=\"http:\/\/www.ecurieorthezbearn.fr\/rallye\/wp-content\/uploads\/2011\/11\/PORTUGAL-11-2011-0732-300x225.jpg\" alt=\"\" width=\"447\" height=\"326\" \/><\/a><\/p>\n<p>\u00a0\u00a0\u00a0\u00a0\u00a0\u00a0\u00a0\u00a0\u00a0\u00a0\u00a0\u00a0\u00a0\u00a0\u00a0\u00a0\u00a0\u00a0\u00a0\u00a0\u00a0\u00a0\u00a0 <a rel=\"attachment wp-att-3489\" href=\"http:\/\/www.ecurieorthezbearn.fr\/rallye\/2eme-rando-quad-portugal-2011\/portugal-11-2011-074\/\"><img loading=\"lazy\" decoding=\"async\" class=\"aligncenter size-medium wp-image-3489\" src=\"http:\/\/www.ecurieorthezbearn.fr\/rallye\/wp-content\/uploads\/2011\/11\/PORTUGAL-11-2011-074-300x225.jpg\" alt=\"\" width=\"447\" height=\"337\" \/><\/a><\/p>\n<p>\u00a0\u00a0\u00a0\u00a0\u00a0\u00a0\u00a0\u00a0\u00a0\u00a0\u00a0\u00a0\u00a0\u00a0\u00a0\u00a0\u00a0\u00a0\u00a0\u00a0\u00a0\u00a0\u00a0\u00a0\u00a0\u00a0\u00a0\u00a0\u00a0\u00a0\u00a0\u00a0\u00a0\u00a0\u00a0\u00a0\u00a0\u00a0\u00a0\u00a0 <a rel=\"attachment wp-att-3490\" href=\"http:\/\/www.ecurieorthezbearn.fr\/rallye\/2eme-rando-quad-portugal-2011\/portugal-11-2011-075\/\"><img loading=\"lazy\" decoding=\"async\" class=\"aligncenter size-medium wp-image-3490\" src=\"http:\/\/www.ecurieorthezbearn.fr\/rallye\/wp-content\/uploads\/2011\/11\/PORTUGAL-11-2011-075-300x225.jpg\" alt=\"\" width=\"451\" height=\"346\" \/><\/a><\/p>\n<p>\u00a0\u00a0\u00a0\u00a0\u00a0\u00a0\u00a0\u00a0\u00a0\u00a0\u00a0\u00a0\u00a0\u00a0\u00a0\u00a0\u00a0\u00a0\u00a0\u00a0\u00a0\u00a0\u00a0\u00a0\u00a0\u00a0\u00a0\u00a0\u00a0\u00a0\u00a0\u00a0\u00a0\u00a0\u00a0\u00a0\u00a0\u00a0\u00a0\u00a0\u00a0\u00a0\u00a0\u00a0\u00a0 <a rel=\"attachment wp-att-3491\" href=\"http:\/\/www.ecurieorthezbearn.fr\/rallye\/2eme-rando-quad-portugal-2011\/portugal-11-2011-077\/\"><img loading=\"lazy\" decoding=\"async\" class=\"aligncenter size-medium wp-image-3491\" src=\"http:\/\/www.ecurieorthezbearn.fr\/rallye\/wp-content\/uploads\/2011\/11\/PORTUGAL-11-2011-077-300x225.jpg\" alt=\"\" width=\"446\" height=\"331\" \/><\/a><\/p>\n<p><a rel=\"attachment wp-att-3492\" href=\"http:\/\/www.ecurieorthezbearn.fr\/rallye\/2eme-rando-quad-portugal-2011\/portugal-11-2011-041\/\"><img loading=\"lazy\" decoding=\"async\" class=\"aligncenter size-medium wp-image-3492\" src=\"http:\/\/www.ecurieorthezbearn.fr\/rallye\/wp-content\/uploads\/2011\/11\/PORTUGAL-11-2011-041-300x225.jpg\" alt=\"\" width=\"445\" height=\"338\" \/><\/a><\/p>\n<p>\u00a0\u00a0\u00a0\u00a0\u00a0\u00a0\u00a0\u00a0\u00a0\u00a0\u00a0\u00a0\u00a0\u00a0\u00a0\u00a0\u00a0\u00a0\u00a0\u00a0\u00a0\u00a0\u00a0\u00a0\u00a0\u00a0 <a rel=\"attachment wp-att-3493\" href=\"http:\/\/www.ecurieorthezbearn.fr\/rallye\/2eme-rando-quad-portugal-2011\/portugal-11-2011-042\/\"><img loading=\"lazy\" decoding=\"async\" class=\"aligncenter size-medium wp-image-3493\" src=\"http:\/\/www.ecurieorthezbearn.fr\/rallye\/wp-content\/uploads\/2011\/11\/PORTUGAL-11-2011-042-300x225.jpg\" alt=\"\" width=\"451\" height=\"344\" \/><\/a>\u00a0\u00a0\u00a0\u00a0\u00a0\u00a0\u00a0\u00a0\u00a0\u00a0\u00a0\u00a0\u00a0\u00a0\u00a0\u00a0\u00a0\u00a0\u00a0\u00a0\u00a0\u00a0\u00a0\u00a0\u00a0\u00a0\u00a0\u00a0\u00a0\u00a0\u00a0\u00a0\u00a0<\/p>\n<p>\u00a0\u00a0\u00a0\u00a0\u00a0\u00a0\u00a0\u00a0\u00a0\u00a0\u00a0\u00a0\u00a0\u00a0\u00a0\u00a0\u00a0\u00a0\u00a0\u00a0\u00a0\u00a0\u00a0\u00a0\u00a0\u00a0\u00a0\u00a0\u00a0\u00a0\u00a0\u00a0\u00a0\u00a0\u00a0\u00a0\u00a0 <a rel=\"attachment wp-att-3494\" href=\"http:\/\/www.ecurieorthezbearn.fr\/rallye\/2eme-rando-quad-portugal-2011\/portugal-11-2011-079\/\"><img loading=\"lazy\" decoding=\"async\" class=\"aligncenter size-medium wp-image-3494\" src=\"http:\/\/www.ecurieorthezbearn.fr\/rallye\/wp-content\/uploads\/2011\/11\/PORTUGAL-11-2011-079-300x225.jpg\" alt=\"\" width=\"447\" height=\"329\" \/><\/a> <\/p>\n<dl><\/dl>\n<dl>\u00a0\u00a0\u00a0\u00a0\u00a0\u00a0\u00a0\u00a0\u00a0\u00a0\u00a0\u00a0\u00a0\u00a0\u00a0\u00a0\u00a0\u00a0\u00a0\u00a0\u00a0\u00a0\u00a0\u00a0\u00a0\u00a0\u00a0\u00a0\u00a0\u00a0\u00a0\u00a0\u00a0\u00a0\u00a0\u00a0\u00a0\u00a0\u00a0\u00a0\u00a0\u00a0\u00a0\u00a0\u00a0\u00a0\u00a0\u00a0\u00a0\u00a0\u00a0 <\/dl>\n<dl>\u00a0\u00a0\u00a0\u00a0\u00a0\u00a0\u00a0\u00a0\u00a0\u00a0\u00a0\u00a0\u00a0\u00a0\u00a0\u00a0\u00a0\u00a0\u00a0\u00a0\u00a0\u00a0\u00a0\u00a0\u00a0\u00a0\u00a0\u00a0\u00a0\u00a0\u00a0\u00a0\u00a0\u00a0\u00a0\u00a0\u00a0\u00a0\u00a0\u00a0\u00a0\u00a0\u00a0\u00a0\u00a0\u00a0\u00a0\u00a0\u00a0\u00a0 <a rel=\"attachment wp-att-3501\" href=\"http:\/\/www.ecurieorthezbearn.fr\/rallye\/2eme-rando-quad-portugal-2011\/portugal-11-2011-080\/\"><img loading=\"lazy\" decoding=\"async\" class=\"aligncenter size-medium wp-image-3501\" src=\"http:\/\/www.ecurieorthezbearn.fr\/rallye\/wp-content\/uploads\/2011\/11\/PORTUGAL-11-2011-080-300x225.jpg\" alt=\"\" width=\"450\" height=\"327\" \/><\/a><\/dl>\n<p>\u00a0\u00a0\u00a0\u00a0\u00a0\u00a0\u00a0\u00a0\u00a0\u00a0\u00a0\u00a0\u00a0\u00a0\u00a0\u00a0\u00a0\u00a0\u00a0\u00a0\u00a0\u00a0\u00a0\u00a0\u00a0\u00a0 <a rel=\"attachment wp-att-3506\" href=\"http:\/\/www.ecurieorthezbearn.fr\/rallye\/2eme-rando-quad-portugal-2011\/portugal-11-2011-078\/\"><img loading=\"lazy\" decoding=\"async\" class=\"aligncenter size-medium wp-image-3506\" src=\"http:\/\/www.ecurieorthezbearn.fr\/rallye\/wp-content\/uploads\/2011\/11\/PORTUGAL-11-2011-078-300x225.jpg\" alt=\"\" width=\"449\" height=\"330\" \/><\/a><\/p>\n<p>\u00a0\u00a0\u00a0\u00a0\u00a0\u00a0\u00a0\u00a0\u00a0\u00a0\u00a0\u00a0\u00a0\u00a0\u00a0\u00a0\u00a0\u00a0\u00a0\u00a0\u00a0\u00a0\u00a0\u00a0\u00a0\u00a0\u00a0\u00a0\u00a0\u00a0\u00a0\u00a0\u00a0\u00a0\u00a0 <a rel=\"attachment wp-att-3508\" href=\"http:\/\/www.ecurieorthezbearn.fr\/rallye\/2eme-rando-quad-portugal-2011\/portugal-11-2011-088\/\"><img loading=\"lazy\" decoding=\"async\" class=\"aligncenter size-medium wp-image-3508\" src=\"http:\/\/www.ecurieorthezbearn.fr\/rallye\/wp-content\/uploads\/2011\/11\/PORTUGAL-11-2011-088-300x225.jpg\" alt=\"\" width=\"447\" height=\"328\" \/><\/a><\/p>\n<p>\u00a0\u00a0\u00a0\u00a0\u00a0\u00a0\u00a0\u00a0\u00a0\u00a0\u00a0\u00a0\u00a0\u00a0\u00a0\u00a0\u00a0\u00a0\u00a0\u00a0\u00a0\u00a0\u00a0\u00a0\u00a0\u00a0\u00a0\u00a0\u00a0\u00a0\u00a0\u00a0\u00a0\u00a0\u00a0 <a rel=\"attachment wp-att-3509\" href=\"http:\/\/www.ecurieorthezbearn.fr\/rallye\/2eme-rando-quad-portugal-2011\/portugal-11-2011-083\/\"><img loading=\"lazy\" decoding=\"async\" class=\"aligncenter size-medium wp-image-3509\" src=\"http:\/\/www.ecurieorthezbearn.fr\/rallye\/wp-content\/uploads\/2011\/11\/PORTUGAL-11-2011-083-300x225.jpg\" alt=\"\" width=\"449\" height=\"331\" \/><\/a><\/p>\n<figure id=\"attachment_3510\" aria-describedby=\"caption-attachment-3510\" style=\"width: 456px\" class=\"wp-caption aligncenter\"><a rel=\"attachment wp-att-3510\" href=\"http:\/\/www.ecurieorthezbearn.fr\/rallye\/2eme-rando-quad-portugal-2011\/portugal-11-2011-084\/\"><img loading=\"lazy\" decoding=\"async\" class=\"size-medium wp-image-3510\" src=\"http:\/\/www.ecurieorthezbearn.fr\/rallye\/wp-content\/uploads\/2011\/11\/PORTUGAL-11-2011-084-300x225.jpg\" alt=\"nos points gps se croisent parfois, petit arret pour tous\" width=\"456\" height=\"347\" \/><\/a><figcaption id=\"caption-attachment-3510\" class=\"wp-caption-text\">nos points gps se croisent parfois, petit arret pour tous<\/figcaption><\/figure>\n<figure id=\"attachment_3511\" aria-describedby=\"caption-attachment-3511\" style=\"width: 446px\" class=\"wp-caption aligncenter\"><a rel=\"attachment wp-att-3511\" href=\"http:\/\/www.ecurieorthezbearn.fr\/rallye\/2eme-rando-quad-portugal-2011\/portugal-11-2011-089\/\"><img loading=\"lazy\" decoding=\"async\" class=\"size-medium wp-image-3511\" src=\"http:\/\/www.ecurieorthezbearn.fr\/rallye\/wp-content\/uploads\/2011\/11\/PORTUGAL-11-2011-089-300x225.jpg\" alt=\"des pistes superbes et des vues magistrales !\" width=\"446\" height=\"330\" \/><\/a><figcaption id=\"caption-attachment-3511\" class=\"wp-caption-text\">des pistes superbes et des vues magistrales !<\/figcaption><\/figure>\n<p>\u00a0\u00a0\u00a0\u00a0\u00a0\u00a0\u00a0\u00a0\u00a0\u00a0\u00a0\u00a0\u00a0\u00a0\u00a0\u00a0\u00a0\u00a0\u00a0\u00a0\u00a0\u00a0\u00a0\u00a0\u00a0\u00a0\u00a0\u00a0\u00a0\u00a0\u00a0\u00a0\u00a0\u00a0\u00a0\u00a0 <a rel=\"attachment wp-att-3514\" href=\"http:\/\/www.ecurieorthezbearn.fr\/rallye\/2eme-rando-quad-portugal-2011\/portugal-11-2011-095\/\"><img loading=\"lazy\" decoding=\"async\" class=\"aligncenter size-medium wp-image-3514\" src=\"http:\/\/www.ecurieorthezbearn.fr\/rallye\/wp-content\/uploads\/2011\/11\/PORTUGAL-11-2011-095-300x225.jpg\" alt=\"\" width=\"452\" height=\"328\" \/><\/a><\/p>\n<p>\u00a0\u00a0\u00a0\u00a0\u00a0\u00a0\u00a0\u00a0\u00a0\u00a0\u00a0\u00a0\u00a0\u00a0\u00a0\u00a0\u00a0\u00a0\u00a0\u00a0\u00a0\u00a0\u00a0\u00a0\u00a0\u00a0\u00a0\u00a0\u00a0 <a rel=\"attachment wp-att-3515\" href=\"http:\/\/www.ecurieorthezbearn.fr\/rallye\/2eme-rando-quad-portugal-2011\/portugal-11-2011-093\/\"><img loading=\"lazy\" decoding=\"async\" class=\"aligncenter size-medium wp-image-3515\" src=\"http:\/\/www.ecurieorthezbearn.fr\/rallye\/wp-content\/uploads\/2011\/11\/PORTUGAL-11-2011-093-300x225.jpg\" alt=\"\" width=\"447\" height=\"326\" \/><\/a><\/p>\n<p>\u00a0\u00a0\u00a0\u00a0\u00a0\u00a0\u00a0\u00a0\u00a0\u00a0\u00a0\u00a0\u00a0\u00a0\u00a0\u00a0\u00a0\u00a0\u00a0\u00a0\u00a0\u00a0\u00a0\u00a0\u00a0\u00a0\u00a0\u00a0\u00a0\u00a0\u00a0\u00a0\u00a0\u00a0\u00a0\u00a0\u00a0\u00a0\u00a0\u00a0\u00a0\u00a0\u00a0 <a rel=\"attachment wp-att-3516\" href=\"http:\/\/www.ecurieorthezbearn.fr\/rallye\/2eme-rando-quad-portugal-2011\/portugal-11-2011-094\/\"><img loading=\"lazy\" decoding=\"async\" class=\"aligncenter size-medium wp-image-3516\" src=\"http:\/\/www.ecurieorthezbearn.fr\/rallye\/wp-content\/uploads\/2011\/11\/PORTUGAL-11-2011-094-300x225.jpg\" alt=\"\" width=\"448\" height=\"328\" \/><\/a><\/p>\n<p>12h30 nous arrivons\u00a0\u00e0 notre point de rendez vous situ\u00e9 au bord d&rsquo;un rio non loin du futur barrage qui\u00a0va noyer\u00a0toute cette val\u00e9e et tous ses oliviers. Notre assistance quand\u00a0\u00e0 elle, a empreint\u00e9e ses pistes . Pas moins de 5 minutes plus tard, elle arrive enfin, la chaleur se fait sentir, nous nous installons\u00a0\u00e0 l&rsquo;ombre.<\/p>\n<p>\u00a0\u00a0\u00a0\u00a0\u00a0\u00a0\u00a0\u00a0\u00a0\u00a0\u00a0\u00a0\u00a0\u00a0\u00a0\u00a0\u00a0\u00a0\u00a0\u00a0 <a rel=\"attachment wp-att-3519\" href=\"http:\/\/www.ecurieorthezbearn.fr\/rallye\/2eme-rando-quad-portugal-2011\/portugal-11-2011-099\/\"><img loading=\"lazy\" decoding=\"async\" class=\"aligncenter size-medium wp-image-3519\" src=\"http:\/\/www.ecurieorthezbearn.fr\/rallye\/wp-content\/uploads\/2011\/11\/PORTUGAL-11-2011-099-300x225.jpg\" alt=\"\" width=\"448\" height=\"326\" \/><\/a><\/p>\n<p>\u00a0\u00a0\u00a0\u00a0\u00a0\u00a0\u00a0\u00a0\u00a0\u00a0\u00a0\u00a0\u00a0\u00a0\u00a0\u00a0\u00a0\u00a0\u00a0\u00a0\u00a0\u00a0\u00a0\u00a0\u00a0\u00a0 <a rel=\"attachment wp-att-3520\" href=\"http:\/\/www.ecurieorthezbearn.fr\/rallye\/2eme-rando-quad-portugal-2011\/portugal-11-2011-103\/\"><img loading=\"lazy\" decoding=\"async\" class=\"aligncenter size-medium wp-image-3520\" src=\"http:\/\/www.ecurieorthezbearn.fr\/rallye\/wp-content\/uploads\/2011\/11\/PORTUGAL-11-2011-103-300x225.jpg\" alt=\"\" width=\"449\" height=\"326\" \/><\/a><\/p>\n<figure id=\"attachment_3521\" aria-describedby=\"caption-attachment-3521\" style=\"width: 447px\" class=\"wp-caption aligncenter\"><a rel=\"attachment wp-att-3521\" href=\"http:\/\/www.ecurieorthezbearn.fr\/rallye\/2eme-rando-quad-portugal-2011\/portugal-11-2011-101\/\"><img loading=\"lazy\" decoding=\"async\" class=\"size-medium wp-image-3521\" src=\"http:\/\/www.ecurieorthezbearn.fr\/rallye\/wp-content\/uploads\/2011\/11\/PORTUGAL-11-2011-101-300x225.jpg\" alt=\"Manu et Salva ne tardent pas a nous cuire quelques enormes ventreches\" width=\"447\" height=\"337\" \/><\/a><figcaption id=\"caption-attachment-3521\" class=\"wp-caption-text\">Manu et Salva ne tardent pas a nous cuire quelques enormes ventreches<\/figcaption><\/figure>\n<p>\u00a0\u00a0\u00a0\u00a0\u00a0\u00a0\u00a0\u00a0\u00a0\u00a0\u00a0\u00a0\u00a0\u00a0\u00a0\u00a0\u00a0\u00a0\u00a0\u00a0\u00a0\u00a0\u00a0\u00a0\u00a0\u00a0\u00a0\u00a0\u00a0\u00a0\u00a0\u00a0\u00a0\u00a0\u00a0\u00a0\u00a0\u00a0\u00a0\u00a0\u00a0\u00a0\u00a0\u00a0\u00a0 <a rel=\"attachment wp-att-3522\" href=\"http:\/\/www.ecurieorthezbearn.fr\/rallye\/2eme-rando-quad-portugal-2011\/portugal-11-2011-107\/\"><img loading=\"lazy\" decoding=\"async\" class=\"aligncenter size-medium wp-image-3522\" src=\"http:\/\/www.ecurieorthezbearn.fr\/rallye\/wp-content\/uploads\/2011\/11\/PORTUGAL-11-2011-107-300x225.jpg\" alt=\"\" width=\"450\" height=\"325\" \/><\/a><\/p>\n<figure id=\"attachment_3523\" aria-describedby=\"caption-attachment-3523\" style=\"width: 453px\" class=\"wp-caption aligncenter\"><a rel=\"attachment wp-att-3523\" href=\"http:\/\/www.ecurieorthezbearn.fr\/rallye\/2eme-rando-quad-portugal-2011\/portugal-11-2011-105\/\"><img loading=\"lazy\" decoding=\"async\" class=\"size-medium wp-image-3523\" src=\"http:\/\/www.ecurieorthezbearn.fr\/rallye\/wp-content\/uploads\/2011\/11\/PORTUGAL-11-2011-105-300x225.jpg\" alt=\"tu dig\u00e8res Denis ?\" width=\"453\" height=\"327\" \/><\/a><figcaption id=\"caption-attachment-3523\" class=\"wp-caption-text\">tu dig\u00e8res Denis ?<\/figcaption><\/figure>\n<p>\u00a0\u00a0\u00a0\u00a0\u00a0\u00a0\u00a0\u00a0\u00a0\u00a0\u00a0\u00a0\u00a0\u00a0\u00a0\u00a0\u00a0\u00a0\u00a0\u00a0\u00a0\u00a0\u00a0\u00a0\u00a0\u00a0\u00a0\u00a0 <a rel=\"attachment wp-att-3526\" href=\"http:\/\/www.ecurieorthezbearn.fr\/rallye\/2eme-rando-quad-portugal-2011\/portugal-11-2011-109\/\"><img loading=\"lazy\" decoding=\"async\" class=\"aligncenter size-medium wp-image-3526\" src=\"http:\/\/www.ecurieorthezbearn.fr\/rallye\/wp-content\/uploads\/2011\/11\/PORTUGAL-11-2011-109-300x225.jpg\" alt=\"\" width=\"448\" height=\"333\" \/><\/a><\/p>\n<p>\u00a0\u00a0\u00a0\u00a0\u00a0\u00a0\u00a0\u00a0\u00a0\u00a0\u00a0\u00a0\u00a0\u00a0\u00a0\u00a0\u00a0\u00a0\u00a0\u00a0\u00a0\u00a0\u00a0\u00a0\u00a0\u00a0\u00a0\u00a0\u00a0\u00a0\u00a0\u00a0\u00a0\u00a0\u00a0\u00a0\u00a0\u00a0 <a rel=\"attachment wp-att-3527\" href=\"http:\/\/www.ecurieorthezbearn.fr\/rallye\/2eme-rando-quad-portugal-2011\/portugal-11-2011-115\/\"><img loading=\"lazy\" decoding=\"async\" class=\"aligncenter size-medium wp-image-3527\" src=\"http:\/\/www.ecurieorthezbearn.fr\/rallye\/wp-content\/uploads\/2011\/11\/PORTUGAL-11-2011-115-300x225.jpg\" alt=\"\" width=\"450\" height=\"328\" \/><\/a><\/p>\n<figure id=\"attachment_3528\" aria-describedby=\"caption-attachment-3528\" style=\"width: 444px\" class=\"wp-caption aligncenter\"><a rel=\"attachment wp-att-3528\" href=\"http:\/\/www.ecurieorthezbearn.fr\/rallye\/2eme-rando-quad-portugal-2011\/portugal-11-2011-112\/\"><img loading=\"lazy\" decoding=\"async\" class=\"size-medium wp-image-3528\" src=\"http:\/\/www.ecurieorthezbearn.fr\/rallye\/wp-content\/uploads\/2011\/11\/PORTUGAL-11-2011-112-300x225.jpg\" alt=\"un chemin plus qu'etroit nous obligera a faire demi tour\" width=\"444\" height=\"328\" \/><\/a><figcaption id=\"caption-attachment-3528\" class=\"wp-caption-text\">un chemin plus qu&#039;etroit nous obligera a faire demi tour<\/figcaption><\/figure>\n<p>\u00a0\u00a0\u00a0\u00a0\u00a0\u00a0\u00a0\u00a0\u00a0\u00a0\u00a0\u00a0\u00a0\u00a0\u00a0\u00a0\u00a0\u00a0\u00a0\u00a0\u00a0\u00a0\u00a0\u00a0\u00a0\u00a0\u00a0\u00a0\u00a0\u00a0\u00a0\u00a0\u00a0\u00a0\u00a0\u00a0\u00a0\u00a0\u00a0\u00a0\u00a0\u00a0\u00a0\u00a0\u00a0\u00a0\u00a0\u00a0\u00a0\u00a0\u00a0\u00a0\u00a0\u00a0\u00a0\u00a0\u00a0\u00a0 <a rel=\"attachment wp-att-3529\" href=\"http:\/\/www.ecurieorthezbearn.fr\/rallye\/2eme-rando-quad-portugal-2011\/portugal-11-2011-113\/\"><img loading=\"lazy\" decoding=\"async\" class=\"aligncenter size-medium wp-image-3529\" src=\"http:\/\/www.ecurieorthezbearn.fr\/rallye\/wp-content\/uploads\/2011\/11\/PORTUGAL-11-2011-113-300x225.jpg\" alt=\"\" width=\"446\" height=\"329\" \/><\/a><\/p>\n<p>\u00a0\u00a0\u00a0\u00a0\u00a0\u00a0\u00a0\u00a0\u00a0\u00a0\u00a0\u00a0\u00a0\u00a0\u00a0\u00a0\u00a0\u00a0\u00a0\u00a0\u00a0\u00a0\u00a0\u00a0\u00a0\u00a0\u00a0\u00a0\u00a0\u00a0\u00a0 <a rel=\"attachment wp-att-3530\" href=\"http:\/\/www.ecurieorthezbearn.fr\/rallye\/2eme-rando-quad-portugal-2011\/portugal-11-2011-111\/\"><img loading=\"lazy\" decoding=\"async\" class=\"aligncenter size-medium wp-image-3530\" src=\"http:\/\/www.ecurieorthezbearn.fr\/rallye\/wp-content\/uploads\/2011\/11\/PORTUGAL-11-2011-111-300x225.jpg\" alt=\"\" width=\"449\" height=\"331\" \/><\/a><\/p>\n<p>\u00a0Des pistes tres rapides nous am\u00e8nent en fin d&rsquo;apr\u00e8s midi\u00a0\u00e0 Torre de Moncorvo, o\u00f9 nous prendrons notre premi\u00e8re nuit a l&rsquo;hotel.<\/p>\n<p>\u00a0\u00a0\u00a0\u00a0\u00a0\u00a0\u00a0\u00a0\u00a0\u00a0\u00a0\u00a0\u00a0\u00a0\u00a0\u00a0\u00a0\u00a0\u00a0\u00a0\u00a0\u00a0\u00a0\u00a0\u00a0\u00a0\u00a0\u00a0\u00a0\u00a0\u00a0\u00a0\u00a0\u00a0\u00a0\u00a0\u00a0\u00a0\u00a0\u00a0\u00a0\u00a0\u00a0\u00a0 <a rel=\"attachment wp-att-3531\" href=\"http:\/\/www.ecurieorthezbearn.fr\/rallye\/2eme-rando-quad-portugal-2011\/portugal-11-2011-117\/\"><img loading=\"lazy\" decoding=\"async\" class=\"aligncenter size-medium wp-image-3531\" src=\"http:\/\/www.ecurieorthezbearn.fr\/rallye\/wp-content\/uploads\/2011\/11\/PORTUGAL-11-2011-117-300x225.jpg\" alt=\"\" width=\"447\" height=\"324\" \/><\/a><\/p>\n<p>\u00a0\u00a0\u00a0\u00a0\u00a0\u00a0\u00a0\u00a0\u00a0\u00a0\u00a0\u00a0\u00a0\u00a0\u00a0\u00a0\u00a0\u00a0\u00a0\u00a0\u00a0\u00a0\u00a0\u00a0\u00a0\u00a0\u00a0\u00a0\u00a0\u00a0\u00a0\u00a0\u00a0\u00a0\u00a0\u00a0 <a rel=\"attachment wp-att-3532\" href=\"http:\/\/www.ecurieorthezbearn.fr\/rallye\/2eme-rando-quad-portugal-2011\/portugal-11-2011-119\/\"><img loading=\"lazy\" decoding=\"async\" class=\"aligncenter size-medium wp-image-3532\" src=\"http:\/\/www.ecurieorthezbearn.fr\/rallye\/wp-content\/uploads\/2011\/11\/PORTUGAL-11-2011-119-300x225.jpg\" alt=\"\" width=\"448\" height=\"327\" \/><\/a><\/p>\n<p>\u00a0\u00a0\u00a0\u00a0\u00a0\u00a0\u00a0\u00a0\u00a0\u00a0\u00a0\u00a0\u00a0\u00a0\u00a0\u00a0\u00a0\u00a0\u00a0\u00a0\u00a0\u00a0\u00a0\u00a0\u00a0\u00a0\u00a0\u00a0\u00a0\u00a0\u00a0\u00a0\u00a0\u00a0\u00a0\u00a0\u00a0\u00a0\u00a0\u00a0\u00a0\u00a0\u00a0\u00a0\u00a0\u00a0\u00a0\u00a0\u00a0\u00a0 <a rel=\"attachment wp-att-3534\" href=\"http:\/\/www.ecurieorthezbearn.fr\/rallye\/2eme-rando-quad-portugal-2011\/portugal-11-2011-122-2\/\"><img loading=\"lazy\" decoding=\"async\" class=\"aligncenter size-medium wp-image-3534\" src=\"http:\/\/www.ecurieorthezbearn.fr\/rallye\/wp-content\/uploads\/2011\/11\/PORTUGAL-11-2011-1221-300x225.jpg\" alt=\"\" width=\"447\" height=\"328\" \/><\/a><\/p>\n<figure id=\"attachment_3535\" aria-describedby=\"caption-attachment-3535\" style=\"width: 450px\" class=\"wp-caption aligncenter\"><a rel=\"attachment wp-att-3535\" href=\"http:\/\/www.ecurieorthezbearn.fr\/rallye\/2eme-rando-quad-portugal-2011\/portugal-11-2011-133\/\"><img loading=\"lazy\" decoding=\"async\" class=\"size-medium wp-image-3535\" src=\"http:\/\/www.ecurieorthezbearn.fr\/rallye\/wp-content\/uploads\/2011\/11\/PORTUGAL-11-2011-133-300x225.jpg\" alt=\"au petit matin Lionel recadre le gps, nous partons la val\u00e9e est dans le brouillard\" width=\"450\" height=\"325\" \/><\/a><figcaption id=\"caption-attachment-3535\" class=\"wp-caption-text\">au petit matin Lionel recadre le gps, nous partons la val\u00e9e est dans le brouillard<\/figcaption><\/figure>\n<p>\u00a0\u00a0\u00a0\u00a0\u00a0\u00a0\u00a0\u00a0\u00a0\u00a0\u00a0\u00a0\u00a0\u00a0\u00a0\u00a0\u00a0\u00a0\u00a0\u00a0\u00a0\u00a0\u00a0\u00a0\u00a0\u00a0\u00a0\u00a0\u00a0\u00a0\u00a0\u00a0\u00a0\u00a0 <a rel=\"attachment wp-att-3536\" href=\"http:\/\/www.ecurieorthezbearn.fr\/rallye\/2eme-rando-quad-portugal-2011\/portugal-11-2011-135\/\"><img loading=\"lazy\" decoding=\"async\" class=\"aligncenter size-medium wp-image-3536\" src=\"http:\/\/www.ecurieorthezbearn.fr\/rallye\/wp-content\/uploads\/2011\/11\/PORTUGAL-11-2011-135-300x225.jpg\" alt=\"\" width=\"448\" height=\"332\" \/><\/a><\/p>\n<p>\u00a0\u00a0\u00a0\u00a0\u00a0\u00a0\u00a0\u00a0\u00a0\u00a0\u00a0\u00a0\u00a0\u00a0\u00a0\u00a0\u00a0\u00a0\u00a0\u00a0\u00a0\u00a0\u00a0\u00a0\u00a0\u00a0\u00a0\u00a0\u00a0\u00a0\u00a0\u00a0\u00a0\u00a0\u00a0\u00a0\u00a0\u00a0\u00a0\u00a0\u00a0\u00a0\u00a0 <a rel=\"attachment wp-att-3537\" href=\"http:\/\/www.ecurieorthezbearn.fr\/rallye\/2eme-rando-quad-portugal-2011\/portugal-11-2011-137\/\"><img loading=\"lazy\" decoding=\"async\" class=\"aligncenter size-medium wp-image-3537\" src=\"http:\/\/www.ecurieorthezbearn.fr\/rallye\/wp-content\/uploads\/2011\/11\/PORTUGAL-11-2011-137-300x225.jpg\" alt=\"\" width=\"449\" height=\"329\" \/><\/a><\/p>\n<p>\u00a0\u00a0\u00a0\u00a0\u00a0\u00a0\u00a0\u00a0\u00a0\u00a0\u00a0\u00a0\u00a0\u00a0\u00a0\u00a0\u00a0\u00a0\u00a0\u00a0\u00a0\u00a0\u00a0\u00a0\u00a0\u00a0\u00a0\u00a0\u00a0\u00a0\u00a0\u00a0\u00a0\u00a0\u00a0\u00a0\u00a0\u00a0\u00a0\u00a0\u00a0\u00a0 <a rel=\"attachment wp-att-3538\" href=\"http:\/\/www.ecurieorthezbearn.fr\/rallye\/2eme-rando-quad-portugal-2011\/portugal-11-2011-139\/\"><img loading=\"lazy\" decoding=\"async\" class=\"aligncenter size-medium wp-image-3538\" src=\"http:\/\/www.ecurieorthezbearn.fr\/rallye\/wp-content\/uploads\/2011\/11\/PORTUGAL-11-2011-139-300x225.jpg\" alt=\"\" width=\"450\" height=\"329\" \/><\/a><\/p>\n<p>\u00a0\u00a0\u00a0\u00a0\u00a0\u00a0\u00a0\u00a0\u00a0\u00a0\u00a0\u00a0\u00a0\u00a0\u00a0\u00a0\u00a0\u00a0\u00a0\u00a0\u00a0\u00a0\u00a0\u00a0\u00a0\u00a0\u00a0\u00a0\u00a0\u00a0\u00a0\u00a0\u00a0\u00a0\u00a0\u00a0\u00a0\u00a0\u00a0\u00a0\u00a0\u00a0 <a rel=\"attachment wp-att-3539\" href=\"http:\/\/www.ecurieorthezbearn.fr\/rallye\/2eme-rando-quad-portugal-2011\/portugal-11-2011-140\/\"><img loading=\"lazy\" decoding=\"async\" class=\"aligncenter size-medium wp-image-3539\" src=\"http:\/\/www.ecurieorthezbearn.fr\/rallye\/wp-content\/uploads\/2011\/11\/PORTUGAL-11-2011-140-300x225.jpg\" alt=\"\" width=\"448\" height=\"328\" \/><\/a><\/p>\n<figure id=\"attachment_3540\" aria-describedby=\"caption-attachment-3540\" style=\"width: 452px\" class=\"wp-caption aligncenter\"><a rel=\"attachment wp-att-3540\" href=\"http:\/\/www.ecurieorthezbearn.fr\/rallye\/2eme-rando-quad-portugal-2011\/portugal-11-2011-141\/\"><img loading=\"lazy\" decoding=\"async\" class=\"size-medium wp-image-3540\" src=\"http:\/\/www.ecurieorthezbearn.fr\/rallye\/wp-content\/uploads\/2011\/11\/PORTUGAL-11-2011-141-300x225.jpg\" alt=\"une vielle loco abandonn\u00e9e en gare de Pocinho\" width=\"452\" height=\"331\" \/><\/a><figcaption id=\"caption-attachment-3540\" class=\"wp-caption-text\">une vielle loco abandonn\u00e9e en gare de Pocinho<\/figcaption><\/figure>\n<p>\u00a0\u00a0\u00a0\u00a0\u00a0\u00a0\u00a0\u00a0\u00a0\u00a0\u00a0\u00a0\u00a0\u00a0\u00a0\u00a0\u00a0\u00a0\u00a0\u00a0\u00a0\u00a0\u00a0\u00a0\u00a0\u00a0\u00a0\u00a0\u00a0\u00a0\u00a0\u00a0\u00a0\u00a0\u00a0\u00a0\u00a0\u00a0\u00a0\u00a0 <a rel=\"attachment wp-att-3541\" href=\"http:\/\/www.ecurieorthezbearn.fr\/rallye\/2eme-rando-quad-portugal-2011\/portugal-11-2011-144\/\"><img loading=\"lazy\" decoding=\"async\" class=\"aligncenter size-medium wp-image-3541\" src=\"http:\/\/www.ecurieorthezbearn.fr\/rallye\/wp-content\/uploads\/2011\/11\/PORTUGAL-11-2011-144-300x225.jpg\" alt=\"\" width=\"448\" height=\"327\" \/><\/a><\/p>\n<figure id=\"attachment_3542\" aria-describedby=\"caption-attachment-3542\" style=\"width: 456px\" class=\"wp-caption aligncenter\"><a rel=\"attachment wp-att-3542\" href=\"http:\/\/www.ecurieorthezbearn.fr\/rallye\/2eme-rando-quad-portugal-2011\/portugal-11-2011-145\/\"><img loading=\"lazy\" decoding=\"async\" class=\"size-medium wp-image-3542\" src=\"http:\/\/www.ecurieorthezbearn.fr\/rallye\/wp-content\/uploads\/2011\/11\/PORTUGAL-11-2011-145-300x225.jpg\" alt=\"un chantier sur une piste, Laurent demandera la permission de passer\" width=\"456\" height=\"328\" \/><\/a><figcaption id=\"caption-attachment-3542\" class=\"wp-caption-text\">un chantier sur une piste, Laurent demandera la permission de passer<\/figcaption><\/figure>\n<figure id=\"attachment_3544\" aria-describedby=\"caption-attachment-3544\" style=\"width: 442px\" class=\"wp-caption aligncenter\"><a rel=\"attachment wp-att-3544\" href=\"http:\/\/www.ecurieorthezbearn.fr\/rallye\/2eme-rando-quad-portugal-2011\/portugal-11-2011-147\/\"><img loading=\"lazy\" decoding=\"async\" class=\"size-medium wp-image-3544\" src=\"http:\/\/www.ecurieorthezbearn.fr\/rallye\/wp-content\/uploads\/2011\/11\/PORTUGAL-11-2011-147-300x225.jpg\" alt=\"une plantation de jeunes vignes irrigu\u00e9es par le rio Douro\" width=\"442\" height=\"327\" \/><\/a><figcaption id=\"caption-attachment-3544\" class=\"wp-caption-text\">une plantation de jeunes vignes irrigu\u00e9es par le rio Douro<\/figcaption><\/figure>\n<figure id=\"attachment_3545\" aria-describedby=\"caption-attachment-3545\" style=\"width: 437px\" class=\"wp-caption aligncenter\"><a rel=\"attachment wp-att-3545\" href=\"http:\/\/www.ecurieorthezbearn.fr\/rallye\/2eme-rando-quad-portugal-2011\/portugal-11-2011-150\/\"><img loading=\"lazy\" decoding=\"async\" class=\"size-medium wp-image-3545\" src=\"http:\/\/www.ecurieorthezbearn.fr\/rallye\/wp-content\/uploads\/2011\/11\/PORTUGAL-11-2011-150-300x225.jpg\" alt=\"un d\u00e9nivel\u00e9 total de 3700 m\u00e8tres dans la journ\u00e9e !\" width=\"437\" height=\"313\" \/><\/a><figcaption id=\"caption-attachment-3545\" class=\"wp-caption-text\">un d\u00e9nivel\u00e9 total de 3700 m\u00e8tres dans la journ\u00e9e !<\/figcaption><\/figure>\n<figure id=\"attachment_3548\" aria-describedby=\"caption-attachment-3548\" style=\"width: 471px\" class=\"wp-caption aligncenter\"><a rel=\"attachment wp-att-3548\" href=\"http:\/\/www.ecurieorthezbearn.fr\/rallye\/2eme-rando-quad-portugal-2011\/portugal-11-2011-154\/\"><img loading=\"lazy\" decoding=\"async\" class=\"size-medium wp-image-3548\" src=\"http:\/\/www.ecurieorthezbearn.fr\/rallye\/wp-content\/uploads\/2011\/11\/PORTUGAL-11-2011-154-300x225.jpg\" alt=\"pose de midi au bord du Douro\" width=\"471\" height=\"334\" \/><\/a><figcaption id=\"caption-attachment-3548\" class=\"wp-caption-text\">pose de midi au bord du Douro<\/figcaption><\/figure>\n<figure id=\"attachment_3549\" aria-describedby=\"caption-attachment-3549\" style=\"width: 456px\" class=\"wp-caption aligncenter\"><a rel=\"attachment wp-att-3549\" href=\"http:\/\/www.ecurieorthezbearn.fr\/rallye\/2eme-rando-quad-portugal-2011\/portugal-11-2011-156\/\"><img loading=\"lazy\" decoding=\"async\" class=\"size-medium wp-image-3549\" src=\"http:\/\/www.ecurieorthezbearn.fr\/rallye\/wp-content\/uploads\/2011\/11\/PORTUGAL-11-2011-156-300x225.jpg\" alt=\"un souci de batterie pour Lionel\" width=\"456\" height=\"342\" srcset=\"https:\/\/www.ecurieorthezbearn.fr\/rallye\/wp-content\/uploads\/2011\/11\/PORTUGAL-11-2011-156-300x225.jpg 300w, https:\/\/www.ecurieorthezbearn.fr\/rallye\/wp-content\/uploads\/2011\/11\/PORTUGAL-11-2011-156.jpg 2048w\" sizes=\"(max-width: 456px) 100vw, 456px\" \/><\/a><figcaption id=\"caption-attachment-3549\" class=\"wp-caption-text\">un souci de batterie pour Lionel<\/figcaption><\/figure>\n<figure id=\"attachment_3550\" aria-describedby=\"caption-attachment-3550\" style=\"width: 464px\" class=\"wp-caption aligncenter\"><a rel=\"attachment wp-att-3550\" href=\"http:\/\/www.ecurieorthezbearn.fr\/rallye\/2eme-rando-quad-portugal-2011\/portugal-11-2011-158\/\"><img loading=\"lazy\" decoding=\"async\" class=\"size-medium wp-image-3550\" src=\"http:\/\/www.ecurieorthezbearn.fr\/rallye\/wp-content\/uploads\/2011\/11\/PORTUGAL-11-2011-158-300x225.jpg\" alt=\"Ca, c'est de l'assistance !!! super Manu, super Salva.\" width=\"464\" height=\"329\" \/><\/a><figcaption id=\"caption-attachment-3550\" class=\"wp-caption-text\">Ca, c&#039;est de l&#039;assistance !!! super Manu, super Salva.<\/figcaption><\/figure>\n<figure id=\"attachment_3551\" aria-describedby=\"caption-attachment-3551\" style=\"width: 460px\" class=\"wp-caption aligncenter\"><a rel=\"attachment wp-att-3551\" href=\"http:\/\/www.ecurieorthezbearn.fr\/rallye\/2eme-rando-quad-portugal-2011\/portugal-11-2011-161\/\"><img loading=\"lazy\" decoding=\"async\" class=\"size-medium wp-image-3551\" src=\"http:\/\/www.ecurieorthezbearn.fr\/rallye\/wp-content\/uploads\/2011\/11\/PORTUGAL-11-2011-161-300x225.jpg\" alt=\"un petit caf\u00e9 avant de repartir\" width=\"460\" height=\"331\" \/><\/a><figcaption id=\"caption-attachment-3551\" class=\"wp-caption-text\">un petit caf\u00e9 avant de repartir<\/figcaption><\/figure>\n<p>\u00a0\u00a0\u00a0\u00a0\u00a0\u00a0\u00a0\u00a0\u00a0\u00a0\u00a0\u00a0\u00a0\u00a0\u00a0\u00a0\u00a0\u00a0\u00a0\u00a0\u00a0\u00a0\u00a0\u00a0\u00a0\u00a0\u00a0\u00a0\u00a0\u00a0\u00a0\u00a0\u00a0\u00a0\u00a0\u00a0\u00a0\u00a0\u00a0\u00a0\u00a0\u00a0\u00a0\u00a0 <a rel=\"attachment wp-att-3552\" href=\"http:\/\/www.ecurieorthezbearn.fr\/rallye\/2eme-rando-quad-portugal-2011\/portugal-11-2011-162\/\"><img loading=\"lazy\" decoding=\"async\" class=\"aligncenter size-medium wp-image-3552\" src=\"http:\/\/www.ecurieorthezbearn.fr\/rallye\/wp-content\/uploads\/2011\/11\/PORTUGAL-11-2011-162-300x225.jpg\" alt=\"\" width=\"448\" height=\"329\" \/><\/a><\/p>\n<p>\u00a0\u00a0\u00a0\u00a0\u00a0\u00a0\u00a0\u00a0\u00a0\u00a0\u00a0\u00a0\u00a0\u00a0\u00a0\u00a0\u00a0\u00a0\u00a0\u00a0\u00a0\u00a0\u00a0\u00a0\u00a0\u00a0\u00a0\u00a0\u00a0\u00a0\u00a0\u00a0\u00a0\u00a0 <a rel=\"attachment wp-att-3553\" href=\"http:\/\/www.ecurieorthezbearn.fr\/rallye\/2eme-rando-quad-portugal-2011\/portugal-11-2011-149\/\"><img loading=\"lazy\" decoding=\"async\" class=\"aligncenter size-medium wp-image-3553\" src=\"http:\/\/www.ecurieorthezbearn.fr\/rallye\/wp-content\/uploads\/2011\/11\/PORTUGAL-11-2011-149-300x225.jpg\" alt=\"\" width=\"447\" height=\"325\" \/><\/a><\/p>\n<p>\u00a0\u00a0\u00a0\u00a0\u00a0\u00a0\u00a0\u00a0\u00a0\u00a0\u00a0\u00a0\u00a0\u00a0\u00a0\u00a0\u00a0\u00a0\u00a0\u00a0\u00a0\u00a0\u00a0\u00a0\u00a0\u00a0\u00a0\u00a0\u00a0\u00a0\u00a0\u00a0\u00a0\u00a0\u00a0\u00a0\u00a0\u00a0\u00a0\u00a0\u00a0\u00a0\u00a0\u00a0\u00a0\u00a0\u00a0\u00a0 <a rel=\"attachment wp-att-3554\" href=\"http:\/\/www.ecurieorthezbearn.fr\/rallye\/2eme-rando-quad-portugal-2011\/portugal-11-2011-164\/\"><img loading=\"lazy\" decoding=\"async\" class=\"aligncenter size-medium wp-image-3554\" src=\"http:\/\/www.ecurieorthezbearn.fr\/rallye\/wp-content\/uploads\/2011\/11\/PORTUGAL-11-2011-164-300x225.jpg\" alt=\"\" width=\"448\" height=\"324\" \/><\/a><\/p>\n<p>\u00a0\u00a0\u00a0\u00a0\u00a0\u00a0\u00a0\u00a0\u00a0\u00a0\u00a0\u00a0\u00a0\u00a0\u00a0\u00a0\u00a0\u00a0\u00a0\u00a0\u00a0\u00a0\u00a0\u00a0\u00a0\u00a0\u00a0\u00a0\u00a0\u00a0\u00a0\u00a0\u00a0\u00a0\u00a0\u00a0\u00a0\u00a0\u00a0\u00a0 <a rel=\"attachment wp-att-3555\" href=\"http:\/\/www.ecurieorthezbearn.fr\/rallye\/2eme-rando-quad-portugal-2011\/portugal-11-2011-166\/\"><img loading=\"lazy\" decoding=\"async\" class=\"aligncenter size-medium wp-image-3555\" src=\"http:\/\/www.ecurieorthezbearn.fr\/rallye\/wp-content\/uploads\/2011\/11\/PORTUGAL-11-2011-166-300x225.jpg\" alt=\"\" width=\"449\" height=\"328\" \/><\/a><\/p>\n<figure id=\"attachment_3556\" aria-describedby=\"caption-attachment-3556\" style=\"width: 449px\" class=\"wp-caption aligncenter\"><a rel=\"attachment wp-att-3556\" href=\"http:\/\/www.ecurieorthezbearn.fr\/rallye\/2eme-rando-quad-portugal-2011\/portugal-11-2011-167\/\"><img loading=\"lazy\" decoding=\"async\" class=\"size-medium wp-image-3556\" src=\"http:\/\/www.ecurieorthezbearn.fr\/rallye\/wp-content\/uploads\/2011\/11\/PORTUGAL-11-2011-167-300x225.jpg\" alt=\"nous rencontrons un garde forestier tr\u00e8s sympas, il parle francais\" width=\"449\" height=\"349\" \/><\/a><figcaption id=\"caption-attachment-3556\" class=\"wp-caption-text\">nous rencontrons un garde forestier tr\u00e8s sympas, il parle francais<\/figcaption><\/figure>\n<p>\u00a0\u00a0\u00a0\u00a0\u00a0\u00a0\u00a0\u00a0\u00a0\u00a0\u00a0\u00a0\u00a0\u00a0\u00a0\u00a0\u00a0\u00a0\u00a0\u00a0\u00a0\u00a0\u00a0\u00a0\u00a0\u00a0\u00a0\u00a0\u00a0\u00a0\u00a0\u00a0\u00a0\u00a0\u00a0\u00a0\u00a0\u00a0\u00a0\u00a0\u00a0\u00a0\u00a0\u00a0\u00a0\u00a0\u00a0\u00a0\u00a0\u00a0\u00a0\u00a0\u00a0\u00a0\u00a0\u00a0\u00a0\u00a0\u00a0\u00a0\u00a0\u00a0 <a rel=\"attachment wp-att-3557\" href=\"http:\/\/www.ecurieorthezbearn.fr\/rallye\/2eme-rando-quad-portugal-2011\/portugal-11-2011-168\/\"><img loading=\"lazy\" decoding=\"async\" class=\"aligncenter size-medium wp-image-3557\" src=\"http:\/\/www.ecurieorthezbearn.fr\/rallye\/wp-content\/uploads\/2011\/11\/PORTUGAL-11-2011-168-300x225.jpg\" alt=\"\" width=\"448\" height=\"328\" \/><\/a><\/p>\n<p>Notre seconde nuit\u00a0\u00e0 Freixo sera merveilleuse, des gites \u00a0troglodyte super am\u00e9nag\u00e9s avec terrasse et barbecue, vue sur la base de loisir et le Douro, \u00a0champs d&rsquo;oliviers\u00a0\u00e0 proximit\u00e9.<\/p>\n<p>\u00a0\u00a0\u00a0\u00a0\u00a0\u00a0\u00a0\u00a0\u00a0\u00a0\u00a0\u00a0\u00a0\u00a0\u00a0\u00a0\u00a0\u00a0\u00a0\u00a0\u00a0\u00a0\u00a0\u00a0\u00a0\u00a0\u00a0\u00a0\u00a0\u00a0\u00a0\u00a0\u00a0\u00a0\u00a0\u00a0\u00a0\u00a0\u00a0\u00a0\u00a0\u00a0\u00a0\u00a0\u00a0\u00a0\u00a0\u00a0\u00a0\u00a0\u00a0\u00a0\u00a0\u00a0\u00a0\u00a0\u00a0\u00a0\u00a0\u00a0\u00a0\u00a0\u00a0\u00a0\u00a0\u00a0\u00a0\u00a0\u00a0\u00a0\u00a0\u00a0\u00a0\u00a0 <a rel=\"attachment wp-att-3558\" href=\"http:\/\/www.ecurieorthezbearn.fr\/rallye\/2eme-rando-quad-portugal-2011\/portugal-11-2011-169\/\"><img loading=\"lazy\" decoding=\"async\" class=\"aligncenter size-medium wp-image-3558\" src=\"http:\/\/www.ecurieorthezbearn.fr\/rallye\/wp-content\/uploads\/2011\/11\/PORTUGAL-11-2011-169-300x225.jpg\" alt=\"\" width=\"448\" height=\"324\" \/><\/a><\/p>\n<figure id=\"attachment_3560\" aria-describedby=\"caption-attachment-3560\" style=\"width: 472px\" class=\"wp-caption aligncenter\"><a rel=\"attachment wp-att-3560\" href=\"http:\/\/www.ecurieorthezbearn.fr\/rallye\/2eme-rando-quad-portugal-2011\/portugal-11-2011-183\/\"><img loading=\"lazy\" decoding=\"async\" class=\"size-medium wp-image-3560\" src=\"http:\/\/www.ecurieorthezbearn.fr\/rallye\/wp-content\/uploads\/2011\/11\/PORTUGAL-11-2011-183-300x225.jpg\" alt=\"Lionel ne lache rien, toujours sur le trac\u00e9 du lendemain\" width=\"472\" height=\"360\" \/><\/a><figcaption id=\"caption-attachment-3560\" class=\"wp-caption-text\">Lionel ne lache rien, toujours sur le trac\u00e9 du lendemain<\/figcaption><\/figure>\n<p><a rel=\"attachment wp-att-3559\" href=\"http:\/\/www.ecurieorthezbearn.fr\/rallye\/2eme-rando-quad-portugal-2011\/portugal-11-2011-175\/\"><img loading=\"lazy\" decoding=\"async\" class=\"aligncenter size-medium wp-image-3559\" src=\"http:\/\/www.ecurieorthezbearn.fr\/rallye\/wp-content\/uploads\/2011\/11\/PORTUGAL-11-2011-175-300x225.jpg\" alt=\"\" width=\"449\" height=\"327\" \/><\/a><\/p>\n<figure id=\"attachment_3561\" aria-describedby=\"caption-attachment-3561\" style=\"width: 447px\" class=\"wp-caption aligncenter\"><a rel=\"attachment wp-att-3561\" href=\"http:\/\/www.ecurieorthezbearn.fr\/rallye\/2eme-rando-quad-portugal-2011\/portugal-11-2011-181\/\"><img loading=\"lazy\" decoding=\"async\" class=\"size-medium wp-image-3561\" src=\"http:\/\/www.ecurieorthezbearn.fr\/rallye\/wp-content\/uploads\/2011\/11\/PORTUGAL-11-2011-181-300x225.jpg\" alt=\"a ta sant\u00e9 , Manu \" width=\"447\" height=\"333\" \/><\/a><figcaption id=\"caption-attachment-3561\" class=\"wp-caption-text\">a ta sant\u00e9 , Manu <\/figcaption><\/figure>\n<figure id=\"attachment_3562\" aria-describedby=\"caption-attachment-3562\" style=\"width: 445px\" class=\"wp-caption aligncenter\"><a rel=\"attachment wp-att-3562\" href=\"http:\/\/www.ecurieorthezbearn.fr\/rallye\/2eme-rando-quad-portugal-2011\/portugal-11-2011-185\/\"><img loading=\"lazy\" decoding=\"async\" class=\"size-medium wp-image-3562\" src=\"http:\/\/www.ecurieorthezbearn.fr\/rallye\/wp-content\/uploads\/2011\/11\/PORTUGAL-11-2011-185-300x225.jpg\" alt=\"Salva son truc c'est l'escalope portugaise !\" width=\"445\" height=\"321\" \/><\/a><figcaption id=\"caption-attachment-3562\" class=\"wp-caption-text\">Salva son truc c&#039;est l&#039;escalope portugaise !<\/figcaption><\/figure>\n<p>\u00a0\u00a0\u00a0\u00a0\u00a0\u00a0\u00a0\u00a0\u00a0\u00a0\u00a0\u00a0\u00a0\u00a0\u00a0\u00a0\u00a0\u00a0\u00a0\u00a0\u00a0\u00a0\u00a0\u00a0\u00a0\u00a0\u00a0\u00a0\u00a0\u00a0\u00a0\u00a0\u00a0\u00a0\u00a0\u00a0\u00a0\u00a0\u00a0\u00a0\u00a0\u00a0\u00a0\u00a0\u00a0\u00a0\u00a0 <a rel=\"attachment wp-att-3563\" href=\"http:\/\/www.ecurieorthezbearn.fr\/rallye\/2eme-rando-quad-portugal-2011\/portugal-11-2011-186\/\"><img loading=\"lazy\" decoding=\"async\" class=\"aligncenter size-medium wp-image-3563\" src=\"http:\/\/www.ecurieorthezbearn.fr\/rallye\/wp-content\/uploads\/2011\/11\/PORTUGAL-11-2011-186-300x225.jpg\" alt=\"\" width=\"447\" height=\"327\" \/><\/a><\/p>\n<figure id=\"attachment_3564\" aria-describedby=\"caption-attachment-3564\" style=\"width: 456px\" class=\"wp-caption aligncenter\"><a rel=\"attachment wp-att-3564\" href=\"http:\/\/www.ecurieorthezbearn.fr\/rallye\/2eme-rando-quad-portugal-2011\/portugal-11-2011-188\/\"><img loading=\"lazy\" decoding=\"async\" class=\"size-medium wp-image-3564\" src=\"http:\/\/www.ecurieorthezbearn.fr\/rallye\/wp-content\/uploads\/2011\/11\/PORTUGAL-11-2011-188-300x225.jpg\" alt=\"au petit matin , il faut bien se couvrir Denis\" width=\"456\" height=\"345\" \/><\/a><figcaption id=\"caption-attachment-3564\" class=\"wp-caption-text\">au petit matin , il faut bien se couvrir Denis<\/figcaption><\/figure>\n<p>\u00a0\u00a0\u00a0\u00a0\u00a0\u00a0\u00a0\u00a0\u00a0\u00a0\u00a0\u00a0\u00a0\u00a0\u00a0\u00a0\u00a0\u00a0\u00a0\u00a0\u00a0\u00a0\u00a0\u00a0 Troisi\u00e8me jours , les quads sont au top de leur forme. Filtres\u00a0\u00e0 air , pression des pneus, niveau d&rsquo;huile et menus r\u00e9parations sont effectu\u00e9s avant de repartir.<\/p>\n<p>\u00a0\u00a0\u00a0\u00a0\u00a0\u00a0\u00a0\u00a0\u00a0\u00a0\u00a0\u00a0\u00a0\u00a0\u00a0\u00a0\u00a0\u00a0\u00a0\u00a0\u00a0\u00a0\u00a0\u00a0\u00a0\u00a0\u00a0\u00a0\u00a0\u00a0\u00a0\u00a0\u00a0\u00a0\u00a0\u00a0\u00a0\u00a0\u00a0\u00a0\u00a0\u00a0\u00a0\u00a0\u00a0\u00a0\u00a0\u00a0\u00a0\u00a0\u00a0\u00a0\u00a0\u00a0\u00a0\u00a0 <a rel=\"attachment wp-att-3565\" href=\"http:\/\/www.ecurieorthezbearn.fr\/rallye\/2eme-rando-quad-portugal-2011\/portugal-11-2011-198\/\"><img loading=\"lazy\" decoding=\"async\" class=\"aligncenter size-medium wp-image-3565\" src=\"http:\/\/www.ecurieorthezbearn.fr\/rallye\/wp-content\/uploads\/2011\/11\/PORTUGAL-11-2011-198-300x225.jpg\" alt=\"\" width=\"450\" height=\"324\" \/><\/a><\/p>\n<p>\u00a0\u00a0\u00a0\u00a0\u00a0\u00a0\u00a0\u00a0\u00a0\u00a0\u00a0\u00a0\u00a0\u00a0\u00a0\u00a0\u00a0\u00a0\u00a0\u00a0\u00a0\u00a0\u00a0\u00a0\u00a0\u00a0\u00a0\u00a0\u00a0\u00a0\u00a0\u00a0\u00a0\u00a0\u00a0\u00a0\u00a0\u00a0 <a rel=\"attachment wp-att-3566\" href=\"http:\/\/www.ecurieorthezbearn.fr\/rallye\/2eme-rando-quad-portugal-2011\/portugal-11-2011-194\/\"><img loading=\"lazy\" decoding=\"async\" class=\"aligncenter size-medium wp-image-3566\" src=\"http:\/\/www.ecurieorthezbearn.fr\/rallye\/wp-content\/uploads\/2011\/11\/PORTUGAL-11-2011-194-300x225.jpg\" alt=\"\" width=\"448\" height=\"327\" \/><\/a><\/p>\n<figure id=\"attachment_3567\" aria-describedby=\"caption-attachment-3567\" style=\"width: 455px\" class=\"wp-caption aligncenter\"><a rel=\"attachment wp-att-3567\" href=\"http:\/\/www.ecurieorthezbearn.fr\/rallye\/2eme-rando-quad-portugal-2011\/portugal-11-2011-193\/\"><img loading=\"lazy\" decoding=\"async\" class=\"size-medium wp-image-3567\" src=\"http:\/\/www.ecurieorthezbearn.fr\/rallye\/wp-content\/uploads\/2011\/11\/PORTUGAL-11-2011-193-300x225.jpg\" alt=\"pas toujours fiable le gps !!!\" width=\"455\" height=\"356\" \/><\/a><figcaption id=\"caption-attachment-3567\" class=\"wp-caption-text\">pas toujours fiable le gps !!!<\/figcaption><\/figure>\n<p>\u00a0\u00a0\u00a0\u00a0\u00a0\u00a0\u00a0\u00a0\u00a0\u00a0\u00a0\u00a0\u00a0\u00a0\u00a0\u00a0\u00a0\u00a0\u00a0\u00a0\u00a0\u00a0\u00a0\u00a0\u00a0\u00a0\u00a0\u00a0\u00a0\u00a0\u00a0\u00a0\u00a0\u00a0\u00a0\u00a0\u00a0\u00a0\u00a0\u00a0\u00a0\u00a0\u00a0\u00a0\u00a0\u00a0\u00a0\u00a0\u00a0\u00a0\u00a0\u00a0\u00a0\u00a0\u00a0\u00a0\u00a0\u00a0\u00a0\u00a0 <a rel=\"attachment wp-att-3568\" href=\"http:\/\/www.ecurieorthezbearn.fr\/rallye\/2eme-rando-quad-portugal-2011\/portugal-11-2011-195\/\"><img loading=\"lazy\" decoding=\"async\" class=\"aligncenter size-medium wp-image-3568\" src=\"http:\/\/www.ecurieorthezbearn.fr\/rallye\/wp-content\/uploads\/2011\/11\/PORTUGAL-11-2011-195-300x225.jpg\" alt=\"\" width=\"445\" height=\"341\" \/><\/a><\/p>\n<p>\u00a0\u00a0\u00a0\u00a0\u00a0\u00a0\u00a0\u00a0\u00a0\u00a0\u00a0\u00a0\u00a0\u00a0\u00a0\u00a0\u00a0\u00a0\u00a0\u00a0\u00a0\u00a0\u00a0\u00a0\u00a0\u00a0\u00a0\u00a0\u00a0\u00a0\u00a0\u00a0\u00a0\u00a0\u00a0\u00a0\u00a0\u00a0\u00a0\u00a0\u00a0\u00a0\u00a0 <a rel=\"attachment wp-att-3570\" href=\"http:\/\/www.ecurieorthezbearn.fr\/rallye\/2eme-rando-quad-portugal-2011\/portugal-11-2011-212\/\"><img loading=\"lazy\" decoding=\"async\" class=\"aligncenter size-medium wp-image-3570\" src=\"http:\/\/www.ecurieorthezbearn.fr\/rallye\/wp-content\/uploads\/2011\/11\/PORTUGAL-11-2011-212-300x225.jpg\" alt=\"\" width=\"447\" height=\"326\" \/><\/a><\/p>\n<p>\u00a0\u00a0\u00a0\u00a0\u00a0\u00a0\u00a0\u00a0\u00a0\u00a0\u00a0\u00a0\u00a0\u00a0\u00a0\u00a0\u00a0\u00a0\u00a0\u00a0\u00a0\u00a0\u00a0\u00a0\u00a0\u00a0\u00a0\u00a0\u00a0\u00a0\u00a0\u00a0\u00a0\u00a0\u00a0\u00a0\u00a0\u00a0\u00a0\u00a0\u00a0\u00a0\u00a0\u00a0\u00a0 <a rel=\"attachment wp-att-3572\" href=\"http:\/\/www.ecurieorthezbearn.fr\/rallye\/2eme-rando-quad-portugal-2011\/portugal-11-2011-220\/\"><img loading=\"lazy\" decoding=\"async\" class=\"aligncenter size-medium wp-image-3572\" src=\"http:\/\/www.ecurieorthezbearn.fr\/rallye\/wp-content\/uploads\/2011\/11\/PORTUGAL-11-2011-220-300x225.jpg\" alt=\"\" width=\"448\" height=\"328\" \/><\/a><\/p>\n<p>\u00a0\u00a0\u00a0\u00a0\u00a0\u00a0\u00a0\u00a0\u00a0\u00a0\u00a0\u00a0\u00a0\u00a0\u00a0\u00a0\u00a0\u00a0\u00a0\u00a0\u00a0\u00a0\u00a0\u00a0\u00a0\u00a0\u00a0\u00a0\u00a0\u00a0\u00a0\u00a0\u00a0\u00a0 <a rel=\"attachment wp-att-3573\" href=\"http:\/\/www.ecurieorthezbearn.fr\/rallye\/2eme-rando-quad-portugal-2011\/portugal-11-2011-217\/\"><img loading=\"lazy\" decoding=\"async\" class=\"aligncenter size-medium wp-image-3573\" src=\"http:\/\/www.ecurieorthezbearn.fr\/rallye\/wp-content\/uploads\/2011\/11\/PORTUGAL-11-2011-217-300x225.jpg\" alt=\"\" width=\"449\" height=\"328\" \/><\/a><\/p>\n<p>\u00a0\u00a0\u00a0\u00a0\u00a0\u00a0\u00a0\u00a0\u00a0\u00a0\u00a0\u00a0\u00a0\u00a0\u00a0\u00a0\u00a0\u00a0\u00a0\u00a0\u00a0\u00a0\u00a0\u00a0\u00a0\u00a0\u00a0\u00a0\u00a0\u00a0\u00a0\u00a0\u00a0\u00a0\u00a0\u00a0\u00a0\u00a0\u00a0\u00a0 <a rel=\"attachment wp-att-3574\" href=\"http:\/\/www.ecurieorthezbearn.fr\/rallye\/2eme-rando-quad-portugal-2011\/portugal-11-2011-222\/\"><img loading=\"lazy\" decoding=\"async\" class=\"aligncenter size-medium wp-image-3574\" src=\"http:\/\/www.ecurieorthezbearn.fr\/rallye\/wp-content\/uploads\/2011\/11\/PORTUGAL-11-2011-222-300x225.jpg\" alt=\"\" width=\"447\" height=\"307\" \/><\/a><\/p>\n<p>\u00a0\u00a0\u00a0\u00a0\u00a0\u00a0\u00a0\u00a0\u00a0\u00a0\u00a0\u00a0\u00a0\u00a0\u00a0\u00a0\u00a0\u00a0\u00a0\u00a0\u00a0\u00a0\u00a0\u00a0\u00a0\u00a0\u00a0\u00a0\u00a0\u00a0 <a rel=\"attachment wp-att-3576\" href=\"http:\/\/www.ecurieorthezbearn.fr\/rallye\/2eme-rando-quad-portugal-2011\/portugal-11-2011-226\/\"><img loading=\"lazy\" decoding=\"async\" class=\"aligncenter size-medium wp-image-3576\" src=\"http:\/\/www.ecurieorthezbearn.fr\/rallye\/wp-content\/uploads\/2011\/11\/PORTUGAL-11-2011-226-300x225.jpg\" alt=\"\" width=\"450\" height=\"330\" \/><\/a><\/p>\n<figure id=\"attachment_3577\" aria-describedby=\"caption-attachment-3577\" style=\"width: 454px\" class=\"wp-caption aligncenter\"><a rel=\"attachment wp-att-3577\" href=\"http:\/\/www.ecurieorthezbearn.fr\/rallye\/2eme-rando-quad-portugal-2011\/portugal-11-2011-215\/\"><img loading=\"lazy\" decoding=\"async\" class=\"size-medium wp-image-3577\" src=\"http:\/\/www.ecurieorthezbearn.fr\/rallye\/wp-content\/uploads\/2011\/11\/PORTUGAL-11-2011-215-300x225.jpg\" alt=\"une superbe vue du Douro, au fond l'espagne\" width=\"454\" height=\"344\" \/><\/a><figcaption id=\"caption-attachment-3577\" class=\"wp-caption-text\">une superbe vue du Douro, au fond l&#039;espagne<\/figcaption><\/figure>\n<p>\u00a0\u00a0\u00a0\u00a0\u00a0\u00a0\u00a0\u00a0\u00a0\u00a0\u00a0\u00a0\u00a0\u00a0\u00a0\u00a0\u00a0\u00a0\u00a0\u00a0\u00a0\u00a0\u00a0\u00a0\u00a0\u00a0\u00a0\u00a0\u00a0\u00a0\u00a0\u00a0\u00a0\u00a0\u00a0\u00a0\u00a0\u00a0\u00a0 <a rel=\"attachment wp-att-3578\" href=\"http:\/\/www.ecurieorthezbearn.fr\/rallye\/2eme-rando-quad-portugal-2011\/portugal-11-2011-260\/\"><img loading=\"lazy\" decoding=\"async\" class=\"aligncenter size-medium wp-image-3578\" src=\"http:\/\/www.ecurieorthezbearn.fr\/rallye\/wp-content\/uploads\/2011\/11\/PORTUGAL-11-2011-260-300x225.jpg\" alt=\"\" width=\"447\" height=\"330\" \/><\/a><\/p>\n","protected":false},"excerpt":{"rendered":"<p>Petite modification , cette ann\u00e9e, puisque nous avons d\u00e9cid\u00e9s de changer le d\u00e9roulement et le parcour. La premi\u00e8re nuit se passera chez Laurent\u00a0\u00e0 Vilar chao, puis trois nuits sont pr\u00e9vues\u00a0\u00e0 l&rsquo;exterieure, histoire de rallonger notre p\u00e9riple afin de d\u00e9couvrir ces magnifiques paysages. Au finale\u00a0, 500 kilom\u00e8tres de pistes tr\u00e8s vari\u00e9es nous attendent, avec une premi\u00e8re &hellip; <a href=\"https:\/\/www.ecurieorthezbearn.fr\/rallye\/2eme-rando-quad-portugal-2011\/\" class=\"more-link\">Continuer la lecture de <span class=\"screen-reader-text\">2eme Rando Quad portugal 2011 (partie 1)<\/span>  <span class=\"meta-nav\">&rarr;<\/span><\/a><\/p>\n","protected":false},"author":4,"featured_media":0,"comment_status":"closed","ping_status":"closed","sticky":false,"template":"","format":"standard","meta":{"footnotes":""},"categories":[39],"tags":[47],"_links":{"self":[{"href":"https:\/\/www.ecurieorthezbearn.fr\/rallye\/wp-json\/wp\/v2\/posts\/3429"}],"collection":[{"href":"https:\/\/www.ecurieorthezbearn.fr\/rallye\/wp-json\/wp\/v2\/posts"}],"about":[{"href":"https:\/\/www.ecurieorthezbearn.fr\/rallye\/wp-json\/wp\/v2\/types\/post"}],"author":[{"embeddable":true,"href":"https:\/\/www.ecurieorthezbearn.fr\/rallye\/wp-json\/wp\/v2\/users\/4"}],"replies":[{"embeddable":true,"href":"https:\/\/www.ecurieorthezbearn.fr\/rallye\/wp-json\/wp\/v2\/comments?post=3429"}],"version-history":[{"count":63,"href":"https:\/\/www.ecurieorthezbearn.fr\/rallye\/wp-json\/wp\/v2\/posts\/3429\/revisions"}],"predecessor-version":[{"id":3681,"href":"https:\/\/www.ecurieorthezbearn.fr\/rallye\/wp-json\/wp\/v2\/posts\/3429\/revisions\/3681"}],"wp:attachment":[{"href":"https:\/\/www.ecurieorthezbearn.fr\/rallye\/wp-json\/wp\/v2\/media?parent=3429"}],"wp:term":[{"taxonomy":"category","embeddable":true,"href":"https:\/\/www.ecurieorthezbearn.fr\/rallye\/wp-json\/wp\/v2\/categories?post=3429"},{"taxonomy":"post_tag","embeddable":true,"href":"https:\/\/www.ecurieorthezbearn.fr\/rallye\/wp-json\/wp\/v2\/tags?post=3429"}],"curies":[{"name":"wp","href":"https:\/\/api.w.org\/{rel}","templated":true}]}}