{"id":3593,"date":"2011-11-06T12:00:16","date_gmt":"2011-11-06T11:00:16","guid":{"rendered":"http:\/\/www.ecurieorthezbearn.fr\/rallye\/?p=3593"},"modified":"2011-11-06T14:26:55","modified_gmt":"2011-11-06T13:26:55","slug":"2eme-rando-quad-portugal-partie-2","status":"publish","type":"post","link":"https:\/\/www.ecurieorthezbearn.fr\/rallye\/2eme-rando-quad-portugal-partie-2\/","title":{"rendered":"2eme rando quad portugal (partie 2)"},"content":{"rendered":"<p>3eme journ\u00e9e avec du soleil et de la chaleur l&rsquo;apr\u00e8s midi, avec des pistes\u00a0\u00e0 la fois tr\u00e8s roulantes et trialisantes. Des passages\u00a0\u00e0 gu\u00e9s, parfois\u00a0\u00e0 sec, \u00a0des mont\u00e9es impressionnantes et le gps qui nous indiques des pistes qui ne sont plus empreint\u00e9es. Nous arrivons , grace\u00a0\u00e0 la d\u00e9termination de Lionel\u00a0\u00e0 retrouver nos traces et les points de rendez vous avec notre assistance. Eux aussi ont trouv\u00e9s\u00a0 des pistes coup\u00e9es , les demis tours sont \u00a0indispensables . Manu, excellent navigateur, remet la \u00ab\u00a0tudo ben \u00a0\u00bb assistance sur les bonnes traces sans perdre trop de temps. Il est temps car nos r\u00e9servoirs sont vides, ainsi que nos estomacs.<\/p>\n<p>\u00a0\u00a0\u00a0\u00a0\u00a0\u00a0\u00a0\u00a0\u00a0\u00a0\u00a0\u00a0\u00a0\u00a0\u00a0\u00a0\u00a0\u00a0\u00a0\u00a0\u00a0\u00a0\u00a0\u00a0\u00a0\u00a0\u00a0\u00a0\u00a0\u00a0\u00a0\u00a0\u00a0\u00a0\u00a0\u00a0\u00a0\u00a0\u00a0\u00a0\u00a0\u00a0\u00a0\u00a0\u00a0\u00a0\u00a0 <a rel=\"attachment wp-att-3594\" href=\"http:\/\/www.ecurieorthezbearn.fr\/rallye\/2eme-rando-quad-portugal-partie-2\/portugal-11-2011-237-2\/\"><img loading=\"lazy\" decoding=\"async\" class=\"aligncenter size-medium wp-image-3594\" src=\"http:\/\/www.ecurieorthezbearn.fr\/rallye\/wp-content\/uploads\/2011\/11\/PORTUGAL-11-2011-2371-300x225.jpg\" alt=\"\" width=\"449\" height=\"303\" \/><\/a><\/p>\n<p>\u00a0\u00a0\u00a0\u00a0\u00a0\u00a0\u00a0\u00a0\u00a0\u00a0\u00a0\u00a0\u00a0\u00a0\u00a0\u00a0\u00a0\u00a0\u00a0\u00a0\u00a0\u00a0\u00a0\u00a0\u00a0\u00a0\u00a0\u00a0\u00a0 <a rel=\"attachment wp-att-3595\" href=\"http:\/\/www.ecurieorthezbearn.fr\/rallye\/2eme-rando-quad-portugal-partie-2\/portugal-11-2011-236-2\/\"><img loading=\"lazy\" decoding=\"async\" class=\"aligncenter size-medium wp-image-3595\" src=\"http:\/\/www.ecurieorthezbearn.fr\/rallye\/wp-content\/uploads\/2011\/11\/PORTUGAL-11-2011-2361-300x225.jpg\" alt=\"\" width=\"449\" height=\"302\" \/><\/a><\/p>\n<figure id=\"attachment_3596\" aria-describedby=\"caption-attachment-3596\" style=\"width: 466px\" class=\"wp-caption aligncenter\"><a rel=\"attachment wp-att-3596\" href=\"http:\/\/www.ecurieorthezbearn.fr\/rallye\/2eme-rando-quad-portugal-partie-2\/portugal-11-2011-227\/\"><img loading=\"lazy\" decoding=\"async\" class=\"size-medium wp-image-3596\" src=\"http:\/\/www.ecurieorthezbearn.fr\/rallye\/wp-content\/uploads\/2011\/11\/PORTUGAL-11-2011-227-300x225.jpg\" alt=\"la fameuse mont\u00e9e de Meirhinos, une pens\u00e9e pour toi , Philou !\" width=\"466\" height=\"328\" \/><\/a><figcaption id=\"caption-attachment-3596\" class=\"wp-caption-text\">la fameuse mont\u00e9e de Meirhinos, une pens\u00e9e pour toi , Philou !<\/figcaption><\/figure>\n<p>\u00a0\u00a0\u00a0\u00a0\u00a0\u00a0\u00a0\u00a0\u00a0\u00a0\u00a0\u00a0\u00a0\u00a0\u00a0\u00a0\u00a0\u00a0\u00a0\u00a0\u00a0\u00a0\u00a0\u00a0\u00a0\u00a0\u00a0\u00a0\u00a0\u00a0\u00a0\u00a0\u00a0\u00a0\u00a0\u00a0\u00a0\u00a0\u00a0\u00a0\u00a0\u00a0\u00a0\u00a0\u00a0\u00a0\u00a0\u00a0 <a rel=\"attachment wp-att-3597\" href=\"http:\/\/www.ecurieorthezbearn.fr\/rallye\/2eme-rando-quad-portugal-partie-2\/portugal-11-2011-228\/\"><img loading=\"lazy\" decoding=\"async\" class=\"aligncenter size-medium wp-image-3597\" src=\"http:\/\/www.ecurieorthezbearn.fr\/rallye\/wp-content\/uploads\/2011\/11\/PORTUGAL-11-2011-228-300x225.jpg\" alt=\"\" width=\"446\" height=\"303\" \/><\/a><\/p>\n<p>\u00a0\u00a0\u00a0\u00a0\u00a0\u00a0\u00a0\u00a0\u00a0\u00a0\u00a0\u00a0\u00a0\u00a0\u00a0\u00a0\u00a0\u00a0\u00a0\u00a0\u00a0\u00a0\u00a0\u00a0\u00a0\u00a0\u00a0\u00a0\u00a0\u00a0\u00a0\u00a0\u00a0\u00a0\u00a0\u00a0\u00a0\u00a0\u00a0\u00a0\u00a0\u00a0\u00a0\u00a0\u00a0\u00a0\u00a0 <a rel=\"attachment wp-att-3598\" href=\"http:\/\/www.ecurieorthezbearn.fr\/rallye\/2eme-rando-quad-portugal-partie-2\/portugal-11-2011-229-2\/\"><img loading=\"lazy\" decoding=\"async\" class=\"aligncenter size-medium wp-image-3598\" src=\"http:\/\/www.ecurieorthezbearn.fr\/rallye\/wp-content\/uploads\/2011\/11\/PORTUGAL-11-2011-2291-300x225.jpg\" alt=\"\" width=\"449\" height=\"300\" \/><\/a><\/p>\n<p>\u00a0\u00a0\u00a0\u00a0\u00a0\u00a0\u00a0\u00a0\u00a0\u00a0\u00a0\u00a0\u00a0\u00a0\u00a0\u00a0\u00a0\u00a0\u00a0\u00a0\u00a0\u00a0\u00a0\u00a0\u00a0\u00a0\u00a0\u00a0\u00a0\u00a0\u00a0\u00a0\u00a0\u00a0\u00a0\u00a0\u00a0\u00a0\u00a0\u00a0\u00a0\u00a0\u00a0\u00a0\u00a0\u00a0\u00a0\u00a0 <a rel=\"attachment wp-att-3607\" href=\"http:\/\/www.ecurieorthezbearn.fr\/rallye\/2eme-rando-quad-portugal-partie-2\/portugal-11-2011-200\/\"><img loading=\"lazy\" decoding=\"async\" class=\"aligncenter size-medium wp-image-3607\" src=\"http:\/\/www.ecurieorthezbearn.fr\/rallye\/wp-content\/uploads\/2011\/11\/PORTUGAL-11-2011-200-300x225.jpg\" alt=\"\" width=\"447\" height=\"316\" \/><\/a><\/p>\n<p>\u00a0\u00a0\u00a0\u00a0\u00a0\u00a0\u00a0\u00a0\u00a0\u00a0\u00a0\u00a0\u00a0\u00a0\u00a0\u00a0\u00a0\u00a0\u00a0\u00a0\u00a0\u00a0\u00a0\u00a0\u00a0\u00a0\u00a0\u00a0\u00a0\u00a0\u00a0\u00a0\u00a0\u00a0\u00a0\u00a0\u00a0\u00a0\u00a0\u00a0\u00a0\u00a0\u00a0 <a rel=\"attachment wp-att-3608\" href=\"http:\/\/www.ecurieorthezbearn.fr\/rallye\/2eme-rando-quad-portugal-partie-2\/portugal-11-2011-374\/\"><img loading=\"lazy\" decoding=\"async\" class=\"aligncenter size-medium wp-image-3608\" src=\"http:\/\/www.ecurieorthezbearn.fr\/rallye\/wp-content\/uploads\/2011\/11\/PORTUGAL-11-2011-374-300x225.jpg\" alt=\"\" width=\"448\" height=\"302\" \/><\/a><\/p>\n<p>\u00a0\u00a0\u00a0\u00a0\u00a0\u00a0\u00a0\u00a0\u00a0\u00a0\u00a0\u00a0\u00a0\u00a0\u00a0\u00a0\u00a0\u00a0\u00a0\u00a0\u00a0\u00a0\u00a0\u00a0\u00a0\u00a0\u00a0\u00a0\u00a0\u00a0\u00a0\u00a0\u00a0\u00a0\u00a0\u00a0 <a rel=\"attachment wp-att-3609\" href=\"http:\/\/www.ecurieorthezbearn.fr\/rallye\/2eme-rando-quad-portugal-partie-2\/portugal-11-2011-205\/\"><img loading=\"lazy\" decoding=\"async\" class=\"aligncenter size-medium wp-image-3609\" src=\"http:\/\/www.ecurieorthezbearn.fr\/rallye\/wp-content\/uploads\/2011\/11\/PORTUGAL-11-2011-205-300x225.jpg\" alt=\"\" width=\"447\" height=\"304\" \/><\/a><\/p>\n<p>\u00a0\u00a0\u00a0\u00a0\u00a0\u00a0\u00a0\u00a0\u00a0\u00a0\u00a0\u00a0\u00a0\u00a0\u00a0\u00a0\u00a0\u00a0\u00a0\u00a0\u00a0\u00a0\u00a0\u00a0\u00a0\u00a0\u00a0\u00a0\u00a0\u00a0\u00a0\u00a0\u00a0\u00a0\u00a0\u00a0\u00a0\u00a0\u00a0\u00a0\u00a0\u00a0\u00a0\u00a0\u00a0\u00a0\u00a0\u00a0 <a rel=\"attachment wp-att-3610\" href=\"http:\/\/www.ecurieorthezbearn.fr\/rallye\/2eme-rando-quad-portugal-partie-2\/portugal-11-2011-203\/\"><img loading=\"lazy\" decoding=\"async\" class=\"aligncenter size-medium wp-image-3610\" src=\"http:\/\/www.ecurieorthezbearn.fr\/rallye\/wp-content\/uploads\/2011\/11\/PORTUGAL-11-2011-203-300x225.jpg\" alt=\"\" width=\"448\" height=\"305\" \/><\/a><\/p>\n<p>\u00a0\u00a0\u00a0\u00a0\u00a0\u00a0\u00a0\u00a0\u00a0\u00a0\u00a0\u00a0\u00a0\u00a0\u00a0\u00a0\u00a0\u00a0\u00a0\u00a0\u00a0\u00a0\u00a0\u00a0\u00a0\u00a0\u00a0\u00a0\u00a0\u00a0\u00a0\u00a0\u00a0\u00a0\u00a0\u00a0\u00a0\u00a0\u00a0\u00a0\u00a0\u00a0\u00a0\u00a0\u00a0\u00a0 <a rel=\"attachment wp-att-3611\" href=\"http:\/\/www.ecurieorthezbearn.fr\/rallye\/2eme-rando-quad-portugal-partie-2\/portugal-11-2011-087\/\"><img loading=\"lazy\" decoding=\"async\" class=\"aligncenter size-medium wp-image-3611\" src=\"http:\/\/www.ecurieorthezbearn.fr\/rallye\/wp-content\/uploads\/2011\/11\/PORTUGAL-11-2011-087-300x225.jpg\" alt=\"\" width=\"446\" height=\"304\" \/><\/a><\/p>\n<p>\u00a0\u00a0\u00a0\u00a0\u00a0\u00a0\u00a0\u00a0\u00a0\u00a0\u00a0\u00a0\u00a0\u00a0\u00a0\u00a0\u00a0\u00a0\u00a0\u00a0\u00a0\u00a0\u00a0\u00a0\u00a0\u00a0\u00a0\u00a0\u00a0\u00a0\u00a0\u00a0\u00a0\u00a0\u00a0\u00a0\u00a0\u00a0\u00a0\u00a0\u00a0\u00a0\u00a0\u00a0\u00a0\u00a0 <a rel=\"attachment wp-att-3612\" href=\"http:\/\/www.ecurieorthezbearn.fr\/rallye\/2eme-rando-quad-portugal-partie-2\/portugal-11-2011-204-2\/\"><img loading=\"lazy\" decoding=\"async\" class=\"aligncenter size-medium wp-image-3612\" src=\"http:\/\/www.ecurieorthezbearn.fr\/rallye\/wp-content\/uploads\/2011\/11\/PORTUGAL-11-2011-2041-300x225.jpg\" alt=\"\" width=\"447\" height=\"305\" \/><\/a><\/p>\n<p>\u00a0\u00a0\u00a0\u00a0\u00a0\u00a0\u00a0\u00a0\u00a0\u00a0\u00a0\u00a0\u00a0\u00a0\u00a0\u00a0\u00a0\u00a0\u00a0\u00a0\u00a0\u00a0\u00a0\u00a0\u00a0\u00a0\u00a0\u00a0\u00a0\u00a0\u00a0\u00a0\u00a0\u00a0\u00a0\u00a0\u00a0\u00a0\u00a0\u00a0\u00a0\u00a0\u00a0\u00a0\u00a0\u00a0\u00a0 <a rel=\"attachment wp-att-3614\" href=\"http:\/\/www.ecurieorthezbearn.fr\/rallye\/2eme-rando-quad-portugal-partie-2\/portugal-11-2011-394-2\/\"><img loading=\"lazy\" decoding=\"async\" class=\"aligncenter size-medium wp-image-3614\" src=\"http:\/\/www.ecurieorthezbearn.fr\/rallye\/wp-content\/uploads\/2011\/11\/PORTUGAL-11-2011-3941-300x225.jpg\" alt=\"\" width=\"445\" height=\"300\" \/><\/a><\/p>\n<p>\u00a0\u00a0\u00a0\u00a0\u00a0\u00a0\u00a0\u00a0\u00a0\u00a0\u00a0\u00a0\u00a0\u00a0\u00a0\u00a0\u00a0\u00a0\u00a0\u00a0\u00a0\u00a0\u00a0\u00a0\u00a0\u00a0\u00a0\u00a0\u00a0\u00a0\u00a0\u00a0\u00a0\u00a0\u00a0\u00a0\u00a0\u00a0\u00a0\u00a0\u00a0\u00a0\u00a0\u00a0\u00a0\u00a0\u00a0\u00a0\u00a0\u00a0\u00a0\u00a0 <a rel=\"attachment wp-att-3615\" href=\"http:\/\/www.ecurieorthezbearn.fr\/rallye\/2eme-rando-quad-portugal-partie-2\/portugal-11-2011-395\/\"><img loading=\"lazy\" decoding=\"async\" class=\"aligncenter size-medium wp-image-3615\" src=\"http:\/\/www.ecurieorthezbearn.fr\/rallye\/wp-content\/uploads\/2011\/11\/PORTUGAL-11-2011-395-300x225.jpg\" alt=\"\" width=\"450\" height=\"302\" \/><\/a>\u00a0\u00a0\u00a0\u00a0\u00a0\u00a0\u00a0\u00a0\u00a0\u00a0\u00a0\u00a0\u00a0\u00a0\u00a0\u00a0\u00a0\u00a0\u00a0\u00a0\u00a0\u00a0\u00a0\u00a0\u00a0\u00a0\u00a0\u00a0\u00a0\u00a0\u00a0\u00a0\u00a0\u00a0\u00a0\u00a0\u00a0\u00a0\u00a0\u00a0\u00a0\u00a0\u00a0\u00a0\u00a0\u00a0\u00a0<\/p>\n<p>\u00a0\u00a0\u00a0\u00a0\u00a0\u00a0\u00a0\u00a0\u00a0\u00a0\u00a0\u00a0\u00a0\u00a0\u00a0\u00a0\u00a0\u00a0\u00a0\u00a0\u00a0\u00a0\u00a0\u00a0\u00a0\u00a0\u00a0\u00a0\u00a0\u00a0\u00a0\u00a0\u00a0\u00a0\u00a0\u00a0\u00a0\u00a0\u00a0\u00a0\u00a0\u00a0\u00a0\u00a0\u00a0\u00a0\u00a0\u00a0\u00a0\u00a0\u00a0\u00a0 <a rel=\"attachment wp-att-3618\" href=\"http:\/\/www.ecurieorthezbearn.fr\/rallye\/2eme-rando-quad-portugal-partie-2\/portugal-11-2011-385\/\"><img loading=\"lazy\" decoding=\"async\" class=\"aligncenter size-medium wp-image-3618\" src=\"http:\/\/www.ecurieorthezbearn.fr\/rallye\/wp-content\/uploads\/2011\/11\/PORTUGAL-11-2011-385-300x225.jpg\" alt=\"\" width=\"448\" height=\"302\" \/><\/a><\/p>\n<p>\u00a0\u00a0\u00a0\u00a0\u00a0\u00a0\u00a0\u00a0\u00a0\u00a0\u00a0\u00a0\u00a0\u00a0\u00a0\u00a0\u00a0\u00a0\u00a0\u00a0\u00a0\u00a0\u00a0\u00a0\u00a0\u00a0\u00a0\u00a0\u00a0\u00a0\u00a0\u00a0\u00a0\u00a0\u00a0\u00a0\u00a0\u00a0\u00a0\u00a0\u00a0\u00a0\u00a0\u00a0\u00a0\u00a0\u00a0\u00a0 <a rel=\"attachment wp-att-3619\" href=\"http:\/\/www.ecurieorthezbearn.fr\/rallye\/2eme-rando-quad-portugal-partie-2\/portugal-11-2011-386\/\"><img loading=\"lazy\" decoding=\"async\" class=\"aligncenter size-medium wp-image-3619\" src=\"http:\/\/www.ecurieorthezbearn.fr\/rallye\/wp-content\/uploads\/2011\/11\/PORTUGAL-11-2011-386-300x225.jpg\" alt=\"\" width=\"447\" height=\"301\" \/><\/a><\/p>\n<p>\u00a0\u00a0\u00a0\u00a0\u00a0\u00a0\u00a0\u00a0\u00a0\u00a0\u00a0\u00a0\u00a0\u00a0\u00a0\u00a0\u00a0\u00a0\u00a0\u00a0\u00a0\u00a0\u00a0\u00a0\u00a0\u00a0\u00a0\u00a0\u00a0\u00a0\u00a0\u00a0\u00a0\u00a0\u00a0\u00a0\u00a0\u00a0\u00a0\u00a0\u00a0\u00a0\u00a0\u00a0\u00a0\u00a0 <a rel=\"attachment wp-att-3620\" href=\"http:\/\/www.ecurieorthezbearn.fr\/rallye\/2eme-rando-quad-portugal-partie-2\/portugal-11-2011-391\/\"><img loading=\"lazy\" decoding=\"async\" class=\"aligncenter size-medium wp-image-3620\" src=\"http:\/\/www.ecurieorthezbearn.fr\/rallye\/wp-content\/uploads\/2011\/11\/PORTUGAL-11-2011-391-300x225.jpg\" alt=\"\" width=\"450\" height=\"306\" \/><\/a><\/p>\n<p>\u00a0\u00a0\u00a0\u00a0\u00a0\u00a0\u00a0\u00a0\u00a0\u00a0\u00a0\u00a0\u00a0\u00a0\u00a0\u00a0\u00a0\u00a0\u00a0\u00a0\u00a0\u00a0\u00a0\u00a0\u00a0\u00a0\u00a0\u00a0Derni\u00e8re journ\u00e9e, 60 kilom\u00e8tres sont pr\u00e9vus, un dernier repas au bord du rio El Sabor et retour\u00a0\u00e0 Vilar chao. Puis nous rechargeons nos quads chez Rui et le dernier repas du soir\u00a0\u00e0 l&rsquo;auberge locale est au programme. Demain 1er novembre nous rentrons sur Orthez de tr\u00e8s bonne heure.<\/p>\n<p>Une superbe ambiance\u00a0 tr\u00e8s conviviale , une superbe assistance\u00a0, \u00a0des pistes magiques, des paysage\u00a0\u00e0 couper le soufle, quelques rencontres avec des habitants locaux,\u00a0c&rsquo;est le menu de cette rando. Une pens\u00e9e pour Philou qui\u00a0\u00e0 d\u00fb se d\u00e9sister au dernier moment pour cause professionnelle, et une pr\u00e9paration sans faille de Lionel, Jean mi et Laurent. Merci\u00a0\u00e0 tous et rendez vous est pris l&rsquo;ann\u00e9e prochaine pour une autre rando .<\/p>\n<p>\u00a0\u00a0\u00a0\u00a0\u00a0\u00a0\u00a0\u00a0\u00a0\u00a0\u00a0\u00a0\u00a0\u00a0\u00a0\u00a0\u00a0\u00a0\u00a0\u00a0\u00a0\u00a0\u00a0\u00a0\u00a0\u00a0\u00a0\u00a0\u00a0\u00a0\u00a0\u00a0\u00a0\u00a0\u00a0\u00a0\u00a0\u00a0\u00a0\u00a0\u00a0\u00a0 <a rel=\"attachment wp-att-3625\" href=\"http:\/\/www.ecurieorthezbearn.fr\/rallye\/2eme-rando-quad-portugal-partie-2\/portugal-11-2011-407\/\"><img loading=\"lazy\" decoding=\"async\" class=\"aligncenter size-medium wp-image-3625\" src=\"http:\/\/www.ecurieorthezbearn.fr\/rallye\/wp-content\/uploads\/2011\/11\/PORTUGAL-11-2011-407-300x225.jpg\" alt=\"\" width=\"447\" height=\"323\" \/><\/a><\/p>\n<p>\u00a0\u00a0\u00a0\u00a0\u00a0\u00a0\u00a0\u00a0\u00a0\u00a0\u00a0\u00a0\u00a0\u00a0\u00a0\u00a0\u00a0\u00a0\u00a0\u00a0\u00a0\u00a0\u00a0\u00a0\u00a0\u00a0\u00a0\u00a0\u00a0\u00a0\u00a0\u00a0\u00a0\u00a0\u00a0\u00a0\u00a0\u00a0\u00a0\u00a0\u00a0\u00a0\u00a0\u00a0 <a rel=\"attachment wp-att-3626\" href=\"http:\/\/www.ecurieorthezbearn.fr\/rallye\/2eme-rando-quad-portugal-partie-2\/portugal-11-2011-412\/\"><img loading=\"lazy\" decoding=\"async\" class=\"aligncenter size-medium wp-image-3626\" src=\"http:\/\/www.ecurieorthezbearn.fr\/rallye\/wp-content\/uploads\/2011\/11\/PORTUGAL-11-2011-412-300x225.jpg\" alt=\"\" width=\"447\" height=\"329\" \/><\/a><\/p>\n<p>\u00a0\u00a0\u00a0\u00a0\u00a0\u00a0\u00a0\u00a0\u00a0\u00a0\u00a0\u00a0\u00a0\u00a0\u00a0\u00a0\u00a0\u00a0\u00a0\u00a0\u00a0\u00a0\u00a0\u00a0\u00a0\u00a0\u00a0\u00a0\u00a0\u00a0\u00a0\u00a0\u00a0\u00a0\u00a0\u00a0\u00a0\u00a0\u00a0\u00a0\u00a0\u00a0\u00a0\u00a0\u00a0\u00a0\u00a0\u00a0 <a rel=\"attachment wp-att-3627\" href=\"http:\/\/www.ecurieorthezbearn.fr\/rallye\/2eme-rando-quad-portugal-partie-2\/portugal-11-2011-413-640x480\/\"><img loading=\"lazy\" decoding=\"async\" class=\"aligncenter size-medium wp-image-3627\" src=\"http:\/\/www.ecurieorthezbearn.fr\/rallye\/wp-content\/uploads\/2011\/11\/PORTUGAL-11-2011-413-640x480-300x225.jpg\" alt=\"\" width=\"447\" height=\"333\" \/><\/a><\/p>\n<p>\u00a0\u00a0\u00a0\u00a0\u00a0\u00a0\u00a0\u00a0\u00a0\u00a0\u00a0\u00a0\u00a0\u00a0\u00a0\u00a0\u00a0\u00a0\u00a0\u00a0\u00a0\u00a0\u00a0\u00a0\u00a0\u00a0\u00a0\u00a0\u00a0\u00a0\u00a0\u00a0\u00a0\u00a0\u00a0\u00a0\u00a0\u00a0\u00a0\u00a0\u00a0\u00a0\u00a0\u00a0\u00a0 <a rel=\"attachment wp-att-3628\" href=\"http:\/\/www.ecurieorthezbearn.fr\/rallye\/2eme-rando-quad-portugal-partie-2\/portugal-11-2011-046\/\"><img loading=\"lazy\" decoding=\"async\" class=\"aligncenter size-medium wp-image-3628\" src=\"http:\/\/www.ecurieorthezbearn.fr\/rallye\/wp-content\/uploads\/2011\/11\/PORTUGAL-11-2011-046-300x225.jpg\" alt=\"\" width=\"449\" height=\"333\" \/><\/a>\u00a0<\/p>\n<figure id=\"attachment_3629\" aria-describedby=\"caption-attachment-3629\" style=\"width: 440px\" class=\"wp-caption aligncenter\"><a rel=\"attachment wp-att-3629\" href=\"http:\/\/www.ecurieorthezbearn.fr\/rallye\/2eme-rando-quad-portugal-partie-2\/portugal-11-2011-249\/\"><img loading=\"lazy\" decoding=\"async\" class=\"size-medium wp-image-3629\" src=\"http:\/\/www.ecurieorthezbearn.fr\/rallye\/wp-content\/uploads\/2011\/11\/PORTUGAL-11-2011-249-300x225.jpg\" alt=\"le verre de l'amiti\u00e9...\" width=\"440\" height=\"346\" \/><\/a><figcaption id=\"caption-attachment-3629\" class=\"wp-caption-text\">le verre de l&#039;amiti\u00e9...<\/figcaption><\/figure>\n<p>\u00a0\u00a0\u00a0\u00a0\u00a0\u00a0\u00a0\u00a0\u00a0\u00a0\u00a0 Un petit BEST OF a suivre&#8230;&#8230;&#8230;<\/p>\n<figure id=\"attachment_3634\" aria-describedby=\"caption-attachment-3634\" style=\"width: 300px\" class=\"wp-caption aligncenter\"><a rel=\"attachment wp-att-3634\" href=\"http:\/\/www.ecurieorthezbearn.fr\/rallye\/2eme-rando-quad-portugal-partie-2\/portugal-11-2011-010\/\"><img loading=\"lazy\" decoding=\"async\" class=\"size-medium wp-image-3634\" src=\"http:\/\/www.ecurieorthezbearn.fr\/rallye\/wp-content\/uploads\/2011\/11\/PORTUGAL-11-2011-010-300x225.jpg\" alt=\"les feux de la remorque ne fonctionnent  pas \" width=\"300\" height=\"225\" srcset=\"https:\/\/www.ecurieorthezbearn.fr\/rallye\/wp-content\/uploads\/2011\/11\/PORTUGAL-11-2011-010-300x225.jpg 300w, https:\/\/www.ecurieorthezbearn.fr\/rallye\/wp-content\/uploads\/2011\/11\/PORTUGAL-11-2011-010.jpg 2048w\" sizes=\"(max-width: 300px) 100vw, 300px\" \/><\/a><figcaption id=\"caption-attachment-3634\" class=\"wp-caption-text\">les feux de la remorque ne fonctionnent pas <\/figcaption><\/figure>\n<p>\u00a0\u00a0\u00a0\u00a0\u00a0\u00a0\u00a0\u00a0\u00a0\u00a0\u00a0\u00a0\u00a0\u00a0\u00a0\u00a0\u00a0\u00a0\u00a0\u00a0\u00a0\u00a0\u00a0\u00a0\u00a0\u00a0\u00a0\u00a0\u00a0\u00a0\u00a0\u00a0\u00a0\u00a0\u00a0\u00a0\u00a0\u00a0\u00a0\u00a0\u00a0\u00a0\u00a0\u00a0\u00a0\u00a0\u00a0\u00a0\u00a0 <a rel=\"attachment wp-att-3636\" href=\"http:\/\/www.ecurieorthezbearn.fr\/rallye\/2eme-rando-quad-portugal-partie-2\/portugal-11-2011-030-2\/\"><img loading=\"lazy\" decoding=\"async\" class=\"aligncenter size-medium wp-image-3636\" src=\"http:\/\/www.ecurieorthezbearn.fr\/rallye\/wp-content\/uploads\/2011\/11\/PORTUGAL-11-2011-0301-300x225.jpg\" alt=\"\" width=\"300\" height=\"225\" srcset=\"https:\/\/www.ecurieorthezbearn.fr\/rallye\/wp-content\/uploads\/2011\/11\/PORTUGAL-11-2011-0301-300x225.jpg 300w, https:\/\/www.ecurieorthezbearn.fr\/rallye\/wp-content\/uploads\/2011\/11\/PORTUGAL-11-2011-0301.jpg 2048w\" sizes=\"(max-width: 300px) 100vw, 300px\" \/><\/a><\/p>\n<p>\u00a0\u00a0\u00a0\u00a0\u00a0\u00a0\u00a0\u00a0\u00a0\u00a0\u00a0\u00a0\u00a0\u00a0\u00a0\u00a0\u00a0\u00a0\u00a0\u00a0\u00a0\u00a0\u00a0\u00a0\u00a0\u00a0\u00a0\u00a0\u00a0\u00a0\u00a0\u00a0\u00a0\u00a0\u00a0\u00a0\u00a0\u00a0\u00a0\u00a0 <a rel=\"attachment wp-att-3637\" href=\"http:\/\/www.ecurieorthezbearn.fr\/rallye\/2eme-rando-quad-portugal-partie-2\/portugal-11-2011-038\/\"><img loading=\"lazy\" decoding=\"async\" class=\"aligncenter size-medium wp-image-3637\" src=\"http:\/\/www.ecurieorthezbearn.fr\/rallye\/wp-content\/uploads\/2011\/11\/PORTUGAL-11-2011-038-300x225.jpg\" alt=\"\" width=\"300\" height=\"225\" srcset=\"https:\/\/www.ecurieorthezbearn.fr\/rallye\/wp-content\/uploads\/2011\/11\/PORTUGAL-11-2011-038-300x225.jpg 300w, https:\/\/www.ecurieorthezbearn.fr\/rallye\/wp-content\/uploads\/2011\/11\/PORTUGAL-11-2011-038.jpg 2048w\" sizes=\"(max-width: 300px) 100vw, 300px\" \/><\/a><\/p>\n<p>\u00a0\u00a0\u00a0\u00a0\u00a0\u00a0\u00a0\u00a0\u00a0\u00a0\u00a0\u00a0\u00a0\u00a0\u00a0\u00a0\u00a0\u00a0\u00a0\u00a0\u00a0\u00a0\u00a0\u00a0\u00a0\u00a0\u00a0\u00a0\u00a0\u00a0\u00a0\u00a0\u00a0\u00a0\u00a0\u00a0\u00a0\u00a0\u00a0\u00a0\u00a0\u00a0\u00a0\u00a0\u00a0\u00a0 <a rel=\"attachment wp-att-3638\" href=\"http:\/\/www.ecurieorthezbearn.fr\/rallye\/2eme-rando-quad-portugal-partie-2\/portugal-11-2011-054\/\"><img loading=\"lazy\" decoding=\"async\" class=\"aligncenter size-medium wp-image-3638\" src=\"http:\/\/www.ecurieorthezbearn.fr\/rallye\/wp-content\/uploads\/2011\/11\/PORTUGAL-11-2011-054-300x225.jpg\" alt=\"\" width=\"300\" height=\"225\" srcset=\"https:\/\/www.ecurieorthezbearn.fr\/rallye\/wp-content\/uploads\/2011\/11\/PORTUGAL-11-2011-054-300x225.jpg 300w, https:\/\/www.ecurieorthezbearn.fr\/rallye\/wp-content\/uploads\/2011\/11\/PORTUGAL-11-2011-054.jpg 2048w\" sizes=\"(max-width: 300px) 100vw, 300px\" \/><\/a><\/p>\n<figure id=\"attachment_3639\" aria-describedby=\"caption-attachment-3639\" style=\"width: 300px\" class=\"wp-caption aligncenter\"><a rel=\"attachment wp-att-3639\" href=\"http:\/\/www.ecurieorthezbearn.fr\/rallye\/2eme-rando-quad-portugal-partie-2\/portugal-11-2011-061\/\"><img loading=\"lazy\" decoding=\"async\" class=\"size-medium wp-image-3639\" src=\"http:\/\/www.ecurieorthezbearn.fr\/rallye\/wp-content\/uploads\/2011\/11\/PORTUGAL-11-2011-061-300x225.jpg\" alt=\"la &quot;maison du peuple&quot;\" width=\"300\" height=\"225\" srcset=\"https:\/\/www.ecurieorthezbearn.fr\/rallye\/wp-content\/uploads\/2011\/11\/PORTUGAL-11-2011-061-300x225.jpg 300w, https:\/\/www.ecurieorthezbearn.fr\/rallye\/wp-content\/uploads\/2011\/11\/PORTUGAL-11-2011-061.jpg 2048w\" sizes=\"(max-width: 300px) 100vw, 300px\" \/><\/a><figcaption id=\"caption-attachment-3639\" class=\"wp-caption-text\">la &quot;maison du peuple&quot;<\/figcaption><\/figure>\n<p>\u00a0\u00a0\u00a0\u00a0\u00a0\u00a0\u00a0\u00a0\u00a0\u00a0\u00a0\u00a0\u00a0\u00a0\u00a0\u00a0\u00a0\u00a0\u00a0\u00a0\u00a0\u00a0\u00a0\u00a0\u00a0\u00a0\u00a0\u00a0\u00a0\u00a0\u00a0\u00a0\u00a0\u00a0\u00a0\u00a0\u00a0\u00a0\u00a0\u00a0\u00a0\u00a0\u00a0\u00a0\u00a0\u00a0\u00a0\u00a0 <a rel=\"attachment wp-att-3640\" href=\"http:\/\/www.ecurieorthezbearn.fr\/rallye\/2eme-rando-quad-portugal-partie-2\/portugal-11-2011-062\/\"><img loading=\"lazy\" decoding=\"async\" class=\"aligncenter size-medium wp-image-3640\" src=\"http:\/\/www.ecurieorthezbearn.fr\/rallye\/wp-content\/uploads\/2011\/11\/PORTUGAL-11-2011-062-300x225.jpg\" alt=\"\" width=\"300\" height=\"225\" srcset=\"https:\/\/www.ecurieorthezbearn.fr\/rallye\/wp-content\/uploads\/2011\/11\/PORTUGAL-11-2011-062-300x225.jpg 300w, https:\/\/www.ecurieorthezbearn.fr\/rallye\/wp-content\/uploads\/2011\/11\/PORTUGAL-11-2011-062.jpg 2048w\" sizes=\"(max-width: 300px) 100vw, 300px\" \/><\/a><\/p>\n<p>\u00a0\u00a0\u00a0\u00a0\u00a0\u00a0\u00a0\u00a0\u00a0\u00a0\u00a0\u00a0\u00a0\u00a0\u00a0\u00a0\u00a0\u00a0\u00a0\u00a0\u00a0\u00a0\u00a0\u00a0\u00a0\u00a0\u00a0\u00a0\u00a0\u00a0\u00a0\u00a0\u00a0\u00a0\u00a0\u00a0\u00a0\u00a0\u00a0\u00a0\u00a0\u00a0\u00a0\u00a0\u00a0\u00a0\u00a0\u00a0\u00a0 <a rel=\"attachment wp-att-3641\" href=\"http:\/\/www.ecurieorthezbearn.fr\/rallye\/2eme-rando-quad-portugal-partie-2\/portugal-11-2011-067\/\"><img loading=\"lazy\" decoding=\"async\" class=\"aligncenter size-medium wp-image-3641\" src=\"http:\/\/www.ecurieorthezbearn.fr\/rallye\/wp-content\/uploads\/2011\/11\/PORTUGAL-11-2011-067-300x225.jpg\" alt=\"\" width=\"300\" height=\"225\" srcset=\"https:\/\/www.ecurieorthezbearn.fr\/rallye\/wp-content\/uploads\/2011\/11\/PORTUGAL-11-2011-067-300x225.jpg 300w, https:\/\/www.ecurieorthezbearn.fr\/rallye\/wp-content\/uploads\/2011\/11\/PORTUGAL-11-2011-067.jpg 2048w\" sizes=\"(max-width: 300px) 100vw, 300px\" \/><\/a><\/p>\n<figure id=\"attachment_3642\" aria-describedby=\"caption-attachment-3642\" style=\"width: 300px\" class=\"wp-caption aligncenter\"><a rel=\"attachment wp-att-3642\" href=\"http:\/\/www.ecurieorthezbearn.fr\/rallye\/2eme-rando-quad-portugal-partie-2\/portugal-11-2011-068\/\"><img loading=\"lazy\" decoding=\"async\" class=\"size-medium wp-image-3642\" src=\"http:\/\/www.ecurieorthezbearn.fr\/rallye\/wp-content\/uploads\/2011\/11\/PORTUGAL-11-2011-068-300x225.jpg\" alt=\"panne de batterie due au frigo de notre &quot; tudo ben &quot; assistance\" width=\"300\" height=\"225\" srcset=\"https:\/\/www.ecurieorthezbearn.fr\/rallye\/wp-content\/uploads\/2011\/11\/PORTUGAL-11-2011-068-300x225.jpg 300w, https:\/\/www.ecurieorthezbearn.fr\/rallye\/wp-content\/uploads\/2011\/11\/PORTUGAL-11-2011-068.jpg 2048w\" sizes=\"(max-width: 300px) 100vw, 300px\" \/><\/a><figcaption id=\"caption-attachment-3642\" class=\"wp-caption-text\">panne de batterie due au frigo de notre &quot; tudo ben &quot; assistance<\/figcaption><\/figure>\n<p>\u00a0\u00a0\u00a0\u00a0\u00a0\u00a0\u00a0\u00a0\u00a0\u00a0\u00a0\u00a0\u00a0\u00a0\u00a0\u00a0\u00a0\u00a0\u00a0\u00a0\u00a0\u00a0\u00a0\u00a0\u00a0\u00a0\u00a0\u00a0\u00a0\u00a0\u00a0\u00a0\u00a0\u00a0\u00a0\u00a0\u00a0\u00a0\u00a0\u00a0\u00a0\u00a0\u00a0\u00a0\u00a0\u00a0\u00a0\u00a0\u00a0<a rel=\"attachment wp-att-3643\" href=\"http:\/\/www.ecurieorthezbearn.fr\/rallye\/2eme-rando-quad-portugal-partie-2\/portugal-11-2011-082\/\"><img loading=\"lazy\" decoding=\"async\" class=\"aligncenter size-medium wp-image-3643\" src=\"http:\/\/www.ecurieorthezbearn.fr\/rallye\/wp-content\/uploads\/2011\/11\/PORTUGAL-11-2011-082-300x225.jpg\" alt=\"\" width=\"300\" height=\"225\" srcset=\"https:\/\/www.ecurieorthezbearn.fr\/rallye\/wp-content\/uploads\/2011\/11\/PORTUGAL-11-2011-082-300x225.jpg 300w, https:\/\/www.ecurieorthezbearn.fr\/rallye\/wp-content\/uploads\/2011\/11\/PORTUGAL-11-2011-082.jpg 2048w\" sizes=\"(max-width: 300px) 100vw, 300px\" \/><\/a><\/p>\n<p>\u00a0\u00a0\u00a0\u00a0\u00a0\u00a0\u00a0\u00a0\u00a0\u00a0\u00a0\u00a0\u00a0\u00a0\u00a0\u00a0\u00a0\u00a0\u00a0\u00a0\u00a0\u00a0\u00a0\u00a0\u00a0\u00a0\u00a0\u00a0\u00a0\u00a0\u00a0\u00a0\u00a0\u00a0\u00a0\u00a0\u00a0\u00a0\u00a0\u00a0\u00a0\u00a0\u00a0\u00a0\u00a0\u00a0 <a rel=\"attachment wp-att-3644\" href=\"http:\/\/www.ecurieorthezbearn.fr\/rallye\/2eme-rando-quad-portugal-partie-2\/portugal-11-2011-098\/\"><img loading=\"lazy\" decoding=\"async\" class=\"aligncenter size-medium wp-image-3644\" src=\"http:\/\/www.ecurieorthezbearn.fr\/rallye\/wp-content\/uploads\/2011\/11\/PORTUGAL-11-2011-098-300x225.jpg\" alt=\"\" width=\"300\" height=\"225\" srcset=\"https:\/\/www.ecurieorthezbearn.fr\/rallye\/wp-content\/uploads\/2011\/11\/PORTUGAL-11-2011-098-300x225.jpg 300w, https:\/\/www.ecurieorthezbearn.fr\/rallye\/wp-content\/uploads\/2011\/11\/PORTUGAL-11-2011-098.jpg 2048w\" sizes=\"(max-width: 300px) 100vw, 300px\" \/><\/a><\/p>\n<p>\u00a0\u00a0\u00a0\u00a0\u00a0\u00a0\u00a0\u00a0\u00a0\u00a0\u00a0\u00a0\u00a0\u00a0\u00a0\u00a0\u00a0\u00a0\u00a0\u00a0\u00a0\u00a0\u00a0\u00a0\u00a0\u00a0\u00a0\u00a0\u00a0\u00a0\u00a0\u00a0\u00a0\u00a0\u00a0\u00a0\u00a0\u00a0\u00a0\u00a0\u00a0\u00a0\u00a0\u00a0\u00a0\u00a0\u00a0\u00a0 <a rel=\"attachment wp-att-3645\" href=\"http:\/\/www.ecurieorthezbearn.fr\/rallye\/2eme-rando-quad-portugal-partie-2\/portugal-11-2011-097\/\"><img loading=\"lazy\" decoding=\"async\" class=\"aligncenter size-medium wp-image-3645\" src=\"http:\/\/www.ecurieorthezbearn.fr\/rallye\/wp-content\/uploads\/2011\/11\/PORTUGAL-11-2011-097-300x225.jpg\" alt=\"\" width=\"300\" height=\"225\" srcset=\"https:\/\/www.ecurieorthezbearn.fr\/rallye\/wp-content\/uploads\/2011\/11\/PORTUGAL-11-2011-097-300x225.jpg 300w, https:\/\/www.ecurieorthezbearn.fr\/rallye\/wp-content\/uploads\/2011\/11\/PORTUGAL-11-2011-097.jpg 2048w\" sizes=\"(max-width: 300px) 100vw, 300px\" \/><\/a><\/p>\n<p>\u00a0\u00a0\u00a0\u00a0\u00a0\u00a0\u00a0\u00a0\u00a0\u00a0\u00a0\u00a0\u00a0\u00a0\u00a0\u00a0\u00a0\u00a0\u00a0\u00a0\u00a0\u00a0\u00a0\u00a0\u00a0\u00a0\u00a0\u00a0\u00a0\u00a0\u00a0\u00a0\u00a0\u00a0\u00a0\u00a0\u00a0\u00a0\u00a0\u00a0\u00a0\u00a0\u00a0\u00a0\u00a0\u00a0\u00a0\u00a0\u00a0\u00a0 <a rel=\"attachment wp-att-3646\" href=\"http:\/\/www.ecurieorthezbearn.fr\/rallye\/2eme-rando-quad-portugal-partie-2\/portugal-11-2011-192\/\"><img loading=\"lazy\" decoding=\"async\" class=\"aligncenter size-medium wp-image-3646\" src=\"http:\/\/www.ecurieorthezbearn.fr\/rallye\/wp-content\/uploads\/2011\/11\/PORTUGAL-11-2011-192-300x225.jpg\" alt=\"\" width=\"300\" height=\"225\" srcset=\"https:\/\/www.ecurieorthezbearn.fr\/rallye\/wp-content\/uploads\/2011\/11\/PORTUGAL-11-2011-192-300x225.jpg 300w, https:\/\/www.ecurieorthezbearn.fr\/rallye\/wp-content\/uploads\/2011\/11\/PORTUGAL-11-2011-192.jpg 2048w\" sizes=\"(max-width: 300px) 100vw, 300px\" \/><\/a><\/p>\n<p>\u00a0\u00a0\u00a0\u00a0\u00a0\u00a0\u00a0\u00a0\u00a0\u00a0\u00a0\u00a0\u00a0\u00a0\u00a0\u00a0\u00a0\u00a0\u00a0\u00a0\u00a0\u00a0\u00a0\u00a0\u00a0\u00a0\u00a0\u00a0\u00a0\u00a0\u00a0\u00a0\u00a0\u00a0\u00a0\u00a0\u00a0\u00a0\u00a0\u00a0\u00a0\u00a0\u00a0\u00a0\u00a0\u00a0\u00a0 <a rel=\"attachment wp-att-3647\" href=\"http:\/\/www.ecurieorthezbearn.fr\/rallye\/2eme-rando-quad-portugal-partie-2\/portugal-11-2011-191\/\"><img loading=\"lazy\" decoding=\"async\" class=\"aligncenter size-medium wp-image-3647\" src=\"http:\/\/www.ecurieorthezbearn.fr\/rallye\/wp-content\/uploads\/2011\/11\/PORTUGAL-11-2011-191-300x225.jpg\" alt=\"\" width=\"300\" height=\"225\" srcset=\"https:\/\/www.ecurieorthezbearn.fr\/rallye\/wp-content\/uploads\/2011\/11\/PORTUGAL-11-2011-191-300x225.jpg 300w, https:\/\/www.ecurieorthezbearn.fr\/rallye\/wp-content\/uploads\/2011\/11\/PORTUGAL-11-2011-191.jpg 2048w\" sizes=\"(max-width: 300px) 100vw, 300px\" \/><\/a>\u00a0\u00a0\u00a0\u00a0\u00a0\u00a0\u00a0\u00a0\u00a0\u00a0\u00a0\u00a0\u00a0\u00a0\u00a0<\/p>\n<figure id=\"attachment_3648\" aria-describedby=\"caption-attachment-3648\" style=\"width: 300px\" class=\"wp-caption aligncenter\"><a rel=\"attachment wp-att-3648\" href=\"http:\/\/www.ecurieorthezbearn.fr\/rallye\/2eme-rando-quad-portugal-partie-2\/portugal-11-2011-209\/\"><img loading=\"lazy\" decoding=\"async\" class=\"size-medium wp-image-3648\" src=\"http:\/\/www.ecurieorthezbearn.fr\/rallye\/wp-content\/uploads\/2011\/11\/PORTUGAL-11-2011-209-300x225.jpg\" alt=\"un pied de vigne\" width=\"300\" height=\"225\" srcset=\"https:\/\/www.ecurieorthezbearn.fr\/rallye\/wp-content\/uploads\/2011\/11\/PORTUGAL-11-2011-209-300x225.jpg 300w, https:\/\/www.ecurieorthezbearn.fr\/rallye\/wp-content\/uploads\/2011\/11\/PORTUGAL-11-2011-209.jpg 2048w\" sizes=\"(max-width: 300px) 100vw, 300px\" \/><\/a><figcaption id=\"caption-attachment-3648\" class=\"wp-caption-text\">un pied de vigne<\/figcaption><\/figure>\n<p>\u00a0\u00a0\u00a0\u00a0\u00a0\u00a0\u00a0\u00a0\u00a0\u00a0\u00a0\u00a0\u00a0\u00a0\u00a0\u00a0\u00a0\u00a0\u00a0\u00a0\u00a0\u00a0\u00a0\u00a0\u00a0\u00a0\u00a0\u00a0\u00a0\u00a0\u00a0\u00a0\u00a0\u00a0\u00a0\u00a0\u00a0\u00a0\u00a0\u00a0\u00a0\u00a0\u00a0\u00a0\u00a0\u00a0\u00a0\u00a0\u00a0\u00a0\u00a0\u00a0\u00a0 <a rel=\"attachment wp-att-3649\" href=\"http:\/\/www.ecurieorthezbearn.fr\/rallye\/2eme-rando-quad-portugal-partie-2\/portugal-11-2011-250\/\"><img loading=\"lazy\" decoding=\"async\" class=\"aligncenter size-medium wp-image-3649\" src=\"http:\/\/www.ecurieorthezbearn.fr\/rallye\/wp-content\/uploads\/2011\/11\/PORTUGAL-11-2011-250-300x225.jpg\" alt=\"\" width=\"300\" height=\"225\" srcset=\"https:\/\/www.ecurieorthezbearn.fr\/rallye\/wp-content\/uploads\/2011\/11\/PORTUGAL-11-2011-250-300x225.jpg 300w, https:\/\/www.ecurieorthezbearn.fr\/rallye\/wp-content\/uploads\/2011\/11\/PORTUGAL-11-2011-250.jpg 2048w\" sizes=\"(max-width: 300px) 100vw, 300px\" \/><\/a><\/p>\n<p>\u00a0\u00a0\u00a0\u00a0\u00a0\u00a0\u00a0\u00a0\u00a0\u00a0\u00a0\u00a0\u00a0\u00a0\u00a0\u00a0\u00a0\u00a0\u00a0\u00a0\u00a0\u00a0\u00a0\u00a0\u00a0\u00a0\u00a0\u00a0\u00a0\u00a0\u00a0\u00a0\u00a0\u00a0\u00a0\u00a0\u00a0\u00a0\u00a0\u00a0\u00a0\u00a0\u00a0\u00a0\u00a0\u00a0 <a rel=\"attachment wp-att-3650\" href=\"http:\/\/www.ecurieorthezbearn.fr\/rallye\/2eme-rando-quad-portugal-partie-2\/portugal-11-2011-261\/\"><img loading=\"lazy\" decoding=\"async\" class=\"aligncenter size-medium wp-image-3650\" src=\"http:\/\/www.ecurieorthezbearn.fr\/rallye\/wp-content\/uploads\/2011\/11\/PORTUGAL-11-2011-261-300x225.jpg\" alt=\"\" width=\"300\" height=\"225\" srcset=\"https:\/\/www.ecurieorthezbearn.fr\/rallye\/wp-content\/uploads\/2011\/11\/PORTUGAL-11-2011-261-300x225.jpg 300w, https:\/\/www.ecurieorthezbearn.fr\/rallye\/wp-content\/uploads\/2011\/11\/PORTUGAL-11-2011-261.jpg 2048w\" sizes=\"(max-width: 300px) 100vw, 300px\" \/><\/a><\/p>\n<p>\u00a0\u00a0\u00a0\u00a0\u00a0\u00a0\u00a0\u00a0\u00a0\u00a0\u00a0\u00a0\u00a0\u00a0\u00a0\u00a0\u00a0\u00a0\u00a0\u00a0\u00a0\u00a0\u00a0\u00a0\u00a0\u00a0\u00a0\u00a0\u00a0\u00a0\u00a0\u00a0\u00a0\u00a0\u00a0\u00a0\u00a0\u00a0\u00a0\u00a0\u00a0\u00a0\u00a0\u00a0\u00a0\u00a0\u00a0\u00a0 <a rel=\"attachment wp-att-3651\" href=\"http:\/\/www.ecurieorthezbearn.fr\/rallye\/2eme-rando-quad-portugal-partie-2\/portugal-11-2011-269\/\"><img loading=\"lazy\" decoding=\"async\" class=\"aligncenter size-medium wp-image-3651\" src=\"http:\/\/www.ecurieorthezbearn.fr\/rallye\/wp-content\/uploads\/2011\/11\/PORTUGAL-11-2011-269-300x225.jpg\" alt=\"\" width=\"300\" height=\"225\" srcset=\"https:\/\/www.ecurieorthezbearn.fr\/rallye\/wp-content\/uploads\/2011\/11\/PORTUGAL-11-2011-269-300x225.jpg 300w, https:\/\/www.ecurieorthezbearn.fr\/rallye\/wp-content\/uploads\/2011\/11\/PORTUGAL-11-2011-269.jpg 2048w\" sizes=\"(max-width: 300px) 100vw, 300px\" \/><\/a><\/p>\n<p>\u00a0\u00a0\u00a0\u00a0\u00a0\u00a0\u00a0\u00a0\u00a0\u00a0\u00a0\u00a0\u00a0\u00a0\u00a0\u00a0\u00a0\u00a0\u00a0\u00a0\u00a0\u00a0\u00a0\u00a0\u00a0\u00a0\u00a0\u00a0\u00a0\u00a0\u00a0\u00a0\u00a0\u00a0\u00a0\u00a0\u00a0\u00a0\u00a0\u00a0\u00a0\u00a0\u00a0\u00a0\u00a0\u00a0\u00a0\u00a0\u00a0 <a rel=\"attachment wp-att-3652\" href=\"http:\/\/www.ecurieorthezbearn.fr\/rallye\/2eme-rando-quad-portugal-partie-2\/portugal-11-2011-302\/\"><img loading=\"lazy\" decoding=\"async\" class=\"aligncenter size-medium wp-image-3652\" src=\"http:\/\/www.ecurieorthezbearn.fr\/rallye\/wp-content\/uploads\/2011\/11\/PORTUGAL-11-2011-302-300x225.jpg\" alt=\"\" width=\"300\" height=\"225\" srcset=\"https:\/\/www.ecurieorthezbearn.fr\/rallye\/wp-content\/uploads\/2011\/11\/PORTUGAL-11-2011-302-300x225.jpg 300w, https:\/\/www.ecurieorthezbearn.fr\/rallye\/wp-content\/uploads\/2011\/11\/PORTUGAL-11-2011-302.jpg 2048w\" sizes=\"(max-width: 300px) 100vw, 300px\" \/><\/a><\/p>\n<p>\u00a0\u00a0\u00a0\u00a0\u00a0\u00a0\u00a0\u00a0\u00a0\u00a0\u00a0\u00a0\u00a0\u00a0\u00a0\u00a0\u00a0\u00a0\u00a0\u00a0\u00a0\u00a0\u00a0\u00a0\u00a0\u00a0\u00a0\u00a0\u00a0\u00a0\u00a0\u00a0\u00a0\u00a0\u00a0\u00a0\u00a0\u00a0\u00a0\u00a0\u00a0\u00a0\u00a0\u00a0\u00a0\u00a0\u00a0 <a rel=\"attachment wp-att-3653\" href=\"http:\/\/www.ecurieorthezbearn.fr\/rallye\/2eme-rando-quad-portugal-partie-2\/portugal-11-2011-349\/\"><img loading=\"lazy\" decoding=\"async\" class=\"aligncenter size-medium wp-image-3653\" src=\"http:\/\/www.ecurieorthezbearn.fr\/rallye\/wp-content\/uploads\/2011\/11\/PORTUGAL-11-2011-349-300x225.jpg\" alt=\"\" width=\"300\" height=\"225\" srcset=\"https:\/\/www.ecurieorthezbearn.fr\/rallye\/wp-content\/uploads\/2011\/11\/PORTUGAL-11-2011-349-300x225.jpg 300w, https:\/\/www.ecurieorthezbearn.fr\/rallye\/wp-content\/uploads\/2011\/11\/PORTUGAL-11-2011-349.jpg 2048w\" sizes=\"(max-width: 300px) 100vw, 300px\" \/><\/a><\/p>\n<p>\u00a0\u00a0\u00a0\u00a0\u00a0\u00a0\u00a0\u00a0\u00a0\u00a0\u00a0\u00a0\u00a0\u00a0\u00a0\u00a0\u00a0\u00a0\u00a0\u00a0\u00a0\u00a0\u00a0\u00a0\u00a0\u00a0\u00a0\u00a0\u00a0\u00a0\u00a0\u00a0\u00a0\u00a0\u00a0\u00a0\u00a0\u00a0\u00a0\u00a0\u00a0\u00a0\u00a0\u00a0\u00a0\u00a0\u00a0 <a rel=\"attachment wp-att-3654\" href=\"http:\/\/www.ecurieorthezbearn.fr\/rallye\/2eme-rando-quad-portugal-partie-2\/portugal-11-2011-368\/\"><img loading=\"lazy\" decoding=\"async\" class=\"aligncenter size-medium wp-image-3654\" src=\"http:\/\/www.ecurieorthezbearn.fr\/rallye\/wp-content\/uploads\/2011\/11\/PORTUGAL-11-2011-368-300x225.jpg\" alt=\"\" width=\"300\" height=\"225\" srcset=\"https:\/\/www.ecurieorthezbearn.fr\/rallye\/wp-content\/uploads\/2011\/11\/PORTUGAL-11-2011-368-300x225.jpg 300w, https:\/\/www.ecurieorthezbearn.fr\/rallye\/wp-content\/uploads\/2011\/11\/PORTUGAL-11-2011-368.jpg 2048w\" sizes=\"(max-width: 300px) 100vw, 300px\" \/><\/a><\/p>\n<p>\u00a0\u00a0\u00a0\u00a0\u00a0\u00a0\u00a0\u00a0\u00a0\u00a0\u00a0\u00a0\u00a0\u00a0\u00a0\u00a0\u00a0\u00a0\u00a0\u00a0\u00a0\u00a0\u00a0\u00a0\u00a0\u00a0\u00a0\u00a0\u00a0\u00a0\u00a0\u00a0\u00a0\u00a0\u00a0\u00a0\u00a0\u00a0\u00a0\u00a0\u00a0\u00a0\u00a0\u00a0\u00a0\u00a0\u00a0 <a rel=\"attachment wp-att-3655\" href=\"http:\/\/www.ecurieorthezbearn.fr\/rallye\/2eme-rando-quad-portugal-partie-2\/portugal-11-2011-424\/\"><img loading=\"lazy\" decoding=\"async\" class=\"aligncenter size-medium wp-image-3655\" src=\"http:\/\/www.ecurieorthezbearn.fr\/rallye\/wp-content\/uploads\/2011\/11\/PORTUGAL-11-2011-424-300x225.jpg\" alt=\"\" width=\"300\" height=\"225\" srcset=\"https:\/\/www.ecurieorthezbearn.fr\/rallye\/wp-content\/uploads\/2011\/11\/PORTUGAL-11-2011-424-300x225.jpg 300w, https:\/\/www.ecurieorthezbearn.fr\/rallye\/wp-content\/uploads\/2011\/11\/PORTUGAL-11-2011-424.jpg 2048w\" sizes=\"(max-width: 300px) 100vw, 300px\" \/><\/a><\/p>\n<p>\u00a0\u00a0\u00a0\u00a0\u00a0\u00a0\u00a0\u00a0\u00a0\u00a0\u00a0\u00a0\u00a0\u00a0\u00a0\u00a0\u00a0\u00a0\u00a0\u00a0\u00a0\u00a0\u00a0\u00a0\u00a0\u00a0\u00a0\u00a0\u00a0 <a rel=\"attachment wp-att-3658\" href=\"http:\/\/www.ecurieorthezbearn.fr\/rallye\/2eme-rando-quad-portugal-partie-2\/portugal-11-2011-248\/\"><img loading=\"lazy\" decoding=\"async\" class=\"aligncenter size-medium wp-image-3658\" src=\"http:\/\/www.ecurieorthezbearn.fr\/rallye\/wp-content\/uploads\/2011\/11\/PORTUGAL-11-2011-248-300x225.jpg\" alt=\"\" width=\"300\" height=\"225\" srcset=\"https:\/\/www.ecurieorthezbearn.fr\/rallye\/wp-content\/uploads\/2011\/11\/PORTUGAL-11-2011-248-300x225.jpg 300w, https:\/\/www.ecurieorthezbearn.fr\/rallye\/wp-content\/uploads\/2011\/11\/PORTUGAL-11-2011-248.jpg 2048w\" sizes=\"(max-width: 300px) 100vw, 300px\" \/><\/a><\/p>\n","protected":false},"excerpt":{"rendered":"<p>3eme journ\u00e9e avec du soleil et de la chaleur l&rsquo;apr\u00e8s midi, avec des pistes\u00a0\u00e0 la fois tr\u00e8s roulantes et trialisantes. Des passages\u00a0\u00e0 gu\u00e9s, parfois\u00a0\u00e0 sec, \u00a0des mont\u00e9es impressionnantes et le gps qui nous indiques des pistes qui ne sont plus empreint\u00e9es. Nous arrivons , grace\u00a0\u00e0 la d\u00e9termination de Lionel\u00a0\u00e0 retrouver nos traces et les points &hellip; <a href=\"https:\/\/www.ecurieorthezbearn.fr\/rallye\/2eme-rando-quad-portugal-partie-2\/\" class=\"more-link\">Continuer la lecture de <span class=\"screen-reader-text\">2eme rando quad portugal (partie 2)<\/span>  <span class=\"meta-nav\">&rarr;<\/span><\/a><\/p>\n","protected":false},"author":4,"featured_media":0,"comment_status":"closed","ping_status":"closed","sticky":false,"template":"","format":"standard","meta":{"footnotes":""},"categories":[39],"tags":[47],"_links":{"self":[{"href":"https:\/\/www.ecurieorthezbearn.fr\/rallye\/wp-json\/wp\/v2\/posts\/3593"}],"collection":[{"href":"https:\/\/www.ecurieorthezbearn.fr\/rallye\/wp-json\/wp\/v2\/posts"}],"about":[{"href":"https:\/\/www.ecurieorthezbearn.fr\/rallye\/wp-json\/wp\/v2\/types\/post"}],"author":[{"embeddable":true,"href":"https:\/\/www.ecurieorthezbearn.fr\/rallye\/wp-json\/wp\/v2\/users\/4"}],"replies":[{"embeddable":true,"href":"https:\/\/www.ecurieorthezbearn.fr\/rallye\/wp-json\/wp\/v2\/comments?post=3593"}],"version-history":[{"count":32,"href":"https:\/\/www.ecurieorthezbearn.fr\/rallye\/wp-json\/wp\/v2\/posts\/3593\/revisions"}],"predecessor-version":[{"id":3683,"href":"https:\/\/www.ecurieorthezbearn.fr\/rallye\/wp-json\/wp\/v2\/posts\/3593\/revisions\/3683"}],"wp:attachment":[{"href":"https:\/\/www.ecurieorthezbearn.fr\/rallye\/wp-json\/wp\/v2\/media?parent=3593"}],"wp:term":[{"taxonomy":"category","embeddable":true,"href":"https:\/\/www.ecurieorthezbearn.fr\/rallye\/wp-json\/wp\/v2\/categories?post=3593"},{"taxonomy":"post_tag","embeddable":true,"href":"https:\/\/www.ecurieorthezbearn.fr\/rallye\/wp-json\/wp\/v2\/tags?post=3593"}],"curies":[{"name":"wp","href":"https:\/\/api.w.org\/{rel}","templated":true}]}}