{"id":3699,"date":"2011-12-11T17:37:54","date_gmt":"2011-12-11T16:37:54","guid":{"rendered":"http:\/\/www.ecurieorthezbearn.fr\/rallye\/?p=3699"},"modified":"2011-12-13T11:05:00","modified_gmt":"2011-12-13T10:05:00","slug":"la-derniere-de-lannee-2011","status":"publish","type":"post","link":"https:\/\/www.ecurieorthezbearn.fr\/rallye\/la-derniere-de-lannee-2011\/","title":{"rendered":"La Derni\u00e8re de l&rsquo;Ann\u00e9e 2011"},"content":{"rendered":"<p>Ce dimanche\u00a0 matin 11 D\u00e9cembre, \u00a0la section quad de l&rsquo;\u00e9curie Orthez B\u00e9arn\u00a0s&rsquo;est donn\u00e9 rendez-vous place d&rsquo;Armes\u00a0\u00e0 Orthez\u00a0\u00e0 9 h, \u00a0pour la derni\u00e8re sortie dominicale avant les f\u00e8tes de fin d&rsquo;ann\u00e9e. Apr\u00e8s une nuit courte suite \u00e0\u00a0notre AG annuelle,\u00a0Seb nous\u00a0a pr\u00e9sent\u00e9 son tout nouveau 650 DS .\u00a0Un caf\u00e9 rapidement pris a cause de Sam qui arrive l\u00e9g\u00e8rement en retard, merci Sam !!!,\u00a0nous voila tous autour de cette belle machine. 50 kilom\u00e8tres sont pr\u00e9vus\u00a0autour de notre belle cit\u00e9e. Jean &#8211; Mi , comme\u00a0\u00e0 son habitude a tout programm\u00e9 sur son fid\u00e8le GPS.<\/p>\n<p>\u00a0\u00a0\u00a0\u00a0\u00a0\u00a0\u00a0\u00a0\u00a0\u00a0\u00a0\u00a0\u00a0\u00a0\u00a0\u00a0\u00a0\u00a0\u00a0\u00a0\u00a0\u00a0\u00a0\u00a0\u00a0\u00a0\u00a0\u00a0\u00a0\u00a0\u00a0\u00a0\u00a0\u00a0\u00a0\u00a0\u00a0\u00a0\u00a0\u00a0\u00a0\u00a0\u00a0\u00a0\u00a0\u00a0\u00a0\u00a0\u00a0\u00a0\u00a0\u00a0\u00a0\u00a0\u00a0\u00a0\u00a0\u00a0\u00a0\u00a0\u00a0\u00a0\u00a0\u00a0\u00a0\u00a0\u00a0\u00a0\u00a0\u00a0\u00a0\u00a0\u00a0\u00a0\u00a0\u00a0\u00a0\u00a0\u00a0\u00a0\u00a0\u00a0\u00a0\u00a0\u00a0\u00a0\u00a0\u00a0\u00a0\u00a0\u00a0\u00a0\u00a0\u00a0\u00a0\u00a0\u00a0\u00a0\u00a0\u00a0\u00a0\u00a0\u00a0\u00a0\u00a0\u00a0\u00a0\u00a0\u00a0\u00a0\u00a0\u00a0\u00a0\u00a0\u00a0\u00a0\u00a0\u00a0\u00a0\u00a0\u00a0\u00a0\u00a0\u00a0\u00a0\u00a0\u00a0\u00a0\u00a0\u00a0\u00a0\u00a0\u00a0\u00a0\u00a0\u00a0\u00a0\u00a0\u00a0\u00a0\u00a0\u00a0\u00a0\u00a0\u00a0\u00a0\u00a0\u00a0\u00a0\u00a0\u00a0\u00a0\u00a0\u00a0\u00a0\u00a0\u00a0\u00a0\u00a0\u00a0\u00a0\u00a0\u00a0\u00a0\u00a0 <a rel=\"attachment wp-att-3700\" href=\"http:\/\/www.ecurieorthezbearn.fr\/rallye\/la-derniere-de-lannee-2011\/dscn1475\/\"><img loading=\"lazy\" decoding=\"async\" class=\"aligncenter size-medium wp-image-3700\" src=\"http:\/\/www.ecurieorthezbearn.fr\/rallye\/wp-content\/uploads\/2011\/12\/DSCN1475-300x225.jpg\" alt=\"\" width=\"448\" height=\"323\" \/><\/a><\/p>\n<p>\u00a0\u00a0\u00a0\u00a0\u00a0\u00a0\u00a0\u00a0\u00a0\u00a0\u00a0\u00a0\u00a0\u00a0\u00a0\u00a0\u00a0\u00a0\u00a0\u00a0\u00a0\u00a0\u00a0\u00a0\u00a0\u00a0\u00a0\u00a0\u00a0\u00a0\u00a0\u00a0\u00a0\u00a0\u00a0 <a rel=\"attachment wp-att-3701\" href=\"http:\/\/www.ecurieorthezbearn.fr\/rallye\/la-derniere-de-lannee-2011\/dscn1476\/\"><img loading=\"lazy\" decoding=\"async\" class=\"aligncenter size-medium wp-image-3701\" src=\"http:\/\/www.ecurieorthezbearn.fr\/rallye\/wp-content\/uploads\/2011\/12\/DSCN1476-300x225.jpg\" alt=\"\" width=\"449\" height=\"320\" \/><\/a><\/p>\n<p>\u00a0\u00a0\u00a0 Nous partons en convoi, Jean-mi ouvre suivi de Sam, Seb, Anthony, Lionel, Arnaud, Jean-claude et Denis qui ferme le groupe. Les premiers kilom\u00e8tres sont tranquilles, il\u00a0ne fait pas froid mais les gants d&rsquo;hiver sont de rigueur.<\/p>\n<p>\u00a0\u00a0\u00a0\u00a0\u00a0\u00a0\u00a0\u00a0\u00a0\u00a0\u00a0\u00a0\u00a0\u00a0\u00a0\u00a0\u00a0\u00a0\u00a0\u00a0\u00a0\u00a0\u00a0\u00a0\u00a0\u00a0\u00a0\u00a0 <a rel=\"attachment wp-att-3704\" href=\"http:\/\/www.ecurieorthezbearn.fr\/rallye\/la-derniere-de-lannee-2011\/dscn1477\/\"><img loading=\"lazy\" decoding=\"async\" class=\"aligncenter size-medium wp-image-3704\" src=\"http:\/\/www.ecurieorthezbearn.fr\/rallye\/wp-content\/uploads\/2011\/12\/DSCN1477-300x225.jpg\" alt=\"\" width=\"446\" height=\"335\" srcset=\"https:\/\/www.ecurieorthezbearn.fr\/rallye\/wp-content\/uploads\/2011\/12\/DSCN1477-300x225.jpg 300w, https:\/\/www.ecurieorthezbearn.fr\/rallye\/wp-content\/uploads\/2011\/12\/DSCN1477.jpg 2048w\" sizes=\"(max-width: 446px) 100vw, 446px\" \/><\/a><\/p>\n<p>\u00a0\u00a0\u00a0\u00a0\u00a0\u00a0\u00a0\u00a0\u00a0\u00a0\u00a0\u00a0\u00a0\u00a0\u00a0\u00a0\u00a0\u00a0\u00a0\u00a0\u00a0\u00a0\u00a0\u00a0\u00a0\u00a0\u00a0\u00a0\u00a0\u00a0\u00a0\u00a0\u00a0\u00a0\u00a0\u00a0\u00a0\u00a0\u00a0 <a rel=\"attachment wp-att-3705\" href=\"http:\/\/www.ecurieorthezbearn.fr\/rallye\/la-derniere-de-lannee-2011\/dscn1478\/\"><img loading=\"lazy\" decoding=\"async\" class=\"aligncenter size-medium wp-image-3705\" src=\"http:\/\/www.ecurieorthezbearn.fr\/rallye\/wp-content\/uploads\/2011\/12\/DSCN1478-300x225.jpg\" alt=\"\" width=\"447\" height=\"332\" \/><\/a><\/p>\n<p>\u00a0\u00a0\u00a0\u00a0\u00a0\u00a0\u00a0\u00a0\u00a0\u00a0\u00a0\u00a0\u00a0\u00a0\u00a0\u00a0\u00a0\u00a0\u00a0\u00a0\u00a0\u00a0\u00a0\u00a0\u00a0\u00a0\u00a0\u00a0\u00a0\u00a0\u00a0\u00a0\u00a0\u00a0\u00a0\u00a0 <a rel=\"attachment wp-att-3706\" href=\"http:\/\/www.ecurieorthezbearn.fr\/rallye\/la-derniere-de-lannee-2011\/dscn1516\/\"><img loading=\"lazy\" decoding=\"async\" class=\"aligncenter size-medium wp-image-3706\" src=\"http:\/\/www.ecurieorthezbearn.fr\/rallye\/wp-content\/uploads\/2011\/12\/DSCN1516-300x225.jpg\" alt=\"\" width=\"447\" height=\"329\" \/><\/a><\/p>\n<p>\u00a0\u00a0\u00a0\u00a0\u00a0\u00a0\u00a0\u00a0\u00a0\u00a0\u00a0\u00a0\u00a0\u00a0\u00a0\u00a0\u00a0\u00a0\u00a0\u00a0\u00a0\u00a0\u00a0\u00a0\u00a0\u00a0\u00a0\u00a0\u00a0\u00a0\u00a0 <a rel=\"attachment wp-att-3707\" href=\"http:\/\/www.ecurieorthezbearn.fr\/rallye\/la-derniere-de-lannee-2011\/dscn1517\/\"><img loading=\"lazy\" decoding=\"async\" class=\"aligncenter size-medium wp-image-3707\" src=\"http:\/\/www.ecurieorthezbearn.fr\/rallye\/wp-content\/uploads\/2011\/12\/DSCN1517-300x225.jpg\" alt=\"\" width=\"449\" height=\"321\" \/><\/a><\/p>\n<p>\u00a0\u00a0\u00a0\u00a0\u00a0\u00a0\u00a0\u00a0\u00a0\u00a0\u00a0\u00a0\u00a0\u00a0\u00a0\u00a0\u00a0\u00a0\u00a0\u00a0\u00a0\u00a0\u00a0\u00a0\u00a0\u00a0\u00a0\u00a0\u00a0\u00a0\u00a0\u00a0<img loading=\"lazy\" decoding=\"async\" class=\"aligncenter size-medium wp-image-3708\" src=\"http:\/\/www.ecurieorthezbearn.fr\/rallye\/wp-content\/uploads\/2011\/12\/DSCN1518-300x225.jpg\" alt=\"\" width=\"447\" height=\"332\" \/><\/p>\n<p>\u00a0\u00a0\u00a0\u00a0\u00a0\u00a0\u00a0\u00a0\u00a0\u00a0 Premi\u00e8re difficult\u00e9, un talus de forte pente \u00e0 la sortie d&rsquo;un chemin, nous oblige \u00e0 sortir la corde. Chaque quad est assur\u00e9 par l&rsquo;arri\u00e8re, aucun risque ne sera pris.<\/p>\n<figure id=\"attachment_3711\" aria-describedby=\"caption-attachment-3711\" style=\"width: 452px\" class=\"wp-caption aligncenter\"><a rel=\"attachment wp-att-3711\" href=\"http:\/\/www.ecurieorthezbearn.fr\/rallye\/la-derniere-de-lannee-2011\/dscn1479\/\"><img loading=\"lazy\" decoding=\"async\" class=\"size-medium wp-image-3711\" src=\"http:\/\/www.ecurieorthezbearn.fr\/rallye\/wp-content\/uploads\/2011\/12\/DSCN1479-300x225.jpg\" alt=\"Lionel passe de justesse \" width=\"452\" height=\"350\" \/><\/a><figcaption id=\"caption-attachment-3711\" class=\"wp-caption-text\">Lionel passe de justesse <\/figcaption><\/figure>\n<p>\u00a0\u00a0\u00a0\u00a0\u00a0\u00a0\u00a0\u00a0\u00a0\u00a0\u00a0\u00a0\u00a0\u00a0\u00a0\u00a0\u00a0\u00a0\u00a0\u00a0\u00a0\u00a0\u00a0\u00a0\u00a0\u00a0\u00a0\u00a0\u00a0\u00a0\u00a0\u00a0\u00a0\u00a0 <a rel=\"attachment wp-att-3712\" href=\"http:\/\/www.ecurieorthezbearn.fr\/rallye\/la-derniere-de-lannee-2011\/dscn1481\/\"><img loading=\"lazy\" decoding=\"async\" class=\"aligncenter size-medium wp-image-3712\" src=\"http:\/\/www.ecurieorthezbearn.fr\/rallye\/wp-content\/uploads\/2011\/12\/DSCN1481-300x225.jpg\" alt=\"\" width=\"449\" height=\"324\" \/><\/a><\/p>\n<p>\u00a0\u00a0\u00a0\u00a0\u00a0\u00a0\u00a0\u00a0\u00a0\u00a0\u00a0\u00a0\u00a0\u00a0\u00a0\u00a0\u00a0\u00a0\u00a0\u00a0\u00a0\u00a0\u00a0\u00a0\u00a0\u00a0\u00a0\u00a0\u00a0\u00a0 <a rel=\"attachment wp-att-3713\" href=\"http:\/\/www.ecurieorthezbearn.fr\/rallye\/la-derniere-de-lannee-2011\/dscn1484\/\"><img loading=\"lazy\" decoding=\"async\" class=\"aligncenter size-medium wp-image-3713\" src=\"http:\/\/www.ecurieorthezbearn.fr\/rallye\/wp-content\/uploads\/2011\/12\/DSCN1484-300x225.jpg\" alt=\"\" width=\"445\" height=\"328\" \/><\/a><\/p>\n<p>\u00a0\u00a0\u00a0\u00a0\u00a0\u00a0\u00a0\u00a0\u00a0\u00a0\u00a0\u00a0\u00a0\u00a0\u00a0\u00a0\u00a0\u00a0\u00a0\u00a0\u00a0\u00a0\u00a0\u00a0\u00a0\u00a0\u00a0\u00a0\u00a0\u00a0\u00a0\u00a0\u00a0\u00a0\u00a0\u00a0\u00a0 <a rel=\"attachment wp-att-3714\" href=\"http:\/\/www.ecurieorthezbearn.fr\/rallye\/la-derniere-de-lannee-2011\/dscn1487\/\"><img loading=\"lazy\" decoding=\"async\" class=\"aligncenter size-medium wp-image-3714\" src=\"http:\/\/www.ecurieorthezbearn.fr\/rallye\/wp-content\/uploads\/2011\/12\/DSCN1487-300x225.jpg\" alt=\"\" width=\"445\" height=\"324\" \/><\/a><\/p>\n<p>\u00a0\u00a0\u00a0\u00a0\u00a0\u00a0\u00a0\u00a0\u00a0\u00a0\u00a0\u00a0\u00a0\u00a0\u00a0\u00a0\u00a0\u00a0\u00a0\u00a0\u00a0\u00a0\u00a0\u00a0\u00a0\u00a0 <a rel=\"attachment wp-att-3715\" href=\"http:\/\/www.ecurieorthezbearn.fr\/rallye\/la-derniere-de-lannee-2011\/dscn1485\/\"><img loading=\"lazy\" decoding=\"async\" class=\"aligncenter size-medium wp-image-3715\" src=\"http:\/\/www.ecurieorthezbearn.fr\/rallye\/wp-content\/uploads\/2011\/12\/DSCN1485-300x225.jpg\" alt=\"\" width=\"446\" height=\"324\" \/><\/a><\/p>\n<p>\u00a0\u00a0\u00a0\u00a0\u00a0\u00a0\u00a0\u00a0\u00a0\u00a0\u00a0\u00a0\u00a0\u00a0\u00a0\u00a0\u00a0\u00a0\u00a0\u00a0\u00a0\u00a0\u00a0\u00a0\u00a0\u00a0 <a rel=\"attachment wp-att-3716\" href=\"http:\/\/www.ecurieorthezbearn.fr\/rallye\/la-derniere-de-lannee-2011\/dscn1486\/\"><img loading=\"lazy\" decoding=\"async\" class=\"aligncenter size-medium wp-image-3716\" src=\"http:\/\/www.ecurieorthezbearn.fr\/rallye\/wp-content\/uploads\/2011\/12\/DSCN1486-300x225.jpg\" alt=\"\" width=\"447\" height=\"331\" \/><\/a><\/p>\n<p>\u00a0\u00a0\u00a0\u00a0\u00a0\u00a0\u00a0\u00a0\u00a0\u00a0\u00a0\u00a0\u00a0\u00a0\u00a0\u00a0\u00a0\u00a0\u00a0\u00a0\u00a0\u00a0\u00a0\u00a0\u00a0\u00a0\u00a0\u00a0\u00a0 <a rel=\"attachment wp-att-3717\" href=\"http:\/\/www.ecurieorthezbearn.fr\/rallye\/la-derniere-de-lannee-2011\/dscn1490\/\"><img loading=\"lazy\" decoding=\"async\" class=\"aligncenter size-medium wp-image-3717\" src=\"http:\/\/www.ecurieorthezbearn.fr\/rallye\/wp-content\/uploads\/2011\/12\/DSCN1490-300x225.jpg\" alt=\"\" width=\"448\" height=\"322\" \/><\/a><\/p>\n<p>\u00a0\u00a0\u00a0\u00a0\u00a0\u00a0\u00a0\u00a0\u00a0\u00a0\u00a0\u00a0\u00a0\u00a0\u00a0\u00a0\u00a0\u00a0\u00a0\u00a0\u00a0\u00a0\u00a0\u00a0\u00a0\u00a0\u00a0 <a rel=\"attachment wp-att-3722\" href=\"http:\/\/www.ecurieorthezbearn.fr\/rallye\/la-derniere-de-lannee-2011\/dscn1483\/\"><img loading=\"lazy\" decoding=\"async\" class=\"aligncenter size-medium wp-image-3722\" src=\"http:\/\/www.ecurieorthezbearn.fr\/rallye\/wp-content\/uploads\/2011\/12\/DSCN1483-300x225.jpg\" alt=\"\" width=\"447\" height=\"323\" \/><\/a><\/p>\n<p>\u00a0\u00a0\u00a0\u00a0\u00a0\u00a0\u00a0\u00a0\u00a0\u00a0\u00a0\u00a0\u00a0\u00a0\u00a0\u00a0\u00a0\u00a0\u00a0\u00a0\u00a0\u00a0\u00a0\u00a0\u00a0\u00a0\u00a0 Les sous-bois tapiss\u00e9s de feuilles sont humides, les foss\u00e9s sont gras, quelques glissades tr\u00e8s control\u00e9es nous font acc\u00e9l\u00e9rer le rythme, et des passages \u00e9troits coupent notre \u00e9lan.<\/p>\n<p>\u00a0\u00a0\u00a0\u00a0\u00a0\u00a0\u00a0\u00a0\u00a0\u00a0\u00a0\u00a0\u00a0\u00a0\u00a0\u00a0\u00a0\u00a0\u00a0\u00a0\u00a0\u00a0\u00a0\u00a0\u00a0\u00a0\u00a0\u00a0\u00a0\u00a0\u00a0\u00a0\u00a0\u00a0\u00a0\u00a0\u00a0\u00a0\u00a0\u00a0\u00a0\u00a0\u00a0\u00a0\u00a0\u00a0\u00a0\u00a0\u00a0\u00a0\u00a0\u00a0\u00a0\u00a0\u00a0\u00a0\u00a0\u00a0\u00a0\u00a0\u00a0\u00a0\u00a0\u00a0\u00a0\u00a0\u00a0\u00a0\u00a0\u00a0\u00a0\u00a0\u00a0\u00a0\u00a0\u00a0\u00a0\u00a0\u00a0\u00a0\u00a0 <a rel=\"attachment wp-att-3724\" href=\"http:\/\/www.ecurieorthezbearn.fr\/rallye\/la-derniere-de-lannee-2011\/dscn1522\/\"><img loading=\"lazy\" decoding=\"async\" class=\"aligncenter size-medium wp-image-3724\" src=\"http:\/\/www.ecurieorthezbearn.fr\/rallye\/wp-content\/uploads\/2011\/12\/DSCN1522-300x225.jpg\" alt=\"\" width=\"446\" height=\"320\" \/><\/a><\/p>\n<p>\u00a0\u00a0\u00a0\u00a0\u00a0\u00a0\u00a0\u00a0\u00a0\u00a0\u00a0\u00a0\u00a0\u00a0\u00a0\u00a0\u00a0\u00a0\u00a0\u00a0\u00a0\u00a0\u00a0\u00a0\u00a0\u00a0\u00a0\u00a0\u00a0\u00a0\u00a0 <a rel=\"attachment wp-att-3725\" href=\"http:\/\/www.ecurieorthezbearn.fr\/rallye\/la-derniere-de-lannee-2011\/dscn1524\/\"><img loading=\"lazy\" decoding=\"async\" class=\"aligncenter size-medium wp-image-3725\" src=\"http:\/\/www.ecurieorthezbearn.fr\/rallye\/wp-content\/uploads\/2011\/12\/DSCN1524-300x225.jpg\" alt=\"\" width=\"449\" height=\"320\" \/><\/a><\/p>\n<p>\u00a0\u00a0\u00a0\u00a0\u00a0\u00a0\u00a0\u00a0\u00a0\u00a0\u00a0\u00a0\u00a0\u00a0\u00a0\u00a0\u00a0\u00a0\u00a0\u00a0\u00a0\u00a0\u00a0\u00a0\u00a0\u00a0\u00a0\u00a0\u00a0\u00a0\u00a0\u00a0\u00a0 <a rel=\"attachment wp-att-3726\" href=\"http:\/\/www.ecurieorthezbearn.fr\/rallye\/la-derniere-de-lannee-2011\/dscn1521\/\"><img loading=\"lazy\" decoding=\"async\" class=\"aligncenter size-medium wp-image-3726\" src=\"http:\/\/www.ecurieorthezbearn.fr\/rallye\/wp-content\/uploads\/2011\/12\/DSCN1521-300x225.jpg\" alt=\"\" width=\"447\" height=\"322\" \/><\/a><\/p>\n<p>\u00a0\u00a0\u00a0\u00a0\u00a0\u00a0\u00a0\u00a0\u00a0\u00a0\u00a0\u00a0\u00a0\u00a0\u00a0\u00a0\u00a0\u00a0\u00a0\u00a0\u00a0\u00a0\u00a0\u00a0\u00a0\u00a0\u00a0\u00a0\u00a0\u00a0\u00a0\u00a0\u00a0\u00a0\u00a0 <a rel=\"attachment wp-att-3727\" href=\"http:\/\/www.ecurieorthezbearn.fr\/rallye\/la-derniere-de-lannee-2011\/dscn1515\/\"><img loading=\"lazy\" decoding=\"async\" class=\"aligncenter size-medium wp-image-3727\" src=\"http:\/\/www.ecurieorthezbearn.fr\/rallye\/wp-content\/uploads\/2011\/12\/DSCN1515-300x225.jpg\" alt=\"\" width=\"449\" height=\"319\" \/><\/a><\/p>\n<p>\u00a0\u00a0\u00a0\u00a0\u00a0\u00a0\u00a0\u00a0\u00a0\u00a0\u00a0\u00a0\u00a0\u00a0\u00a0\u00a0\u00a0\u00a0\u00a0\u00a0\u00a0\u00a0\u00a0\u00a0\u00a0\u00a0\u00a0\u00a0\u00a0\u00a0\u00a0\u00a0\u00a0\u00a0\u00a0\u00a0\u00a0\u00a0\u00a0 <a rel=\"attachment wp-att-3728\" href=\"http:\/\/www.ecurieorthezbearn.fr\/rallye\/la-derniere-de-lannee-2011\/dscn1514\/\"><img loading=\"lazy\" decoding=\"async\" class=\"aligncenter size-medium wp-image-3728\" src=\"http:\/\/www.ecurieorthezbearn.fr\/rallye\/wp-content\/uploads\/2011\/12\/DSCN1514-300x225.jpg\" alt=\"\" width=\"448\" height=\"324\" \/><\/a><\/p>\n<p>\u00a0\u00a0\u00a0\u00a0\u00a0\u00a0\u00a0\u00a0\u00a0\u00a0\u00a0\u00a0\u00a0\u00a0\u00a0\u00a0\u00a0\u00a0\u00a0\u00a0\u00a0\u00a0\u00a0\u00a0\u00a0 <a rel=\"attachment wp-att-3731\" href=\"http:\/\/www.ecurieorthezbearn.fr\/rallye\/la-derniere-de-lannee-2011\/dscn1493-2\/\"><img loading=\"lazy\" decoding=\"async\" class=\"aligncenter size-medium wp-image-3731\" src=\"http:\/\/www.ecurieorthezbearn.fr\/rallye\/wp-content\/uploads\/2011\/12\/DSCN14931-300x225.jpg\" alt=\"\" width=\"450\" height=\"325\" \/><\/a><\/p>\n<p>\u00a0\u00a0\u00a0\u00a0\u00a0\u00a0\u00a0\u00a0\u00a0\u00a0\u00a0\u00a0\u00a0\u00a0\u00a0\u00a0\u00a0\u00a0\u00a0\u00a0\u00a0\u00a0\u00a0 <a rel=\"attachment wp-att-3732\" href=\"http:\/\/www.ecurieorthezbearn.fr\/rallye\/la-derniere-de-lannee-2011\/dscn1494\/\"><img loading=\"lazy\" decoding=\"async\" class=\"aligncenter size-medium wp-image-3732\" src=\"http:\/\/www.ecurieorthezbearn.fr\/rallye\/wp-content\/uploads\/2011\/12\/DSCN1494-300x225.jpg\" alt=\"\" width=\"448\" height=\"328\" \/><\/a><\/p>\n<p>\u00a0\u00a0\u00a0\u00a0\u00a0\u00a0\u00a0\u00a0\u00a0\u00a0\u00a0\u00a0\u00a0\u00a0\u00a0\u00a0\u00a0\u00a0\u00a0\u00a0\u00a0\u00a0 <a rel=\"attachment wp-att-3733\" href=\"http:\/\/www.ecurieorthezbearn.fr\/rallye\/la-derniere-de-lannee-2011\/dscn1496\/\"><img loading=\"lazy\" decoding=\"async\" class=\"aligncenter size-medium wp-image-3733\" src=\"http:\/\/www.ecurieorthezbearn.fr\/rallye\/wp-content\/uploads\/2011\/12\/DSCN1496-300x225.jpg\" alt=\"\" width=\"447\" height=\"325\" \/><\/a><\/p>\n<p>\u00a0\u00a0\u00a0\u00a0\u00a0\u00a0\u00a0\u00a0\u00a0\u00a0\u00a0\u00a0\u00a0\u00a0\u00a0\u00a0\u00a0\u00a0\u00a0\u00a0\u00a0\u00a0\u00a0\u00a0\u00a0\u00a0\u00a0 <a rel=\"attachment wp-att-3734\" href=\"http:\/\/www.ecurieorthezbearn.fr\/rallye\/la-derniere-de-lannee-2011\/dscn1500\/\"><img loading=\"lazy\" decoding=\"async\" class=\"aligncenter size-medium wp-image-3734\" src=\"http:\/\/www.ecurieorthezbearn.fr\/rallye\/wp-content\/uploads\/2011\/12\/DSCN1500-300x225.jpg\" alt=\"\" width=\"448\" height=\"330\" \/><\/a><\/p>\n<p>\u00a0\u00a0\u00a0\u00a0\u00a0\u00a0\u00a0\u00a0\u00a0\u00a0\u00a0\u00a0\u00a0\u00a0\u00a0\u00a0\u00a0\u00a0\u00a0\u00a0\u00a0\u00a0\u00a0\u00a0\u00a0\u00a0\u00a0\u00a0\u00a0\u00a0\u00a0\u00a0\u00a0 <a rel=\"attachment wp-att-3735\" href=\"http:\/\/www.ecurieorthezbearn.fr\/rallye\/la-derniere-de-lannee-2011\/dscn1508\/\"><img loading=\"lazy\" decoding=\"async\" class=\"aligncenter size-medium wp-image-3735\" src=\"http:\/\/www.ecurieorthezbearn.fr\/rallye\/wp-content\/uploads\/2011\/12\/DSCN1508-300x225.jpg\" alt=\"\" width=\"448\" height=\"330\" \/><\/a><\/p>\n<p>\u00a0\u00a0\u00a0\u00a0\u00a0\u00a0\u00a0\u00a0\u00a0\u00a0\u00a0\u00a0\u00a0\u00a0\u00a0\u00a0\u00a0\u00a0\u00a0\u00a0\u00a0\u00a0\u00a0\u00a0\u00a0\u00a0\u00a0\u00a0\u00a0\u00a0\u00a0\u00a0 <a rel=\"attachment wp-att-3736\" href=\"http:\/\/www.ecurieorthezbearn.fr\/rallye\/la-derniere-de-lannee-2011\/dscn1509\/\"><img loading=\"lazy\" decoding=\"async\" class=\"aligncenter size-medium wp-image-3736\" src=\"http:\/\/www.ecurieorthezbearn.fr\/rallye\/wp-content\/uploads\/2011\/12\/DSCN1509-300x225.jpg\" alt=\"\" width=\"448\" height=\"327\" \/><\/a><\/p>\n<p>\u00a0\u00a0\u00a0\u00a0\u00a0\u00a0\u00a0\u00a0\u00a0\u00a0\u00a0\u00a0\u00a0\u00a0\u00a0\u00a0\u00a0\u00a0\u00a0\u00a0\u00a0\u00a0\u00a0\u00a0\u00a0\u00a0\u00a0\u00a0\u00a0\u00a0\u00a0\u00a0\u00a0\u00a0 <a rel=\"attachment wp-att-3737\" href=\"http:\/\/www.ecurieorthezbearn.fr\/rallye\/la-derniere-de-lannee-2011\/dscn1501\/\"><img loading=\"lazy\" decoding=\"async\" class=\"aligncenter size-medium wp-image-3737\" src=\"http:\/\/www.ecurieorthezbearn.fr\/rallye\/wp-content\/uploads\/2011\/12\/DSCN1501-300x225.jpg\" alt=\"\" width=\"449\" height=\"326\" \/><\/a><\/p>\n<p>\u00a0\u00a0\u00a0\u00a0\u00a0\u00a0\u00a0\u00a0\u00a0\u00a0\u00a0\u00a0\u00a0\u00a0\u00a0\u00a0\u00a0\u00a0\u00a0\u00a0 <a rel=\"attachment wp-att-3738\" href=\"http:\/\/www.ecurieorthezbearn.fr\/rallye\/la-derniere-de-lannee-2011\/dscn1503\/\"><img loading=\"lazy\" decoding=\"async\" class=\"aligncenter size-medium wp-image-3738\" src=\"http:\/\/www.ecurieorthezbearn.fr\/rallye\/wp-content\/uploads\/2011\/12\/DSCN1503-300x225.jpg\" alt=\"\" width=\"447\" height=\"327\" \/><\/a><\/p>\n<p>\u00a0\u00a0\u00a0\u00a0\u00a0\u00a0\u00a0\u00a0\u00a0\u00a0\u00a0\u00a0\u00a0\u00a0\u00a0\u00a0\u00a0\u00a0\u00a0\u00a0\u00a0\u00a0\u00a0\u00a0\u00a0\u00a0\u00a0 <a rel=\"attachment wp-att-3739\" href=\"http:\/\/www.ecurieorthezbearn.fr\/rallye\/la-derniere-de-lannee-2011\/dscn1510\/\"><img loading=\"lazy\" decoding=\"async\" class=\"aligncenter size-medium wp-image-3739\" src=\"http:\/\/www.ecurieorthezbearn.fr\/rallye\/wp-content\/uploads\/2011\/12\/DSCN1510-300x225.jpg\" alt=\"\" width=\"449\" height=\"325\" \/><\/a><\/p>\n<p>\u00a0\u00a0\u00a0\u00a0\u00a0\u00a0\u00a0\u00a0\u00a0\u00a0\u00a0\u00a0\u00a0\u00a0\u00a0\u00a0\u00a0\u00a0\u00a0\u00a0\u00a0\u00a0\u00a0\u00a0\u00a0\u00a0\u00a0\u00a0\u00a0 <a rel=\"attachment wp-att-3740\" href=\"http:\/\/www.ecurieorthezbearn.fr\/rallye\/la-derniere-de-lannee-2011\/dscn1512\/\"><img loading=\"lazy\" decoding=\"async\" class=\"aligncenter size-medium wp-image-3740\" src=\"http:\/\/www.ecurieorthezbearn.fr\/rallye\/wp-content\/uploads\/2011\/12\/DSCN1512-300x225.jpg\" alt=\"\" width=\"447\" height=\"322\" \/><\/a><\/p>\n<p>\u00a0\u00a0\u00a0\u00a0\u00a0\u00a0\u00a0\u00a0\u00a0\u00a0\u00a0\u00a0\u00a0\u00a0\u00a0\u00a0\u00a0\u00a0\u00a0\u00a0\u00a0\u00a0\u00a0\u00a0\u00a0\u00a0\u00a0\u00a0\u00a0\u00a0\u00a0\u00a0 <a rel=\"attachment wp-att-3741\" href=\"http:\/\/www.ecurieorthezbearn.fr\/rallye\/la-derniere-de-lannee-2011\/dscn1506\/\"><img loading=\"lazy\" decoding=\"async\" class=\"aligncenter size-medium wp-image-3741\" src=\"http:\/\/www.ecurieorthezbearn.fr\/rallye\/wp-content\/uploads\/2011\/12\/DSCN1506-300x225.jpg\" alt=\"\" width=\"447\" height=\"330\" \/><\/a><\/p>\n<p>\u00a0\u00a0\u00a0\u00a0\u00a0\u00a0\u00a0\u00a0\u00a0\u00a0\u00a0\u00a0\u00a0 Nous finissons notre escapade apr\u00e8s avoir franchi un bourbier qui laissera le DS 650 de Seb pos\u00e9 . Vers 12h30, le retour sur Orthez s&rsquo;effectue avec une pens\u00e9e sur la prochaine sortie de l&rsquo;\u00a0ann\u00e9e\u00a02012.<\/p>\n<p>\u00a0\u00a0\u00a0\u00a0\u00a0\u00a0\u00a0\u00a0\u00a0\u00a0\u00a0\u00a0\u00a0\u00a0\u00a0\u00a0\u00a0\u00a0\u00a0\u00a0\u00a0\u00a0\u00a0\u00a0\u00a0\u00a0\u00a0\u00a0\u00a0\u00a0\u00a0\u00a0\u00a0 <a rel=\"attachment wp-att-3744\" href=\"http:\/\/www.ecurieorthezbearn.fr\/rallye\/la-derniere-de-lannee-2011\/dscn1527\/\"><img loading=\"lazy\" decoding=\"async\" class=\"aligncenter size-medium wp-image-3744\" src=\"http:\/\/www.ecurieorthezbearn.fr\/rallye\/wp-content\/uploads\/2011\/12\/DSCN1527-300x225.jpg\" alt=\"\" width=\"447\" height=\"339\" \/><\/a><\/p>\n<p>\u00a0\u00a0\u00a0\u00a0\u00a0\u00a0\u00a0\u00a0\u00a0\u00a0\u00a0\u00a0\u00a0\u00a0\u00a0\u00a0\u00a0\u00a0\u00a0\u00a0\u00a0\u00a0\u00a0\u00a0\u00a0\u00a0\u00a0\u00a0\u00a0\u00a0\u00a0\u00a0\u00a0\u00a0\u00a0\u00a0\u00a0\u00a0\u00a0\u00a0 <a rel=\"attachment wp-att-3745\" href=\"http:\/\/www.ecurieorthezbearn.fr\/rallye\/la-derniere-de-lannee-2011\/dscn1526\/\"><img loading=\"lazy\" decoding=\"async\" class=\"aligncenter size-medium wp-image-3745\" src=\"http:\/\/www.ecurieorthezbearn.fr\/rallye\/wp-content\/uploads\/2011\/12\/DSCN1526-300x225.jpg\" alt=\"\" width=\"448\" height=\"321\" \/><\/a><\/p>\n<p>\u00a0\u00a0\u00a0\u00a0\u00a0\u00a0\u00a0\u00a0\u00a0\u00a0\u00a0\u00a0\u00a0\u00a0\u00a0\u00a0\u00a0\u00a0\u00a0\u00a0\u00a0\u00a0\u00a0\u00a0\u00a0\u00a0\u00a0\u00a0\u00a0\u00a0\u00a0 <a rel=\"attachment wp-att-3746\" href=\"http:\/\/www.ecurieorthezbearn.fr\/rallye\/la-derniere-de-lannee-2011\/dscn1531\/\"><img loading=\"lazy\" decoding=\"async\" class=\"aligncenter size-medium wp-image-3746\" src=\"http:\/\/www.ecurieorthezbearn.fr\/rallye\/wp-content\/uploads\/2011\/12\/DSCN1531-300x225.jpg\" alt=\"\" width=\"446\" height=\"341\" \/><\/a>\u00a0<\/p>\n<p>\u00a0\u00a0\u00a0\u00a0\u00a0\u00a0\u00a0\u00a0\u00a0\u00a0\u00a0\u00a0\u00a0\u00a0\u00a0\u00a0\u00a0\u00a0\u00a0\u00a0\u00a0\u00a0\u00a0\u00a0\u00a0\u00a0\u00a0 <a rel=\"attachment wp-att-3747\" href=\"http:\/\/www.ecurieorthezbearn.fr\/rallye\/la-derniere-de-lannee-2011\/dscn1529\/\"><img loading=\"lazy\" decoding=\"async\" class=\"aligncenter size-medium wp-image-3747\" src=\"http:\/\/www.ecurieorthezbearn.fr\/rallye\/wp-content\/uploads\/2011\/12\/DSCN1529-300x225.jpg\" alt=\"\" width=\"449\" height=\"324\" \/><\/a><\/p>\n<p>\u00a0\u00a0\u00a0\u00a0\u00a0\u00a0\u00a0\u00a0\u00a0\u00a0\u00a0\u00a0\u00a0\u00a0\u00a0\u00a0\u00a0\u00a0\u00a0 <a rel=\"attachment wp-att-3748\" href=\"http:\/\/www.ecurieorthezbearn.fr\/rallye\/la-derniere-de-lannee-2011\/dscn1533\/\"><img loading=\"lazy\" decoding=\"async\" class=\"aligncenter size-medium wp-image-3748\" src=\"http:\/\/www.ecurieorthezbearn.fr\/rallye\/wp-content\/uploads\/2011\/12\/DSCN1533-300x225.jpg\" alt=\"\" width=\"447\" height=\"323\" \/><\/a><\/p>\n<p><a rel=\"attachment wp-att-3749\" href=\"http:\/\/www.ecurieorthezbearn.fr\/rallye\/la-derniere-de-lannee-2011\/dscn1534\/\"><img loading=\"lazy\" decoding=\"async\" class=\"aligncenter size-medium wp-image-3749\" src=\"http:\/\/www.ecurieorthezbearn.fr\/rallye\/wp-content\/uploads\/2011\/12\/DSCN1534-300x225.jpg\" alt=\"\" width=\"449\" height=\"325\" \/><\/a><\/p>\n<p>\u00a0\u00a0\u00a0\u00a0\u00a0\u00a0\u00a0\u00a0\u00a0\u00a0\u00a0\u00a0\u00a0\u00a0\u00a0\u00a0\u00a0\u00a0\u00a0\u00a0\u00a0\u00a0\u00a0\u00a0\u00a0\u00a0\u00a0\u00a0\u00a0\u00a0\u00a0\u00a0\u00a0\u00a0\u00a0\u00a0\u00a0\u00a0 <a rel=\"attachment wp-att-3757\" href=\"http:\/\/www.ecurieorthezbearn.fr\/rallye\/la-derniere-de-lannee-2011\/dscn1519\/\"><img loading=\"lazy\" decoding=\"async\" class=\"aligncenter size-medium wp-image-3757\" src=\"http:\/\/www.ecurieorthezbearn.fr\/rallye\/wp-content\/uploads\/2011\/12\/DSCN1519-300x225.jpg\" alt=\"\" width=\"448\" height=\"329\" \/><\/a><\/p>\n<p>\u00a0\u00a0\u00a0\u00a0\u00a0\u00a0\u00a0 Bonnes f\u00eates \u00e0 tous&#8230;&#8230;<\/p>\n<p>Bravo pour le <strong>100\u00e8me<\/strong> article r\u00e9dig\u00e9 sur ce site, cette fois encore par le d\u00e9vou\u00e9 Arnaud ! (ajout du webmaster)<\/p>\n","protected":false},"excerpt":{"rendered":"<p>Ce dimanche\u00a0 matin 11 D\u00e9cembre, \u00a0la section quad de l&rsquo;\u00e9curie Orthez B\u00e9arn\u00a0s&rsquo;est donn\u00e9 rendez-vous place d&rsquo;Armes\u00a0\u00e0 Orthez\u00a0\u00e0 9 h, \u00a0pour la derni\u00e8re sortie dominicale avant les f\u00e8tes de fin d&rsquo;ann\u00e9e. Apr\u00e8s une nuit courte suite \u00e0\u00a0notre AG annuelle,\u00a0Seb nous\u00a0a pr\u00e9sent\u00e9 son tout nouveau 650 DS .\u00a0Un caf\u00e9 rapidement pris a cause de Sam qui arrive &hellip; <a href=\"https:\/\/www.ecurieorthezbearn.fr\/rallye\/la-derniere-de-lannee-2011\/\" class=\"more-link\">Continuer la lecture de <span class=\"screen-reader-text\">La Derni\u00e8re de l&rsquo;Ann\u00e9e 2011<\/span>  <span class=\"meta-nav\">&rarr;<\/span><\/a><\/p>\n","protected":false},"author":4,"featured_media":0,"comment_status":"closed","ping_status":"closed","sticky":false,"template":"","format":"standard","meta":{"footnotes":""},"categories":[119,39],"tags":[46,47],"_links":{"self":[{"href":"https:\/\/www.ecurieorthezbearn.fr\/rallye\/wp-json\/wp\/v2\/posts\/3699"}],"collection":[{"href":"https:\/\/www.ecurieorthezbearn.fr\/rallye\/wp-json\/wp\/v2\/posts"}],"about":[{"href":"https:\/\/www.ecurieorthezbearn.fr\/rallye\/wp-json\/wp\/v2\/types\/post"}],"author":[{"embeddable":true,"href":"https:\/\/www.ecurieorthezbearn.fr\/rallye\/wp-json\/wp\/v2\/users\/4"}],"replies":[{"embeddable":true,"href":"https:\/\/www.ecurieorthezbearn.fr\/rallye\/wp-json\/wp\/v2\/comments?post=3699"}],"version-history":[{"count":23,"href":"https:\/\/www.ecurieorthezbearn.fr\/rallye\/wp-json\/wp\/v2\/posts\/3699\/revisions"}],"predecessor-version":[{"id":3761,"href":"https:\/\/www.ecurieorthezbearn.fr\/rallye\/wp-json\/wp\/v2\/posts\/3699\/revisions\/3761"}],"wp:attachment":[{"href":"https:\/\/www.ecurieorthezbearn.fr\/rallye\/wp-json\/wp\/v2\/media?parent=3699"}],"wp:term":[{"taxonomy":"category","embeddable":true,"href":"https:\/\/www.ecurieorthezbearn.fr\/rallye\/wp-json\/wp\/v2\/categories?post=3699"},{"taxonomy":"post_tag","embeddable":true,"href":"https:\/\/www.ecurieorthezbearn.fr\/rallye\/wp-json\/wp\/v2\/tags?post=3699"}],"curies":[{"name":"wp","href":"https:\/\/api.w.org\/{rel}","templated":true}]}}