{"id":4111,"date":"2012-08-07T23:00:25","date_gmt":"2012-08-07T21:00:25","guid":{"rendered":"http:\/\/www.ecurieorthezbearn.fr\/rallye\/?p=4111"},"modified":"2012-11-23T15:34:23","modified_gmt":"2012-11-23T14:34:23","slug":"rallyes-amis-2012","status":"publish","type":"post","link":"https:\/\/www.ecurieorthezbearn.fr\/rallye\/rallyes-amis-2012\/","title":{"rendered":"Rallyes amis 2012"},"content":{"rendered":"<h3 style=\"text-align: center;\"><strong><\/strong><strong>Rallyes amis 2012<\/strong><\/h3>\n<p>(Rallyes 2011, <a href=\"http:\/\/www.ecurieorthezbearn.fr\/rallye\/rallye-ami_2011\/\" target=\"_self\">ICI<\/a> )<\/p>\n<p>Calendrier 2012\u00a0 (Sous r\u00e9serve d&rsquo;erreurs ou de modifications ult\u00e9rieures)<br \/>03 &amp; 04-03\/2012 &#8211; Rallye des Collines d&rsquo;Arzacq et du Soubestre<br \/>07 &amp; 08-04\/2012 &#8211; Ronde du Labourd<br \/>28 &amp; 29-04\/2012 &#8211; Terre du G\u00e2tinais<br \/>26 &amp; 27-05\/2012 &#8211; Rallye Jean de la Fontaine<br \/>16 &amp; 17-06\/2012- Rallye du Cantal en Chataigneraie [ANNULE]<br \/>30\/06 -&gt; 01\/07\/2012 &#8211; Gers Armagnac<br \/>04 &amp; 05-08\/2012 &#8211; Orthez B\u00e9arn<br \/>07 -&gt; 09\/09\/2012 &#8211; Rallye des Cimes<br \/>02 03 04\/09\/2012 Rallye du Bar\u00e9tous<br \/>06 &amp; 07-10\/2012 &#8211; Rallye Dunes et Marais<br \/>24 &amp; 25\/11\/2012 &#8211; Rallye Plaines et Vall\u00e9es<\/p>\n<p style=\"text-align: center;\"><img loading=\"lazy\" decoding=\"async\" class=\"aligncenter\" style=\"border: 0px;\" src=\"http:\/\/www.asacandresien.fr\/affiche2012.jpg\" alt=\"\" width=\"350\" height=\"500\" border=\"0\" \/><\/p>\n<p style=\"text-align: center;\"><em>4\u00e9me Rallye du Bar\u00e9tous du 2 au 4 novembre 2012<\/em><\/p>\n<p style=\"text-align: center;\"><img loading=\"lazy\" decoding=\"async\" class=\"aligncenter\" style=\"border: 0px;\" src=\"http:\/\/i31.servimg.com\/u\/f31\/15\/01\/38\/36\/affich11.jpg\" alt=\"\" width=\"500\" height=\"350\" border=\"0\" \/><\/p>\n<p style=\"text-align: center;\">\u00a0<\/p>\n<p style=\"text-align: center;\"><em><strong>35\u00e9me\u00a0rallye Dunes et Marais<\/strong><\/em><\/p>\n<p style=\"text-align: center;\">5,6,7 Octobre<\/p>\n<p><strong><img loading=\"lazy\" decoding=\"async\" class=\"aligncenter\" src=\"http:\/\/i38.servimg.com\/u\/f38\/10\/08\/44\/07\/affich10.jpg\" alt=\"Dunes et Marais 2012\" width=\"346\" height=\"503\" border=\"0\" \/><\/strong><\/p>\n<h3 style=\"text-align: center;\">56\u00e8me Rallye des C\u00eemes<\/h3>\n<h3 style=\"text-align: center;\">7, 8 et 9 septembre<\/h3>\n<p style=\"text-align: center;\"><strong><img loading=\"lazy\" decoding=\"async\" class=\"aligncenter\" title=\"Rallye des C\u00eemes\" src=\"http:\/\/www.ecuriedescimes.com\/2012\/iso_album\/affiche_2012_400x0.jpg\" alt=\"Rallye des C\u00eemes\" width=\"400\" height=\"285\" \/><\/strong><\/p>\n<h3 style=\"text-align: center;\">12\u00e8me Rallye d&rsquo;Orthez, NOTRE RALLYE !<\/h3>\n<h3 style=\"text-align: center;\">3, 4 et 5 ao\u00fbt<\/h3>\n<p style=\"text-align: center;\"><a target=\"_blank\"><strong><img loading=\"lazy\" decoding=\"async\" class=\"aligncenter\" title=\"Rallye d'Orthez\" src=\"http:\/\/www.ecurieorthezbearn.fr\/rallye\/wp-content\/uploads\/2012\/06\/RallyeOrthez2012.jpg\" alt=\"Rallye d'Orthez\" width=\"350\" height=\"450\" \/><\/strong><\/a><strong> <\/strong><\/p>\n<h3 style=\"text-align: center;\">24\u00e8me Rallye TT Gers-Armagnac<\/h3>\n<h3 style=\"text-align: center;\">29, 30 juin et 1er juillet<\/h3>\n<p style=\"text-align: center;\"><a target=\"_blank\"><strong><img loading=\"lazy\" decoding=\"async\" class=\"aligncenter\" title=\"Rallye Gers Armagnac\" src=\"http:\/\/www.echappements-elusates.com\/gersarmagnac\/images\/affiche_rallye_2012m.jpg\" alt=\"Rallye du Gers Armagnac\" width=\"350\" height=\"450\" \/><\/strong><\/a><\/p>\n<p style=\"text-align: center;\"><strong>Le rallye du Cantal, initialement pr\u00e9vu les 16 et 17 juin, a \u00e9t\u00e9 annul\u00e9 par les organisateurs pour cause de crainte d&rsquo;un nombre insuffisant de concurrents compte tenu du calendrier des rallyes. Nous leur souhaitons un retour en 2013 !<\/strong><\/p>\n<p style=\"text-align: center;\"><strong>Rallye Jean De La Fontaine 26 et 27 mai<\/strong><\/p>\n<p style=\"text-align: center;\"><a href=\"http:\/\/jdlf.dieselec-api.com\/\" target=\"_blank\"><strong><img loading=\"lazy\" decoding=\"async\" class=\"aligncenter\" title=\"Rallye Jean de La Fontaine\" src=\"http:\/\/jdlf.dieselec-api.com\/image_1163.jpg\" alt=\"Rallye Jean de La Fontaine\" width=\"350\" height=\"450\" \/><\/strong><\/a><\/p>\n<p style=\"text-align: center;\"><strong>Terres du Gatinais 06 au 08 avril 2012<\/strong><\/p>\n<p style=\"text-align: center;\"><a href=\"http:\/\/www.rallyegatinais.fr\" target=\"_blank\"><strong><img loading=\"lazy\" decoding=\"async\" class=\"aligncenter\" title=\"36\u00b0 rallye du Gatinais\" src=\"http:\/\/www.rallyegatinais.fr\/images\/affiche%20edition%202012.jpg\" alt=\"Terres du Gatinais 2012\" width=\"350\" height=\"450\" \/><\/strong><\/a><\/p>\n<p style=\"text-align: center;\"><strong>Ronde du Labourd 28 et 29 avril 2012<\/strong><\/p>\n<p style=\"text-align: center;\"><strong><a href=\"http:\/\/www.rallyedulabourd.fr\/\" target=\"_blank\"><img loading=\"lazy\" decoding=\"async\" class=\"aligncenter\" title=\"36\u00b0 rallye du Labourd\" src=\"http:\/\/www.rallyedulabourd.fr\/uploaded\/image\/affiche-labourd-2012-ret-5.jpg\" alt=\"36\u00b0 rallye du Labourd\" width=\"350\" height=\"350\" \/><\/a><br \/><\/strong><\/p>\n<p style=\"text-align: center;\"><strong>Rallye des Collines d&rsquo;Arzacq et du Soubestre 02 au 04 mars 2012<\/strong><\/p>\n<p style=\"text-align: center;\"><strong><a href=\"http:\/\/www.everyoneweb.fr\/ecuriedescollines\/\" target=\"_blank\"><img loading=\"lazy\" decoding=\"async\" class=\"aligncenter\" title=\"30\u00b0  rallye d'Arzacq et des collines du Soubestre\" src=\"http:\/\/www.everyoneweb.fr\/WA\/DataFilesecuriedescollines\/projetaffiche2012A4.jpg\" alt=\"30\u00b0  rallye d'Arzacq et des collines du Soubestre\" width=\"320\" height=\"450\" \/><\/a><br \/><\/strong><\/p>\n","protected":false},"excerpt":{"rendered":"<p>Rallyes amis 2012 (Rallyes 2011, ICI ) Calendrier 2012\u00a0 (Sous r\u00e9serve d&rsquo;erreurs ou de modifications ult\u00e9rieures)03 &amp; 04-03\/2012 &#8211; Rallye des Collines d&rsquo;Arzacq et du Soubestre07 &amp; 08-04\/2012 &#8211; Ronde du Labourd28 &amp; 29-04\/2012 &#8211; Terre du G\u00e2tinais26 &amp; 27-05\/2012 &#8211; Rallye Jean de la Fontaine16 &amp; 17-06\/2012- Rallye du Cantal en Chataigneraie [ANNULE]30\/06 -&gt; &hellip; <a href=\"https:\/\/www.ecurieorthezbearn.fr\/rallye\/rallyes-amis-2012\/\" class=\"more-link\">Continuer la lecture de <span class=\"screen-reader-text\">Rallyes amis 2012<\/span>  <span class=\"meta-nav\">&rarr;<\/span><\/a><\/p>\n","protected":false},"author":6,"featured_media":0,"comment_status":"closed","ping_status":"closed","sticky":false,"template":"","format":"standard","meta":{"footnotes":""},"categories":[120],"tags":[167],"_links":{"self":[{"href":"https:\/\/www.ecurieorthezbearn.fr\/rallye\/wp-json\/wp\/v2\/posts\/4111"}],"collection":[{"href":"https:\/\/www.ecurieorthezbearn.fr\/rallye\/wp-json\/wp\/v2\/posts"}],"about":[{"href":"https:\/\/www.ecurieorthezbearn.fr\/rallye\/wp-json\/wp\/v2\/types\/post"}],"author":[{"embeddable":true,"href":"https:\/\/www.ecurieorthezbearn.fr\/rallye\/wp-json\/wp\/v2\/users\/6"}],"replies":[{"embeddable":true,"href":"https:\/\/www.ecurieorthezbearn.fr\/rallye\/wp-json\/wp\/v2\/comments?post=4111"}],"version-history":[{"count":27,"href":"https:\/\/www.ecurieorthezbearn.fr\/rallye\/wp-json\/wp\/v2\/posts\/4111\/revisions"}],"predecessor-version":[{"id":4114,"href":"https:\/\/www.ecurieorthezbearn.fr\/rallye\/wp-json\/wp\/v2\/posts\/4111\/revisions\/4114"}],"wp:attachment":[{"href":"https:\/\/www.ecurieorthezbearn.fr\/rallye\/wp-json\/wp\/v2\/media?parent=4111"}],"wp:term":[{"taxonomy":"category","embeddable":true,"href":"https:\/\/www.ecurieorthezbearn.fr\/rallye\/wp-json\/wp\/v2\/categories?post=4111"},{"taxonomy":"post_tag","embeddable":true,"href":"https:\/\/www.ecurieorthezbearn.fr\/rallye\/wp-json\/wp\/v2\/tags?post=4111"}],"curies":[{"name":"wp","href":"https:\/\/api.w.org\/{rel}","templated":true}]}}