{"id":4488,"date":"2012-08-01T10:40:35","date_gmt":"2012-08-01T08:40:35","guid":{"rendered":"http:\/\/www.ecurieorthezbearn.fr\/rallye\/?p=4488"},"modified":"2013-07-05T22:47:24","modified_gmt":"2013-07-05T20:47:24","slug":"engages2012","status":"publish","type":"post","link":"https:\/\/www.ecurieorthezbearn.fr\/rallye\/engages2012\/","title":{"rendered":"Engag\u00e9s"},"content":{"rendered":"<p style=\"text-align: center;\">Liste des Engag\u00e9s au 01 ao\u00fbt 10h45<\/p>\n<p style=\"text-align: center;\">Ils seront 93 !<\/p>\n<p style=\"text-align: center;\">Cette liste est officielle, vous trouverez aussi vos heures de convocation aux v\u00e9rifications techniques<\/p>\n<p><span style=\"color: #ff0000;\">\u00a0<\/span><\/p>\n<p style=\"text-align: center;\"><a href=\"http:\/\/www.ecurieorthezbearn.fr\/rallye\/wp-content\/uploads\/2012\/08\/LISTE-DES-ENGAGES-PAR-NUMEROS-rectificatif-2.xls\" target=\"_blank\">LISTE DES ENGAGES PAR NUMEROS, avec heures de convocation (rectificatif 2)(Excell)<\/a><\/p>\n<p style=\"text-align: center;\"><a href=\"http:\/\/www.ecurieorthezbearn.fr\/rallye\/wp-content\/uploads\/2012\/08\/LISTE-DES-ENGAGES-PAR-NUMEROS-rectificatif-2.pdf\" target=\"_blank\">LISTE DES ENGAGES PAR NUMEROS, avec heures de convocation (rectificatif 2) (PDF)<\/a><\/p>\n","protected":false},"excerpt":{"rendered":"<p>Liste des Engag\u00e9s au 01 ao\u00fbt 10h45 Ils seront 93 ! Cette liste est officielle, vous trouverez aussi vos heures de convocation aux v\u00e9rifications techniques \u00a0 LISTE DES ENGAGES PAR NUMEROS, avec heures de convocation (rectificatif 2)(Excell) LISTE DES ENGAGES PAR NUMEROS, avec heures de convocation (rectificatif 2) (PDF)<\/p>\n","protected":false},"author":6,"featured_media":0,"comment_status":"closed","ping_status":"closed","sticky":false,"template":"","format":"standard","meta":{"footnotes":""},"categories":[160,164],"tags":[167,55,28],"_links":{"self":[{"href":"https:\/\/www.ecurieorthezbearn.fr\/rallye\/wp-json\/wp\/v2\/posts\/4488"}],"collection":[{"href":"https:\/\/www.ecurieorthezbearn.fr\/rallye\/wp-json\/wp\/v2\/posts"}],"about":[{"href":"https:\/\/www.ecurieorthezbearn.fr\/rallye\/wp-json\/wp\/v2\/types\/post"}],"author":[{"embeddable":true,"href":"https:\/\/www.ecurieorthezbearn.fr\/rallye\/wp-json\/wp\/v2\/users\/6"}],"replies":[{"embeddable":true,"href":"https:\/\/www.ecurieorthezbearn.fr\/rallye\/wp-json\/wp\/v2\/comments?post=4488"}],"version-history":[{"count":39,"href":"https:\/\/www.ecurieorthezbearn.fr\/rallye\/wp-json\/wp\/v2\/posts\/4488\/revisions"}],"predecessor-version":[{"id":5660,"href":"https:\/\/www.ecurieorthezbearn.fr\/rallye\/wp-json\/wp\/v2\/posts\/4488\/revisions\/5660"}],"wp:attachment":[{"href":"https:\/\/www.ecurieorthezbearn.fr\/rallye\/wp-json\/wp\/v2\/media?parent=4488"}],"wp:term":[{"taxonomy":"category","embeddable":true,"href":"https:\/\/www.ecurieorthezbearn.fr\/rallye\/wp-json\/wp\/v2\/categories?post=4488"},{"taxonomy":"post_tag","embeddable":true,"href":"https:\/\/www.ecurieorthezbearn.fr\/rallye\/wp-json\/wp\/v2\/tags?post=4488"}],"curies":[{"name":"wp","href":"https:\/\/api.w.org\/{rel}","templated":true}]}}