{"id":4847,"date":"2012-08-16T22:33:41","date_gmt":"2012-08-16T20:33:41","guid":{"rendered":"http:\/\/www.ecurieorthezbearn.fr\/rallye\/?p=4847"},"modified":"2012-08-24T07:22:04","modified_gmt":"2012-08-24T05:22:04","slug":"resume-equipage-benoit-et-vincent","status":"publish","type":"post","link":"https:\/\/www.ecurieorthezbearn.fr\/rallye\/resume-equipage-benoit-et-vincent\/","title":{"rendered":"R\u00e9sum\u00e9 \u00e9quipage Benoit et Vincent"},"content":{"rendered":"<p style=\"text-align: center;\"><img loading=\"lazy\" decoding=\"async\" class=\"aligncenter  wp-image-4848\" title=\"aout 2012\" src=\"http:\/\/www.ecurieorthezbearn.fr\/rallye\/wp-content\/uploads\/2012\/08\/aout-2012.jpg\" alt=\"\" width=\"500\" height=\"340\" \/><\/p>\n<p>\u00ab\u00a0Apr\u00e8s quelques bonnes journ\u00e9es de m\u00e9canique, le Mitsu nous semble pr\u00eat sauf que la s\u00e9ance d&rsquo;essai (200m) nous prouve que le pont avant ne fonctionne toujours pas (c&rsquo;\u00e9tait le dimanche avant la course) ; d\u00e9montage et expertise nous font d\u00e9couvrir le probl\u00e8me. La pi\u00e8ce est command\u00e9e elle sera l\u00e0 mercredi ! qu&rsquo;a cela ne tienne, la pi\u00e8ce est bien l\u00e0 en temps et en heure, remontage, essais,et finition. Nous sommes pr\u00eats \u00e0 partir le jeudi soir. Arriv\u00e9e au camping, l&rsquo; installation se fait sans probl\u00e8mes, maintenant on pense \u00e0 la course.<br \/> Nos fid\u00e8les amis nous rejoindrons au camping (Chaux,Barr\u00e8s,Taillantou) et c&rsquo;est dans la bonne humeur que nous f\u00eatons tous notre passage aux v\u00e9rif.<br \/> Samedi d\u00e9but des hostilit\u00e9s, Bonnut est finalement plus compliqu\u00e9e que pr\u00e9vu, un peu de poussi\u00e8re mais surtout elle secoue! Bilan 5\u00e8me place du troph\u00e9e. La suite de notre course consiste essentiellement \u00e0 tenter de r\u00e9gler les amortisseurs, les chronos ne sont pas supers ,de plus on redoute les ES de l&rsquo;apr\u00e8s midi qui sont vraiment impitoyables pour les machines et les organismes. A la fin de cette journ\u00e9e nous savourons notre performance d&rsquo;\u00eatre arriv\u00e9s jusque l\u00e0, une 7\u00e8me place du troph\u00e9e \u00e0 la cl\u00e9, pas tr\u00e8s brillant mais nous sommes \u00e0 notre place.<\/p>\n<p>Sur ce j&rsquo;annonce fi\u00e8rement mais ironiquement \u00e0 ceux qui nous pr\u00e9c\u00e8dent que \u00ab\u00a0demain c&rsquo;est pour nous ,\u00e7a va \u00eatre la boucherie\u00a0\u00bb.<br \/> Dimanche matin r\u00e9veil difficile, camion d&rsquo;assistance en panne, qu&rsquo;importe, les copains chargent nos pi\u00e8ces dans leurs camion et c&rsquo;est parti. Benoit est bien r\u00e9veill\u00e9 et au RDV fix\u00e9 la veille, 2\u00e8me temps dans la 1\u00e8re ES, suivi de 2 scratchs qui nous propulsent (gr\u00e2ce aussi \u00e0 la sortie de Xavier et aux probl\u00e8mes de Bastouih) \u00e0 la 3\u00e8me place du troph\u00e9e, la confiance est l\u00e0, l&rsquo;auto fonctionne, tout va bien jusqu&rsquo;\u00e0 la pluie! avec 16 secondes d&rsquo;avance sur Marion avant Lanneplaa 2 ,nous pensons tenir d\u00e9finitivement cette place au vu des chronos du 1\u00e8r passage! Grosse erreur de notre part puisque nous am\u00e9liorons de 4s quand les autres en prennent 20! Stupeur, Benoit me demande ou on a bien pu perdre tout ce temps&#8230;&#8230;.Bilan Marion nous reprend 15s, on est plus qu&rsquo;a 0.7s de sortir du podium.Apr\u00e8s la longue attente pour partir sur l&rsquo;ultime ES du rallye, une pluie \u00e9paisse s\u2019abat sur la piste et c&rsquo;est au moment de pointer au CH que la nouvelle tombe : ES annul\u00e9e!\u00a0 Un grand ouf de soulagement nous envahit, m\u00eame si sportivement c&rsquo;est pas le but! David me confirmera que le m\u00eame sentiment l&rsquo;a envahi.<\/p>\n<p>C&rsquo;\u00e9tait un tr\u00e8s beau rallye, monter sur le podium avec nos amis est une grande satisfaction, d&rsquo;autant plus \u00e0 Orthez ou nous officions (plus ou moins)<br \/> Merci \u00e0 tous\u00a0\u00bb Vincent Larr\u00e9<\/p>\n<p>Merci \u00e0 Vincent Larr\u00e9 de ce r\u00e9sum\u00e9.<\/p>\n<p>Les autres \u00e9quipages du club n&rsquo;ont pas d\u00e9m\u00e9rit\u00e9 puisqu&rsquo;ils sont tous \u00e0 l&rsquo;arriv\u00e9e avec le sourire et le sentiment d&rsquo;avoir pass\u00e9 un bon week-end.<\/p>\n<figure id=\"attachment_4853\" aria-describedby=\"caption-attachment-4853\" style=\"width: 500px\" class=\"wp-caption aligncenter\"><img loading=\"lazy\" decoding=\"async\" class=\" wp-image-4853   \" title=\"toulou\" src=\"http:\/\/www.ecurieorthezbearn.fr\/rallye\/wp-content\/uploads\/2012\/08\/dsc_33101.jpg\" alt=\"\" width=\"500\" height=\"340\" \/><figcaption id=\"caption-attachment-4853\" class=\"wp-caption-text\">Equipage Toulou vainqueur en 4&#215;4.<\/figcaption><\/figure>\n<p>&nbsp;<\/p>\n<p><figure id=\"attachment_4854\" aria-describedby=\"caption-attachment-4854\" style=\"width: 500px\" class=\"wp-caption aligncenter\"><img loading=\"lazy\" decoding=\"async\" class=\" wp-image-4854   \" title=\"larroquet\" src=\"http:\/\/www.ecurieorthezbearn.fr\/rallye\/wp-content\/uploads\/2012\/08\/dsc_44101.jpg\" alt=\"\" width=\"500\" height=\"340\" \/><figcaption id=\"caption-attachment-4854\" class=\"wp-caption-text\">Equipage Larroquet Cassagne second en 2 roues<\/figcaption><\/figure><br \/>\n<figure id=\"attachment_4855\" aria-describedby=\"caption-attachment-4855\" style=\"width: 500px\" class=\"wp-caption aligncenter\"><img loading=\"lazy\" decoding=\"async\" class=\" wp-image-4855   \" title=\"henriques\" src=\"http:\/\/www.ecurieorthezbearn.fr\/rallye\/wp-content\/uploads\/2012\/08\/dscn2410.jpg\" alt=\"\" width=\"500\" height=\"340\" \/><figcaption id=\"caption-attachment-4855\" class=\"wp-caption-text\">Equipage Henriques p\u00e8re et fils<\/figcaption><\/figure><br \/>\n<figure id=\"attachment_4856\" aria-describedby=\"caption-attachment-4856\" style=\"width: 500px\" class=\"wp-caption aligncenter\"><img loading=\"lazy\" decoding=\"async\" class=\" wp-image-4856   \" title=\"tic et tac\" src=\"http:\/\/www.ecurieorthezbearn.fr\/rallye\/wp-content\/uploads\/2012\/08\/08101.jpg\" alt=\"\" width=\"500\" height=\"340\" \/><figcaption id=\"caption-attachment-4856\" class=\"wp-caption-text\">L&rsquo;\u00e9quipage le plus truculent du plateau les dupont et dupont<\/figcaption><\/figure><\/p>\n<p>&nbsp;<\/p>\n<p>&nbsp;<\/p>\n<figure id=\"attachment_4857\" aria-describedby=\"caption-attachment-4857\" style=\"width: 500px\" class=\"wp-caption aligncenter\"><img loading=\"lazy\" decoding=\"async\" class=\" wp-image-4857   \" title=\"hommage\" src=\"http:\/\/www.ecurieorthezbearn.fr\/rallye\/wp-content\/uploads\/2012\/08\/dsc_5012.jpg\" alt=\"\" width=\"500\" height=\"340\" \/><figcaption id=\"caption-attachment-4857\" class=\"wp-caption-text\">Ils ont r\u00e9ussi \u00e0 rendre un bel hommage \u00e0 notre ami<\/figcaption><\/figure>\n<p>&nbsp;<\/p>\n<p>&nbsp;<\/p>\n","protected":false},"excerpt":{"rendered":"<p>\u00ab\u00a0Apr\u00e8s quelques bonnes journ\u00e9es de m\u00e9canique, le Mitsu nous semble pr\u00eat sauf que la s\u00e9ance d&rsquo;essai (200m) nous prouve que le pont avant ne fonctionne toujours pas (c&rsquo;\u00e9tait le dimanche avant la course) ; d\u00e9montage et expertise nous font d\u00e9couvrir le probl\u00e8me. La pi\u00e8ce est command\u00e9e elle sera l\u00e0 mercredi ! qu&rsquo;a cela ne tienne, &hellip; <a href=\"https:\/\/www.ecurieorthezbearn.fr\/rallye\/resume-equipage-benoit-et-vincent\/\" class=\"more-link\">Continuer la lecture de <span class=\"screen-reader-text\">R\u00e9sum\u00e9 \u00e9quipage Benoit et Vincent<\/span>  <span class=\"meta-nav\">&rarr;<\/span><\/a><\/p>\n","protected":false},"author":6,"featured_media":0,"comment_status":"closed","ping_status":"closed","sticky":false,"template":"","format":"standard","meta":{"footnotes":""},"categories":[159,160],"tags":[167,30,27,44,7,28,136,29,104],"_links":{"self":[{"href":"https:\/\/www.ecurieorthezbearn.fr\/rallye\/wp-json\/wp\/v2\/posts\/4847"}],"collection":[{"href":"https:\/\/www.ecurieorthezbearn.fr\/rallye\/wp-json\/wp\/v2\/posts"}],"about":[{"href":"https:\/\/www.ecurieorthezbearn.fr\/rallye\/wp-json\/wp\/v2\/types\/post"}],"author":[{"embeddable":true,"href":"https:\/\/www.ecurieorthezbearn.fr\/rallye\/wp-json\/wp\/v2\/users\/6"}],"replies":[{"embeddable":true,"href":"https:\/\/www.ecurieorthezbearn.fr\/rallye\/wp-json\/wp\/v2\/comments?post=4847"}],"version-history":[{"count":7,"href":"https:\/\/www.ecurieorthezbearn.fr\/rallye\/wp-json\/wp\/v2\/posts\/4847\/revisions"}],"predecessor-version":[{"id":4860,"href":"https:\/\/www.ecurieorthezbearn.fr\/rallye\/wp-json\/wp\/v2\/posts\/4847\/revisions\/4860"}],"wp:attachment":[{"href":"https:\/\/www.ecurieorthezbearn.fr\/rallye\/wp-json\/wp\/v2\/media?parent=4847"}],"wp:term":[{"taxonomy":"category","embeddable":true,"href":"https:\/\/www.ecurieorthezbearn.fr\/rallye\/wp-json\/wp\/v2\/categories?post=4847"},{"taxonomy":"post_tag","embeddable":true,"href":"https:\/\/www.ecurieorthezbearn.fr\/rallye\/wp-json\/wp\/v2\/tags?post=4847"}],"curies":[{"name":"wp","href":"https:\/\/api.w.org\/{rel}","templated":true}]}}