{"id":6866,"date":"2014-05-19T15:00:36","date_gmt":"2014-05-19T13:00:36","guid":{"rendered":"http:\/\/www.ecurieorthezbearn.fr\/rallye\/?p=6866"},"modified":"2014-05-19T15:00:39","modified_gmt":"2014-05-19T13:00:39","slug":"gp-de-pau-historique-2014","status":"publish","type":"post","link":"https:\/\/www.ecurieorthezbearn.fr\/rallye\/gp-de-pau-historique-2014\/","title":{"rendered":"GP de pau HISTORIQUE 2014"},"content":{"rendered":"<p>Le grand prix historique a r\u00e9uni ce week end beaucoup de v\u00e9hicules, \u00a0qui pour certains d&rsquo;entre nous trop jeunes, \u00a0ont fait les beaux jours de l&rsquo;histoire des courses automobiles. Les plus anciennes d&rsquo;avant geurre ont d\u00e9montr\u00e9es quelles avaient de beaux restes. Biensur les vitesses atteintes ne sont plus les memes qu&rsquo;aujourd&rsquo;hui, mais nous pouvons mesurer le courage des pilotes de l&rsquo;\u00e9poque.<\/p>\n<p>Les formules Ford, grand classique des ann\u00e9es 1964 \u00e0 1982,\u00a0 ont fait\u00a0naitre des g\u00e9n\u00e9rations de grand pilotes de F1 Fran\u00e7ais et \u00e9trangers des ann\u00e9es 70,\u00a080 et 90.<\/p>\n<p>Les GP D&rsquo;endurance tr\u00e8s\u00a0nombreuses pas leurs diversit\u00e9s ont r\u00e9unis \u00e9norm\u00e9ment de public, nostalgiques de ces voitures d&rsquo;exceptions. Pas d&rsquo;\u00e9lectronique, pas d&rsquo;ordinateurs dans les stands, juste quelques tournevis et clefs plates suffisent au fils des warms up du samedi \u00e0 parfaire tout les r\u00e9glages. Un vrai\u00a0 plaisir pour les amateurs de m\u00e9canique.<\/p>\n<p>On n&rsquo;oubliera pas des mod\u00e8les sortie des \u00a0\u00bb placards \u00a0\u00bb extravagants parfois, mais au combien attachants et qui fonctionnent parfaitement.<\/p>\n<p>Les commissaires Ortheziens se sont joint tout le week end \u00e0 cette belle fetes des anciennes et toujours dans une excellente ambiance.<\/p>\n<p><a href=\"http:\/\/www.ecurieorthezbearn.fr\/rallye\/gp-de-pau-historique-2014\/20140517_075613\/\" rel=\"attachment wp-att-6868\"><img loading=\"lazy\" decoding=\"async\" class=\"aligncenter size-medium wp-image-6868\" src=\"http:\/\/www.ecurieorthezbearn.fr\/rallye\/wp-content\/uploads\/2014\/05\/20140517_075613-500x300.jpg\" alt=\"20140517_075613\" width=\"500\" height=\"300\" srcset=\"https:\/\/www.ecurieorthezbearn.fr\/rallye\/wp-content\/uploads\/2014\/05\/20140517_075613-500x300.jpg 500w, https:\/\/www.ecurieorthezbearn.fr\/rallye\/wp-content\/uploads\/2014\/05\/20140517_075613.jpg 2048w\" sizes=\"(max-width: 500px) 100vw, 500px\" \/><\/a><\/p>\n<p><a href=\"http:\/\/www.ecurieorthezbearn.fr\/rallye\/gp-de-pau-historique-2014\/20140517_075629\/\" rel=\"attachment wp-att-6869\"><img loading=\"lazy\" decoding=\"async\" class=\"aligncenter size-medium wp-image-6869\" src=\"http:\/\/www.ecurieorthezbearn.fr\/rallye\/wp-content\/uploads\/2014\/05\/20140517_075629-500x300.jpg\" alt=\"20140517_075629\" width=\"500\" height=\"300\" srcset=\"https:\/\/www.ecurieorthezbearn.fr\/rallye\/wp-content\/uploads\/2014\/05\/20140517_075629-500x300.jpg 500w, https:\/\/www.ecurieorthezbearn.fr\/rallye\/wp-content\/uploads\/2014\/05\/20140517_075629.jpg 2048w\" sizes=\"(max-width: 500px) 100vw, 500px\" \/><\/a><\/p>\n<p><a href=\"http:\/\/www.ecurieorthezbearn.fr\/rallye\/gp-de-pau-historique-2014\/20140517_075642\/\" rel=\"attachment wp-att-6870\"><img loading=\"lazy\" decoding=\"async\" class=\"aligncenter size-medium wp-image-6870\" src=\"http:\/\/www.ecurieorthezbearn.fr\/rallye\/wp-content\/uploads\/2014\/05\/20140517_075642-500x300.jpg\" alt=\"20140517_075642\" width=\"500\" height=\"300\" srcset=\"https:\/\/www.ecurieorthezbearn.fr\/rallye\/wp-content\/uploads\/2014\/05\/20140517_075642-500x300.jpg 500w, https:\/\/www.ecurieorthezbearn.fr\/rallye\/wp-content\/uploads\/2014\/05\/20140517_075642.jpg 2048w\" sizes=\"(max-width: 500px) 100vw, 500px\" \/><\/a><\/p>\n<p><a href=\"http:\/\/www.ecurieorthezbearn.fr\/rallye\/gp-de-pau-historique-2014\/20140517_080218\/\" rel=\"attachment wp-att-6871\"><img loading=\"lazy\" decoding=\"async\" class=\"aligncenter size-medium wp-image-6871\" src=\"http:\/\/www.ecurieorthezbearn.fr\/rallye\/wp-content\/uploads\/2014\/05\/20140517_080218-500x300.jpg\" alt=\"20140517_080218\" width=\"500\" height=\"300\" srcset=\"https:\/\/www.ecurieorthezbearn.fr\/rallye\/wp-content\/uploads\/2014\/05\/20140517_080218-500x300.jpg 500w, https:\/\/www.ecurieorthezbearn.fr\/rallye\/wp-content\/uploads\/2014\/05\/20140517_080218.jpg 2048w\" sizes=\"(max-width: 500px) 100vw, 500px\" \/><\/a><\/p>\n<p><a href=\"http:\/\/www.ecurieorthezbearn.fr\/rallye\/gp-de-pau-historique-2014\/20140517_083325\/\" rel=\"attachment wp-att-6872\"><img loading=\"lazy\" decoding=\"async\" class=\"aligncenter size-medium wp-image-6872\" src=\"http:\/\/www.ecurieorthezbearn.fr\/rallye\/wp-content\/uploads\/2014\/05\/20140517_083325-500x300.jpg\" alt=\"20140517_083325\" width=\"500\" height=\"300\" srcset=\"https:\/\/www.ecurieorthezbearn.fr\/rallye\/wp-content\/uploads\/2014\/05\/20140517_083325-500x300.jpg 500w, https:\/\/www.ecurieorthezbearn.fr\/rallye\/wp-content\/uploads\/2014\/05\/20140517_083325.jpg 2048w\" sizes=\"(max-width: 500px) 100vw, 500px\" \/><\/a><\/p>\n<p><a href=\"http:\/\/www.ecurieorthezbearn.fr\/rallye\/gp-de-pau-historique-2014\/20140517_080239\/\" rel=\"attachment wp-att-6873\"><img loading=\"lazy\" decoding=\"async\" class=\"aligncenter size-medium wp-image-6873\" src=\"http:\/\/www.ecurieorthezbearn.fr\/rallye\/wp-content\/uploads\/2014\/05\/20140517_080239-500x300.jpg\" alt=\"20140517_080239\" width=\"500\" height=\"300\" srcset=\"https:\/\/www.ecurieorthezbearn.fr\/rallye\/wp-content\/uploads\/2014\/05\/20140517_080239-500x300.jpg 500w, https:\/\/www.ecurieorthezbearn.fr\/rallye\/wp-content\/uploads\/2014\/05\/20140517_080239.jpg 2048w\" sizes=\"(max-width: 500px) 100vw, 500px\" \/><\/a><\/p>\n<p><a href=\"http:\/\/www.ecurieorthezbearn.fr\/rallye\/gp-de-pau-historique-2014\/20140517_084818\/\" rel=\"attachment wp-att-6874\"><img loading=\"lazy\" decoding=\"async\" class=\"aligncenter size-medium wp-image-6874\" src=\"http:\/\/www.ecurieorthezbearn.fr\/rallye\/wp-content\/uploads\/2014\/05\/20140517_084818-500x300.jpg\" alt=\"20140517_084818\" width=\"500\" height=\"300\" srcset=\"https:\/\/www.ecurieorthezbearn.fr\/rallye\/wp-content\/uploads\/2014\/05\/20140517_084818-500x300.jpg 500w, https:\/\/www.ecurieorthezbearn.fr\/rallye\/wp-content\/uploads\/2014\/05\/20140517_084818.jpg 2048w\" sizes=\"(max-width: 500px) 100vw, 500px\" \/><\/a><\/p>\n<p><a href=\"http:\/\/www.ecurieorthezbearn.fr\/rallye\/gp-de-pau-historique-2014\/20140517_090120\/\" rel=\"attachment wp-att-6875\"><img loading=\"lazy\" decoding=\"async\" class=\"aligncenter size-medium wp-image-6875\" src=\"http:\/\/www.ecurieorthezbearn.fr\/rallye\/wp-content\/uploads\/2014\/05\/20140517_090120-500x300.jpg\" alt=\"20140517_090120\" width=\"500\" height=\"300\" srcset=\"https:\/\/www.ecurieorthezbearn.fr\/rallye\/wp-content\/uploads\/2014\/05\/20140517_090120-500x300.jpg 500w, https:\/\/www.ecurieorthezbearn.fr\/rallye\/wp-content\/uploads\/2014\/05\/20140517_090120.jpg 2048w\" sizes=\"(max-width: 500px) 100vw, 500px\" \/><\/a><\/p>\n<p><a href=\"http:\/\/www.ecurieorthezbearn.fr\/rallye\/gp-de-pau-historique-2014\/20140517_093146\/\" rel=\"attachment wp-att-6876\"><img loading=\"lazy\" decoding=\"async\" class=\"aligncenter size-medium wp-image-6876\" src=\"http:\/\/www.ecurieorthezbearn.fr\/rallye\/wp-content\/uploads\/2014\/05\/20140517_093146-500x300.jpg\" alt=\"20140517_093146\" width=\"500\" height=\"300\" srcset=\"https:\/\/www.ecurieorthezbearn.fr\/rallye\/wp-content\/uploads\/2014\/05\/20140517_093146-500x300.jpg 500w, https:\/\/www.ecurieorthezbearn.fr\/rallye\/wp-content\/uploads\/2014\/05\/20140517_093146.jpg 2048w\" sizes=\"(max-width: 500px) 100vw, 500px\" \/><\/a><\/p>\n<p><a href=\"http:\/\/www.ecurieorthezbearn.fr\/rallye\/gp-de-pau-historique-2014\/20140517_093312\/\" rel=\"attachment wp-att-6877\"><img loading=\"lazy\" decoding=\"async\" class=\"aligncenter size-medium wp-image-6877\" src=\"http:\/\/www.ecurieorthezbearn.fr\/rallye\/wp-content\/uploads\/2014\/05\/20140517_093312-500x300.jpg\" alt=\"20140517_093312\" width=\"500\" height=\"300\" srcset=\"https:\/\/www.ecurieorthezbearn.fr\/rallye\/wp-content\/uploads\/2014\/05\/20140517_093312-500x300.jpg 500w, https:\/\/www.ecurieorthezbearn.fr\/rallye\/wp-content\/uploads\/2014\/05\/20140517_093312.jpg 2048w\" sizes=\"(max-width: 500px) 100vw, 500px\" \/><\/a><\/p>\n<p><a href=\"http:\/\/www.ecurieorthezbearn.fr\/rallye\/gp-de-pau-historique-2014\/20140517_093209\/\" rel=\"attachment wp-att-6878\"><img loading=\"lazy\" decoding=\"async\" class=\"aligncenter size-medium wp-image-6878\" src=\"http:\/\/www.ecurieorthezbearn.fr\/rallye\/wp-content\/uploads\/2014\/05\/20140517_093209-500x300.jpg\" alt=\"20140517_093209\" width=\"500\" height=\"300\" srcset=\"https:\/\/www.ecurieorthezbearn.fr\/rallye\/wp-content\/uploads\/2014\/05\/20140517_093209-500x300.jpg 500w, https:\/\/www.ecurieorthezbearn.fr\/rallye\/wp-content\/uploads\/2014\/05\/20140517_093209.jpg 2048w\" sizes=\"(max-width: 500px) 100vw, 500px\" \/><\/a><\/p>\n<p>&nbsp;<\/p>\n<p><a href=\"http:\/\/www.ecurieorthezbearn.fr\/rallye\/gp-de-pau-historique-2014\/20140517_094224\/\" rel=\"attachment wp-att-6879\"><img loading=\"lazy\" decoding=\"async\" class=\"aligncenter size-medium wp-image-6879\" src=\"http:\/\/www.ecurieorthezbearn.fr\/rallye\/wp-content\/uploads\/2014\/05\/20140517_094224-500x300.jpg\" alt=\"20140517_094224\" width=\"500\" height=\"300\" srcset=\"https:\/\/www.ecurieorthezbearn.fr\/rallye\/wp-content\/uploads\/2014\/05\/20140517_094224-500x300.jpg 500w, https:\/\/www.ecurieorthezbearn.fr\/rallye\/wp-content\/uploads\/2014\/05\/20140517_094224.jpg 2048w\" sizes=\"(max-width: 500px) 100vw, 500px\" \/><\/a><\/p>\n<p>&nbsp;<\/p>\n<p><a href=\"http:\/\/www.ecurieorthezbearn.fr\/rallye\/gp-de-pau-historique-2014\/20140517_094457\/\" rel=\"attachment wp-att-6880\"><img loading=\"lazy\" decoding=\"async\" class=\"aligncenter size-medium wp-image-6880\" src=\"http:\/\/www.ecurieorthezbearn.fr\/rallye\/wp-content\/uploads\/2014\/05\/20140517_094457-500x300.jpg\" alt=\"20140517_094457\" width=\"500\" height=\"300\" srcset=\"https:\/\/www.ecurieorthezbearn.fr\/rallye\/wp-content\/uploads\/2014\/05\/20140517_094457-500x300.jpg 500w, https:\/\/www.ecurieorthezbearn.fr\/rallye\/wp-content\/uploads\/2014\/05\/20140517_094457.jpg 2048w\" sizes=\"(max-width: 500px) 100vw, 500px\" \/><\/a><\/p>\n<p>&nbsp;<\/p>\n<figure id=\"attachment_6881\" aria-describedby=\"caption-attachment-6881\" style=\"width: 500px\" class=\"wp-caption aligncenter\"><a href=\"http:\/\/www.ecurieorthezbearn.fr\/rallye\/gp-de-pau-historique-2014\/20140517_094615\/\" rel=\"attachment wp-att-6881\"><img loading=\"lazy\" decoding=\"async\" class=\"size-medium wp-image-6881\" src=\"http:\/\/www.ecurieorthezbearn.fr\/rallye\/wp-content\/uploads\/2014\/05\/20140517_094615-500x300.jpg\" alt=\"une trabant ! bicylindre 2 temps de 652cc\" width=\"500\" height=\"300\" srcset=\"https:\/\/www.ecurieorthezbearn.fr\/rallye\/wp-content\/uploads\/2014\/05\/20140517_094615-500x300.jpg 500w, https:\/\/www.ecurieorthezbearn.fr\/rallye\/wp-content\/uploads\/2014\/05\/20140517_094615.jpg 2048w\" sizes=\"(max-width: 500px) 100vw, 500px\" \/><\/a><figcaption id=\"caption-attachment-6881\" class=\"wp-caption-text\">une trabant ! bicylindre 2 temps de 652cc<\/figcaption><\/figure>\n<p>&nbsp;<\/p>\n<p><a href=\"http:\/\/www.ecurieorthezbearn.fr\/rallye\/gp-de-pau-historique-2014\/20140517_095729\/\" rel=\"attachment wp-att-6882\"><img loading=\"lazy\" decoding=\"async\" class=\"aligncenter size-medium wp-image-6882\" src=\"http:\/\/www.ecurieorthezbearn.fr\/rallye\/wp-content\/uploads\/2014\/05\/20140517_095729-500x300.jpg\" alt=\"20140517_095729\" width=\"500\" height=\"300\" srcset=\"https:\/\/www.ecurieorthezbearn.fr\/rallye\/wp-content\/uploads\/2014\/05\/20140517_095729-500x300.jpg 500w, https:\/\/www.ecurieorthezbearn.fr\/rallye\/wp-content\/uploads\/2014\/05\/20140517_095729.jpg 2048w\" sizes=\"(max-width: 500px) 100vw, 500px\" \/><\/a><\/p>\n<figure id=\"attachment_6883\" aria-describedby=\"caption-attachment-6883\" style=\"width: 500px\" class=\"wp-caption aligncenter\"><a href=\"http:\/\/www.ecurieorthezbearn.fr\/rallye\/gp-de-pau-historique-2014\/20140517_101907\/\" rel=\"attachment wp-att-6883\"><img loading=\"lazy\" decoding=\"async\" class=\"size-medium wp-image-6883\" src=\"http:\/\/www.ecurieorthezbearn.fr\/rallye\/wp-content\/uploads\/2014\/05\/20140517_101907-500x300.jpg\" alt=\"une corvette sting gray\" width=\"500\" height=\"300\" srcset=\"https:\/\/www.ecurieorthezbearn.fr\/rallye\/wp-content\/uploads\/2014\/05\/20140517_101907-500x300.jpg 500w, https:\/\/www.ecurieorthezbearn.fr\/rallye\/wp-content\/uploads\/2014\/05\/20140517_101907.jpg 2048w\" sizes=\"(max-width: 500px) 100vw, 500px\" \/><\/a><figcaption id=\"caption-attachment-6883\" class=\"wp-caption-text\">une corvette sting gray<\/figcaption><\/figure>\n<p>&nbsp;<\/p>\n<p><a href=\"http:\/\/www.ecurieorthezbearn.fr\/rallye\/gp-de-pau-historique-2014\/20140517_101936\/\" rel=\"attachment wp-att-6884\"><img loading=\"lazy\" decoding=\"async\" class=\"aligncenter size-medium wp-image-6884\" src=\"http:\/\/www.ecurieorthezbearn.fr\/rallye\/wp-content\/uploads\/2014\/05\/20140517_101936-500x300.jpg\" alt=\"20140517_101936\" width=\"500\" height=\"300\" srcset=\"https:\/\/www.ecurieorthezbearn.fr\/rallye\/wp-content\/uploads\/2014\/05\/20140517_101936-500x300.jpg 500w, https:\/\/www.ecurieorthezbearn.fr\/rallye\/wp-content\/uploads\/2014\/05\/20140517_101936.jpg 2048w\" sizes=\"(max-width: 500px) 100vw, 500px\" \/><\/a><\/p>\n<p><a href=\"http:\/\/www.ecurieorthezbearn.fr\/rallye\/gp-de-pau-historique-2014\/20140517_103627\/\" rel=\"attachment wp-att-6885\"><img loading=\"lazy\" decoding=\"async\" class=\"aligncenter size-medium wp-image-6885\" src=\"http:\/\/www.ecurieorthezbearn.fr\/rallye\/wp-content\/uploads\/2014\/05\/20140517_103627-500x300.jpg\" alt=\"20140517_103627\" width=\"500\" height=\"300\" srcset=\"https:\/\/www.ecurieorthezbearn.fr\/rallye\/wp-content\/uploads\/2014\/05\/20140517_103627-500x300.jpg 500w, https:\/\/www.ecurieorthezbearn.fr\/rallye\/wp-content\/uploads\/2014\/05\/20140517_103627.jpg 2048w\" sizes=\"(max-width: 500px) 100vw, 500px\" \/><\/a><\/p>\n<p>&nbsp;<\/p>\n<p><a href=\"http:\/\/www.ecurieorthezbearn.fr\/rallye\/gp-de-pau-historique-2014\/20140517_121459\/\" rel=\"attachment wp-att-6886\"><img loading=\"lazy\" decoding=\"async\" class=\"aligncenter size-medium wp-image-6886\" src=\"http:\/\/www.ecurieorthezbearn.fr\/rallye\/wp-content\/uploads\/2014\/05\/20140517_121459-500x300.jpg\" alt=\"20140517_121459\" width=\"500\" height=\"300\" srcset=\"https:\/\/www.ecurieorthezbearn.fr\/rallye\/wp-content\/uploads\/2014\/05\/20140517_121459-500x300.jpg 500w, https:\/\/www.ecurieorthezbearn.fr\/rallye\/wp-content\/uploads\/2014\/05\/20140517_121459.jpg 2048w\" sizes=\"(max-width: 500px) 100vw, 500px\" \/><\/a><\/p>\n<p>&nbsp;<\/p>\n<p><a href=\"http:\/\/www.ecurieorthezbearn.fr\/rallye\/gp-de-pau-historique-2014\/20140517_121536\/\" rel=\"attachment wp-att-6887\"><img loading=\"lazy\" decoding=\"async\" class=\"aligncenter size-medium wp-image-6887\" src=\"http:\/\/www.ecurieorthezbearn.fr\/rallye\/wp-content\/uploads\/2014\/05\/20140517_121536-500x300.jpg\" alt=\"20140517_121536\" width=\"500\" height=\"300\" srcset=\"https:\/\/www.ecurieorthezbearn.fr\/rallye\/wp-content\/uploads\/2014\/05\/20140517_121536-500x300.jpg 500w, https:\/\/www.ecurieorthezbearn.fr\/rallye\/wp-content\/uploads\/2014\/05\/20140517_121536.jpg 2048w\" sizes=\"(max-width: 500px) 100vw, 500px\" \/><\/a><\/p>\n<p><a href=\"http:\/\/www.ecurieorthezbearn.fr\/rallye\/gp-de-pau-historique-2014\/20140517_121641\/\" rel=\"attachment wp-att-6888\"><img loading=\"lazy\" decoding=\"async\" class=\"aligncenter size-medium wp-image-6888\" src=\"http:\/\/www.ecurieorthezbearn.fr\/rallye\/wp-content\/uploads\/2014\/05\/20140517_121641-500x300.jpg\" alt=\"20140517_121641\" width=\"500\" height=\"300\" srcset=\"https:\/\/www.ecurieorthezbearn.fr\/rallye\/wp-content\/uploads\/2014\/05\/20140517_121641-500x300.jpg 500w, https:\/\/www.ecurieorthezbearn.fr\/rallye\/wp-content\/uploads\/2014\/05\/20140517_121641.jpg 2048w\" sizes=\"(max-width: 500px) 100vw, 500px\" \/><\/a><\/p>\n<p><a href=\"http:\/\/www.ecurieorthezbearn.fr\/rallye\/gp-de-pau-historique-2014\/20140517_121441\/\" rel=\"attachment wp-att-6889\"><img loading=\"lazy\" decoding=\"async\" class=\"aligncenter size-medium wp-image-6889\" src=\"http:\/\/www.ecurieorthezbearn.fr\/rallye\/wp-content\/uploads\/2014\/05\/20140517_121441-500x300.jpg\" alt=\"20140517_121441\" width=\"500\" height=\"300\" srcset=\"https:\/\/www.ecurieorthezbearn.fr\/rallye\/wp-content\/uploads\/2014\/05\/20140517_121441-500x300.jpg 500w, https:\/\/www.ecurieorthezbearn.fr\/rallye\/wp-content\/uploads\/2014\/05\/20140517_121441.jpg 2048w\" sizes=\"(max-width: 500px) 100vw, 500px\" \/><\/a><\/p>\n<p><a href=\"http:\/\/www.ecurieorthezbearn.fr\/rallye\/gp-de-pau-historique-2014\/20140517_083519\/\" rel=\"attachment wp-att-6890\"><img loading=\"lazy\" decoding=\"async\" class=\"aligncenter size-medium wp-image-6890\" src=\"http:\/\/www.ecurieorthezbearn.fr\/rallye\/wp-content\/uploads\/2014\/05\/20140517_083519-500x300.jpg\" alt=\"20140517_083519\" width=\"500\" height=\"300\" srcset=\"https:\/\/www.ecurieorthezbearn.fr\/rallye\/wp-content\/uploads\/2014\/05\/20140517_083519-500x300.jpg 500w, https:\/\/www.ecurieorthezbearn.fr\/rallye\/wp-content\/uploads\/2014\/05\/20140517_083519.jpg 2048w\" sizes=\"(max-width: 500px) 100vw, 500px\" \/><\/a><\/p>\n<p><a href=\"http:\/\/www.ecurieorthezbearn.fr\/rallye\/gp-de-pau-historique-2014\/20140517_142439\/\" rel=\"attachment wp-att-6891\"><img loading=\"lazy\" decoding=\"async\" class=\"aligncenter size-medium wp-image-6891\" src=\"http:\/\/www.ecurieorthezbearn.fr\/rallye\/wp-content\/uploads\/2014\/05\/20140517_142439-500x300.jpg\" alt=\"20140517_142439\" width=\"500\" height=\"300\" srcset=\"https:\/\/www.ecurieorthezbearn.fr\/rallye\/wp-content\/uploads\/2014\/05\/20140517_142439-500x300.jpg 500w, https:\/\/www.ecurieorthezbearn.fr\/rallye\/wp-content\/uploads\/2014\/05\/20140517_142439.jpg 2048w\" sizes=\"(max-width: 500px) 100vw, 500px\" \/><\/a><a href=\"http:\/\/www.ecurieorthezbearn.fr\/rallye\/gp-de-pau-historique-2014\/20140517_142428\/\" rel=\"attachment wp-att-6892\"><img loading=\"lazy\" decoding=\"async\" class=\"aligncenter size-medium wp-image-6892\" src=\"http:\/\/www.ecurieorthezbearn.fr\/rallye\/wp-content\/uploads\/2014\/05\/20140517_142428-500x300.jpg\" alt=\"20140517_142428\" width=\"500\" height=\"300\" srcset=\"https:\/\/www.ecurieorthezbearn.fr\/rallye\/wp-content\/uploads\/2014\/05\/20140517_142428-500x300.jpg 500w, https:\/\/www.ecurieorthezbearn.fr\/rallye\/wp-content\/uploads\/2014\/05\/20140517_142428.jpg 2048w\" sizes=\"(max-width: 500px) 100vw, 500px\" \/><\/a><\/p>\n<p><a href=\"http:\/\/www.ecurieorthezbearn.fr\/rallye\/gp-de-pau-historique-2014\/20140517_101927\/\" rel=\"attachment wp-att-6893\"><img loading=\"lazy\" decoding=\"async\" class=\"aligncenter size-medium wp-image-6893\" src=\"http:\/\/www.ecurieorthezbearn.fr\/rallye\/wp-content\/uploads\/2014\/05\/20140517_101927-500x300.jpg\" alt=\"20140517_101927\" width=\"500\" height=\"300\" srcset=\"https:\/\/www.ecurieorthezbearn.fr\/rallye\/wp-content\/uploads\/2014\/05\/20140517_101927-500x300.jpg 500w, https:\/\/www.ecurieorthezbearn.fr\/rallye\/wp-content\/uploads\/2014\/05\/20140517_101927.jpg 2048w\" sizes=\"(max-width: 500px) 100vw, 500px\" \/><\/a><\/p>\n<figure id=\"attachment_6894\" aria-describedby=\"caption-attachment-6894\" style=\"width: 500px\" class=\"wp-caption aligncenter\"><a href=\"http:\/\/www.ecurieorthezbearn.fr\/rallye\/gp-de-pau-historique-2014\/20140517_095101\/\" rel=\"attachment wp-att-6894\"><img loading=\"lazy\" decoding=\"async\" class=\"size-medium wp-image-6894\" src=\"http:\/\/www.ecurieorthezbearn.fr\/rallye\/wp-content\/uploads\/2014\/05\/20140517_095101-500x300.jpg\" alt=\"jo et dominique\" width=\"500\" height=\"300\" srcset=\"https:\/\/www.ecurieorthezbearn.fr\/rallye\/wp-content\/uploads\/2014\/05\/20140517_095101-500x300.jpg 500w, https:\/\/www.ecurieorthezbearn.fr\/rallye\/wp-content\/uploads\/2014\/05\/20140517_095101.jpg 2048w\" sizes=\"(max-width: 500px) 100vw, 500px\" \/><\/a><figcaption id=\"caption-attachment-6894\" class=\"wp-caption-text\">jo et Dominique<\/figcaption><\/figure>\n<p>&nbsp;<\/p>\n<figure id=\"attachment_6895\" aria-describedby=\"caption-attachment-6895\" style=\"width: 500px\" class=\"wp-caption aligncenter\"><a href=\"http:\/\/www.ecurieorthezbearn.fr\/rallye\/gp-de-pau-historique-2014\/20140517_112944\/\" rel=\"attachment wp-att-6895\"><img loading=\"lazy\" decoding=\"async\" class=\"size-medium wp-image-6895\" src=\"http:\/\/www.ecurieorthezbearn.fr\/rallye\/wp-content\/uploads\/2014\/05\/20140517_112944-500x300.jpg\" alt=\"et Paulo !\" width=\"500\" height=\"300\" srcset=\"https:\/\/www.ecurieorthezbearn.fr\/rallye\/wp-content\/uploads\/2014\/05\/20140517_112944-500x300.jpg 500w, https:\/\/www.ecurieorthezbearn.fr\/rallye\/wp-content\/uploads\/2014\/05\/20140517_112944.jpg 2048w\" sizes=\"(max-width: 500px) 100vw, 500px\" \/><\/a><figcaption id=\"caption-attachment-6895\" class=\"wp-caption-text\">et Paulo !<\/figcaption><\/figure>\n<p>&nbsp;<\/p>\n<p><a href=\"http:\/\/www.ecurieorthezbearn.fr\/rallye\/gp-de-pau-historique-2014\/20140517_175710\/\" rel=\"attachment wp-att-6896\"><img loading=\"lazy\" decoding=\"async\" class=\"aligncenter size-medium wp-image-6896\" src=\"http:\/\/www.ecurieorthezbearn.fr\/rallye\/wp-content\/uploads\/2014\/05\/20140517_175710-500x300.jpg\" alt=\"20140517_175710\" width=\"500\" height=\"300\" srcset=\"https:\/\/www.ecurieorthezbearn.fr\/rallye\/wp-content\/uploads\/2014\/05\/20140517_175710-500x300.jpg 500w, https:\/\/www.ecurieorthezbearn.fr\/rallye\/wp-content\/uploads\/2014\/05\/20140517_175710.jpg 2048w\" sizes=\"(max-width: 500px) 100vw, 500px\" \/><\/a><\/p>\n<p><a href=\"http:\/\/www.ecurieorthezbearn.fr\/rallye\/gp-de-pau-historique-2014\/20140517_120456\/\" rel=\"attachment wp-att-6897\"><img loading=\"lazy\" decoding=\"async\" class=\"aligncenter size-medium wp-image-6897\" src=\"http:\/\/www.ecurieorthezbearn.fr\/rallye\/wp-content\/uploads\/2014\/05\/20140517_120456-500x300.jpg\" alt=\"20140517_120456\" width=\"500\" height=\"300\" srcset=\"https:\/\/www.ecurieorthezbearn.fr\/rallye\/wp-content\/uploads\/2014\/05\/20140517_120456-500x300.jpg 500w, https:\/\/www.ecurieorthezbearn.fr\/rallye\/wp-content\/uploads\/2014\/05\/20140517_120456.jpg 2048w\" sizes=\"(max-width: 500px) 100vw, 500px\" \/><\/a><\/p>\n<p>&nbsp;<\/p>\n<p>&nbsp;<\/p>\n<p>&nbsp;<\/p>\n<figure id=\"attachment_6898\" aria-describedby=\"caption-attachment-6898\" style=\"width: 500px\" class=\"wp-caption aligncenter\"><a href=\"http:\/\/www.ecurieorthezbearn.fr\/rallye\/gp-de-pau-historique-2014\/20140517_091656\/\" rel=\"attachment wp-att-6898\"><img loading=\"lazy\" decoding=\"async\" class=\"size-medium wp-image-6898\" src=\"http:\/\/www.ecurieorthezbearn.fr\/rallye\/wp-content\/uploads\/2014\/05\/20140517_091656-500x300.jpg\" alt=\"les catheram\" width=\"500\" height=\"300\" srcset=\"https:\/\/www.ecurieorthezbearn.fr\/rallye\/wp-content\/uploads\/2014\/05\/20140517_091656-500x300.jpg 500w, https:\/\/www.ecurieorthezbearn.fr\/rallye\/wp-content\/uploads\/2014\/05\/20140517_091656.jpg 2048w\" sizes=\"(max-width: 500px) 100vw, 500px\" \/><\/a><figcaption id=\"caption-attachment-6898\" class=\"wp-caption-text\">les catheram<\/figcaption><\/figure>\n<p>&nbsp;<\/p>\n<p><a href=\"http:\/\/www.ecurieorthezbearn.fr\/rallye\/gp-de-pau-historique-2014\/20140517_091728\/\" rel=\"attachment wp-att-6899\"><img loading=\"lazy\" decoding=\"async\" class=\"aligncenter size-medium wp-image-6899\" src=\"http:\/\/www.ecurieorthezbearn.fr\/rallye\/wp-content\/uploads\/2014\/05\/20140517_091728-500x300.jpg\" alt=\"20140517_091728\" width=\"500\" height=\"300\" srcset=\"https:\/\/www.ecurieorthezbearn.fr\/rallye\/wp-content\/uploads\/2014\/05\/20140517_091728-500x300.jpg 500w, https:\/\/www.ecurieorthezbearn.fr\/rallye\/wp-content\/uploads\/2014\/05\/20140517_091728.jpg 2048w\" sizes=\"(max-width: 500px) 100vw, 500px\" \/><\/a><\/p>\n<p>&nbsp;<\/p>\n<p><a href=\"http:\/\/www.ecurieorthezbearn.fr\/rallye\/gp-de-pau-historique-2014\/20140517_091822\/\" rel=\"attachment wp-att-6900\"><img loading=\"lazy\" decoding=\"async\" class=\"aligncenter size-medium wp-image-6900\" src=\"http:\/\/www.ecurieorthezbearn.fr\/rallye\/wp-content\/uploads\/2014\/05\/20140517_091822-500x300.jpg\" alt=\"20140517_091822\" width=\"500\" height=\"300\" srcset=\"https:\/\/www.ecurieorthezbearn.fr\/rallye\/wp-content\/uploads\/2014\/05\/20140517_091822-500x300.jpg 500w, https:\/\/www.ecurieorthezbearn.fr\/rallye\/wp-content\/uploads\/2014\/05\/20140517_091822.jpg 2048w\" sizes=\"(max-width: 500px) 100vw, 500px\" \/><\/a><\/p>\n<p>&nbsp;<\/p>\n<p>&nbsp;<\/p>\n<figure id=\"attachment_6901\" aria-describedby=\"caption-attachment-6901\" style=\"width: 500px\" class=\"wp-caption aligncenter\"><a href=\"http:\/\/www.ecurieorthezbearn.fr\/rallye\/gp-de-pau-historique-2014\/20140518_124714\/\" rel=\"attachment wp-att-6901\"><img loading=\"lazy\" decoding=\"async\" class=\"size-medium wp-image-6901\" src=\"http:\/\/www.ecurieorthezbearn.fr\/rallye\/wp-content\/uploads\/2014\/05\/20140518_124714-500x300.jpg\" alt=\"a la pose\" width=\"500\" height=\"300\" srcset=\"https:\/\/www.ecurieorthezbearn.fr\/rallye\/wp-content\/uploads\/2014\/05\/20140518_124714-500x300.jpg 500w, https:\/\/www.ecurieorthezbearn.fr\/rallye\/wp-content\/uploads\/2014\/05\/20140518_124714.jpg 2048w\" sizes=\"(max-width: 500px) 100vw, 500px\" \/><\/a><figcaption id=\"caption-attachment-6901\" class=\"wp-caption-text\">a la pose<\/figcaption><\/figure>\n<p>&nbsp;<\/p>\n<p><a href=\"http:\/\/www.ecurieorthezbearn.fr\/rallye\/gp-de-pau-historique-2014\/20140518_123559\/\" rel=\"attachment wp-att-6902\"><img loading=\"lazy\" decoding=\"async\" class=\"aligncenter size-medium wp-image-6902\" src=\"http:\/\/www.ecurieorthezbearn.fr\/rallye\/wp-content\/uploads\/2014\/05\/20140518_123559-500x300.jpg\" alt=\"20140518_123559\" width=\"500\" height=\"300\" srcset=\"https:\/\/www.ecurieorthezbearn.fr\/rallye\/wp-content\/uploads\/2014\/05\/20140518_123559-500x300.jpg 500w, https:\/\/www.ecurieorthezbearn.fr\/rallye\/wp-content\/uploads\/2014\/05\/20140518_123559.jpg 2048w\" sizes=\"(max-width: 500px) 100vw, 500px\" \/><\/a><\/p>\n<figure id=\"attachment_6903\" aria-describedby=\"caption-attachment-6903\" style=\"width: 500px\" class=\"wp-caption aligncenter\"><a href=\"http:\/\/www.ecurieorthezbearn.fr\/rallye\/gp-de-pau-historique-2014\/20140517_120649\/\" rel=\"attachment wp-att-6903\"><img loading=\"lazy\" decoding=\"async\" class=\"size-medium wp-image-6903\" src=\"http:\/\/www.ecurieorthezbearn.fr\/rallye\/wp-content\/uploads\/2014\/05\/20140517_120649-500x300.jpg\" alt=\"apr\u00e8s la pose !\" width=\"500\" height=\"300\" srcset=\"https:\/\/www.ecurieorthezbearn.fr\/rallye\/wp-content\/uploads\/2014\/05\/20140517_120649-500x300.jpg 500w, https:\/\/www.ecurieorthezbearn.fr\/rallye\/wp-content\/uploads\/2014\/05\/20140517_120649.jpg 2048w\" sizes=\"(max-width: 500px) 100vw, 500px\" \/><\/a><figcaption id=\"caption-attachment-6903\" class=\"wp-caption-text\">apr\u00e8s la pose !<\/figcaption><\/figure>\n<p>&nbsp;<\/p>\n<figure id=\"attachment_6904\" aria-describedby=\"caption-attachment-6904\" style=\"width: 500px\" class=\"wp-caption aligncenter\"><a href=\"http:\/\/www.ecurieorthezbearn.fr\/rallye\/gp-de-pau-historique-2014\/20140517_154228\/\" rel=\"attachment wp-att-6904\"><img loading=\"lazy\" decoding=\"async\" class=\"size-medium wp-image-6904\" src=\"http:\/\/www.ecurieorthezbearn.fr\/rallye\/wp-content\/uploads\/2014\/05\/20140517_154228-500x300.jpg\" alt=\"sur la digestion\" width=\"500\" height=\"300\" srcset=\"https:\/\/www.ecurieorthezbearn.fr\/rallye\/wp-content\/uploads\/2014\/05\/20140517_154228-500x300.jpg 500w, https:\/\/www.ecurieorthezbearn.fr\/rallye\/wp-content\/uploads\/2014\/05\/20140517_154228.jpg 2048w\" sizes=\"(max-width: 500px) 100vw, 500px\" \/><\/a><figcaption id=\"caption-attachment-6904\" class=\"wp-caption-text\">sur la digestion<\/figcaption><\/figure>\n<p>&nbsp;<\/p>\n<p><a href=\"http:\/\/www.ecurieorthezbearn.fr\/rallye\/gp-de-pau-historique-2014\/20140518_152001-2\/\" rel=\"attachment wp-att-6907\"><img loading=\"lazy\" decoding=\"async\" class=\"aligncenter size-medium wp-image-6907\" src=\"http:\/\/www.ecurieorthezbearn.fr\/rallye\/wp-content\/uploads\/2014\/05\/20140518_1520011-500x300.jpg\" alt=\"20140518_152001\" width=\"500\" height=\"300\" srcset=\"https:\/\/www.ecurieorthezbearn.fr\/rallye\/wp-content\/uploads\/2014\/05\/20140518_1520011-500x300.jpg 500w, https:\/\/www.ecurieorthezbearn.fr\/rallye\/wp-content\/uploads\/2014\/05\/20140518_1520011.jpg 2048w\" sizes=\"(max-width: 500px) 100vw, 500px\" \/><\/a><\/p>\n<p>Les capots ouverts<\/p>\n<p><a href=\"http:\/\/www.ecurieorthezbearn.fr\/rallye\/gp-de-pau-historique-2014\/20140517_093905\/\" rel=\"attachment wp-att-6909\"><img loading=\"lazy\" decoding=\"async\" class=\"aligncenter size-medium wp-image-6909\" src=\"http:\/\/www.ecurieorthezbearn.fr\/rallye\/wp-content\/uploads\/2014\/05\/20140517_093905-500x300.jpg\" alt=\"20140517_093905\" width=\"500\" height=\"300\" srcset=\"https:\/\/www.ecurieorthezbearn.fr\/rallye\/wp-content\/uploads\/2014\/05\/20140517_093905-500x300.jpg 500w, https:\/\/www.ecurieorthezbearn.fr\/rallye\/wp-content\/uploads\/2014\/05\/20140517_093905.jpg 2048w\" sizes=\"(max-width: 500px) 100vw, 500px\" \/><\/a><\/p>\n<p>&nbsp;<\/p>\n<p><a href=\"http:\/\/www.ecurieorthezbearn.fr\/rallye\/gp-de-pau-historique-2014\/20140517_103522\/\" rel=\"attachment wp-att-6910\"><img loading=\"lazy\" decoding=\"async\" class=\"aligncenter size-medium wp-image-6910\" src=\"http:\/\/www.ecurieorthezbearn.fr\/rallye\/wp-content\/uploads\/2014\/05\/20140517_103522-500x300.jpg\" alt=\"20140517_103522\" width=\"500\" height=\"300\" srcset=\"https:\/\/www.ecurieorthezbearn.fr\/rallye\/wp-content\/uploads\/2014\/05\/20140517_103522-500x300.jpg 500w, https:\/\/www.ecurieorthezbearn.fr\/rallye\/wp-content\/uploads\/2014\/05\/20140517_103522.jpg 2048w\" sizes=\"(max-width: 500px) 100vw, 500px\" \/><\/a><\/p>\n<p><a href=\"http:\/\/www.ecurieorthezbearn.fr\/rallye\/gp-de-pau-historique-2014\/20140517_103620\/\" rel=\"attachment wp-att-6911\"><img loading=\"lazy\" decoding=\"async\" class=\"aligncenter size-medium wp-image-6911\" src=\"http:\/\/www.ecurieorthezbearn.fr\/rallye\/wp-content\/uploads\/2014\/05\/20140517_103620-500x300.jpg\" alt=\"20140517_103620\" width=\"500\" height=\"300\" srcset=\"https:\/\/www.ecurieorthezbearn.fr\/rallye\/wp-content\/uploads\/2014\/05\/20140517_103620-500x300.jpg 500w, https:\/\/www.ecurieorthezbearn.fr\/rallye\/wp-content\/uploads\/2014\/05\/20140517_103620.jpg 2048w\" sizes=\"(max-width: 500px) 100vw, 500px\" \/><\/a><\/p>\n<p>&nbsp;<\/p>\n<p><a href=\"http:\/\/www.ecurieorthezbearn.fr\/rallye\/gp-de-pau-historique-2014\/20140517_103825\/\" rel=\"attachment wp-att-6912\"><img loading=\"lazy\" decoding=\"async\" class=\"aligncenter size-medium wp-image-6912\" src=\"http:\/\/www.ecurieorthezbearn.fr\/rallye\/wp-content\/uploads\/2014\/05\/20140517_103825-500x300.jpg\" alt=\"20140517_103825\" width=\"500\" height=\"300\" srcset=\"https:\/\/www.ecurieorthezbearn.fr\/rallye\/wp-content\/uploads\/2014\/05\/20140517_103825-500x300.jpg 500w, https:\/\/www.ecurieorthezbearn.fr\/rallye\/wp-content\/uploads\/2014\/05\/20140517_103825.jpg 2048w\" sizes=\"(max-width: 500px) 100vw, 500px\" \/><\/a><\/p>\n<p><a href=\"http:\/\/www.ecurieorthezbearn.fr\/rallye\/gp-de-pau-historique-2014\/20140517_115146\/\" rel=\"attachment wp-att-6913\"><img loading=\"lazy\" decoding=\"async\" class=\"aligncenter size-medium wp-image-6913\" src=\"http:\/\/www.ecurieorthezbearn.fr\/rallye\/wp-content\/uploads\/2014\/05\/20140517_115146-500x300.jpg\" alt=\"20140517_115146\" width=\"500\" height=\"300\" srcset=\"https:\/\/www.ecurieorthezbearn.fr\/rallye\/wp-content\/uploads\/2014\/05\/20140517_115146-500x300.jpg 500w, https:\/\/www.ecurieorthezbearn.fr\/rallye\/wp-content\/uploads\/2014\/05\/20140517_115146.jpg 2048w\" sizes=\"(max-width: 500px) 100vw, 500px\" \/><\/a><\/p>\n<p>&nbsp;<\/p>\n<p><a href=\"http:\/\/www.ecurieorthezbearn.fr\/rallye\/gp-de-pau-historique-2014\/20140517_174157\/\" rel=\"attachment wp-att-6914\"><img loading=\"lazy\" decoding=\"async\" class=\"aligncenter size-medium wp-image-6914\" src=\"http:\/\/www.ecurieorthezbearn.fr\/rallye\/wp-content\/uploads\/2014\/05\/20140517_174157-500x300.jpg\" alt=\"20140517_174157\" width=\"500\" height=\"300\" srcset=\"https:\/\/www.ecurieorthezbearn.fr\/rallye\/wp-content\/uploads\/2014\/05\/20140517_174157-500x300.jpg 500w, https:\/\/www.ecurieorthezbearn.fr\/rallye\/wp-content\/uploads\/2014\/05\/20140517_174157.jpg 2048w\" sizes=\"(max-width: 500px) 100vw, 500px\" \/><\/a><\/p>\n<p>&nbsp;<\/p>\n<p><a href=\"http:\/\/www.ecurieorthezbearn.fr\/rallye\/gp-de-pau-historique-2014\/20140517_095850\/\" rel=\"attachment wp-att-6915\"><img loading=\"lazy\" decoding=\"async\" class=\"aligncenter size-medium wp-image-6915\" src=\"http:\/\/www.ecurieorthezbearn.fr\/rallye\/wp-content\/uploads\/2014\/05\/20140517_095850-500x300.jpg\" alt=\"20140517_095850\" width=\"500\" height=\"300\" srcset=\"https:\/\/www.ecurieorthezbearn.fr\/rallye\/wp-content\/uploads\/2014\/05\/20140517_095850-500x300.jpg 500w, https:\/\/www.ecurieorthezbearn.fr\/rallye\/wp-content\/uploads\/2014\/05\/20140517_095850.jpg 2048w\" sizes=\"(max-width: 500px) 100vw, 500px\" \/><\/a><\/p>\n<p>&nbsp;<\/p>\n<p><a href=\"http:\/\/www.ecurieorthezbearn.fr\/rallye\/gp-de-pau-historique-2014\/20140517_125814\/\" rel=\"attachment wp-att-6916\"><img loading=\"lazy\" decoding=\"async\" class=\"aligncenter size-medium wp-image-6916\" src=\"http:\/\/www.ecurieorthezbearn.fr\/rallye\/wp-content\/uploads\/2014\/05\/20140517_125814-500x300.jpg\" alt=\"20140517_125814\" width=\"500\" height=\"300\" srcset=\"https:\/\/www.ecurieorthezbearn.fr\/rallye\/wp-content\/uploads\/2014\/05\/20140517_125814-500x300.jpg 500w, https:\/\/www.ecurieorthezbearn.fr\/rallye\/wp-content\/uploads\/2014\/05\/20140517_125814.jpg 2048w\" sizes=\"(max-width: 500px) 100vw, 500px\" \/><\/a><\/p>\n<p>&nbsp;<\/p>\n<p><a href=\"http:\/\/www.ecurieorthezbearn.fr\/rallye\/gp-de-pau-historique-2014\/20140517_143604\/\" rel=\"attachment wp-att-6917\"><img loading=\"lazy\" decoding=\"async\" class=\"aligncenter size-medium wp-image-6917\" src=\"http:\/\/www.ecurieorthezbearn.fr\/rallye\/wp-content\/uploads\/2014\/05\/20140517_143604-500x300.jpg\" alt=\"20140517_143604\" width=\"500\" height=\"300\" srcset=\"https:\/\/www.ecurieorthezbearn.fr\/rallye\/wp-content\/uploads\/2014\/05\/20140517_143604-500x300.jpg 500w, https:\/\/www.ecurieorthezbearn.fr\/rallye\/wp-content\/uploads\/2014\/05\/20140517_143604.jpg 2048w\" sizes=\"(max-width: 500px) 100vw, 500px\" \/><\/a><\/p>\n<p>&nbsp;<\/p>\n<p><a href=\"http:\/\/www.ecurieorthezbearn.fr\/rallye\/gp-de-pau-historique-2014\/20140517_184339\/\" rel=\"attachment wp-att-6918\"><img loading=\"lazy\" decoding=\"async\" class=\"aligncenter size-medium wp-image-6918\" src=\"http:\/\/www.ecurieorthezbearn.fr\/rallye\/wp-content\/uploads\/2014\/05\/20140517_184339-500x300.jpg\" alt=\"20140517_184339\" width=\"500\" height=\"300\" srcset=\"https:\/\/www.ecurieorthezbearn.fr\/rallye\/wp-content\/uploads\/2014\/05\/20140517_184339-500x300.jpg 500w, https:\/\/www.ecurieorthezbearn.fr\/rallye\/wp-content\/uploads\/2014\/05\/20140517_184339.jpg 2048w\" sizes=\"(max-width: 500px) 100vw, 500px\" \/><\/a><\/p>\n<p>&nbsp;<\/p>\n<p><a href=\"http:\/\/www.ecurieorthezbearn.fr\/rallye\/gp-de-pau-historique-2014\/20140517_184226\/\" rel=\"attachment wp-att-6919\"><img loading=\"lazy\" decoding=\"async\" class=\"aligncenter size-medium wp-image-6919\" src=\"http:\/\/www.ecurieorthezbearn.fr\/rallye\/wp-content\/uploads\/2014\/05\/20140517_184226-500x300.jpg\" alt=\"20140517_184226\" width=\"500\" height=\"300\" srcset=\"https:\/\/www.ecurieorthezbearn.fr\/rallye\/wp-content\/uploads\/2014\/05\/20140517_184226-500x300.jpg 500w, https:\/\/www.ecurieorthezbearn.fr\/rallye\/wp-content\/uploads\/2014\/05\/20140517_184226.jpg 2048w\" sizes=\"(max-width: 500px) 100vw, 500px\" \/><\/a><\/p>\n<p>&nbsp;<\/p>\n<p><a href=\"http:\/\/www.ecurieorthezbearn.fr\/rallye\/gp-de-pau-historique-2014\/20140517_185833\/\" rel=\"attachment wp-att-6920\"><img loading=\"lazy\" decoding=\"async\" class=\"aligncenter size-medium wp-image-6920\" src=\"http:\/\/www.ecurieorthezbearn.fr\/rallye\/wp-content\/uploads\/2014\/05\/20140517_185833-500x300.jpg\" alt=\"20140517_185833\" width=\"500\" height=\"300\" srcset=\"https:\/\/www.ecurieorthezbearn.fr\/rallye\/wp-content\/uploads\/2014\/05\/20140517_185833-500x300.jpg 500w, https:\/\/www.ecurieorthezbearn.fr\/rallye\/wp-content\/uploads\/2014\/05\/20140517_185833.jpg 2048w\" sizes=\"(max-width: 500px) 100vw, 500px\" \/><\/a><\/p>\n<p>&nbsp;<\/p>\n<p><a href=\"http:\/\/www.ecurieorthezbearn.fr\/rallye\/gp-de-pau-historique-2014\/20140517_190429\/\" rel=\"attachment wp-att-6921\"><img loading=\"lazy\" decoding=\"async\" class=\"aligncenter size-medium wp-image-6921\" src=\"http:\/\/www.ecurieorthezbearn.fr\/rallye\/wp-content\/uploads\/2014\/05\/20140517_190429-500x300.jpg\" alt=\"20140517_190429\" width=\"500\" height=\"300\" srcset=\"https:\/\/www.ecurieorthezbearn.fr\/rallye\/wp-content\/uploads\/2014\/05\/20140517_190429-500x300.jpg 500w, https:\/\/www.ecurieorthezbearn.fr\/rallye\/wp-content\/uploads\/2014\/05\/20140517_190429.jpg 2048w\" sizes=\"(max-width: 500px) 100vw, 500px\" \/><\/a><\/p>\n<p>&nbsp;<\/p>\n<p><a href=\"http:\/\/www.ecurieorthezbearn.fr\/rallye\/gp-de-pau-historique-2014\/20140517_180206\/\" rel=\"attachment wp-att-6922\"><img loading=\"lazy\" decoding=\"async\" class=\"aligncenter size-medium wp-image-6922\" src=\"http:\/\/www.ecurieorthezbearn.fr\/rallye\/wp-content\/uploads\/2014\/05\/20140517_180206-500x300.jpg\" alt=\"20140517_180206\" width=\"500\" height=\"300\" srcset=\"https:\/\/www.ecurieorthezbearn.fr\/rallye\/wp-content\/uploads\/2014\/05\/20140517_180206-500x300.jpg 500w, https:\/\/www.ecurieorthezbearn.fr\/rallye\/wp-content\/uploads\/2014\/05\/20140517_180206.jpg 2048w\" sizes=\"(max-width: 500px) 100vw, 500px\" \/><\/a><\/p>\n<p>&nbsp;<\/p>\n<p>&nbsp;<\/p>\n<p><a href=\"http:\/\/www.ecurieorthezbearn.fr\/rallye\/gp-de-pau-historique-2014\/20140517_112857-2\/\" rel=\"attachment wp-att-6925\"><img loading=\"lazy\" decoding=\"async\" class=\"aligncenter size-medium wp-image-6925\" src=\"http:\/\/www.ecurieorthezbearn.fr\/rallye\/wp-content\/uploads\/2014\/05\/20140517_1128571-500x300.jpg\" alt=\"20140517_112857\" width=\"500\" height=\"300\" srcset=\"https:\/\/www.ecurieorthezbearn.fr\/rallye\/wp-content\/uploads\/2014\/05\/20140517_1128571-500x300.jpg 500w, https:\/\/www.ecurieorthezbearn.fr\/rallye\/wp-content\/uploads\/2014\/05\/20140517_1128571.jpg 2048w\" sizes=\"(max-width: 500px) 100vw, 500px\" \/><\/a><\/p>\n<p>&nbsp;<\/p>\n<figure id=\"attachment_6927\" aria-describedby=\"caption-attachment-6927\" style=\"width: 500px\" class=\"wp-caption aligncenter\"><a href=\"http:\/\/www.ecurieorthezbearn.fr\/rallye\/gp-de-pau-historique-2014\/20140518_152037\/\" rel=\"attachment wp-att-6927\"><img loading=\"lazy\" decoding=\"async\" class=\"size-medium wp-image-6927\" src=\"http:\/\/www.ecurieorthezbearn.fr\/rallye\/wp-content\/uploads\/2014\/05\/20140518_152037-500x300.jpg\" alt=\"les commissaires ont droit, eux aussi, a une recompense\" width=\"500\" height=\"300\" srcset=\"https:\/\/www.ecurieorthezbearn.fr\/rallye\/wp-content\/uploads\/2014\/05\/20140518_152037-500x300.jpg 500w, https:\/\/www.ecurieorthezbearn.fr\/rallye\/wp-content\/uploads\/2014\/05\/20140518_152037.jpg 2048w\" sizes=\"(max-width: 500px) 100vw, 500px\" \/><\/a><figcaption id=\"caption-attachment-6927\" class=\"wp-caption-text\">les commissaires ont droit, eux aussi, a une recompense<\/figcaption><\/figure>\n<p>&nbsp;<\/p>\n<p><a href=\"http:\/\/www.ecurieorthezbearn.fr\/rallye\/gp-de-pau-historique-2014\/20140518_152313\/\" rel=\"attachment wp-att-6928\"><img loading=\"lazy\" decoding=\"async\" class=\"aligncenter size-medium wp-image-6928\" src=\"http:\/\/www.ecurieorthezbearn.fr\/rallye\/wp-content\/uploads\/2014\/05\/20140518_152313-500x300.jpg\" alt=\"20140518_152313\" width=\"500\" height=\"300\" srcset=\"https:\/\/www.ecurieorthezbearn.fr\/rallye\/wp-content\/uploads\/2014\/05\/20140518_152313-500x300.jpg 500w, https:\/\/www.ecurieorthezbearn.fr\/rallye\/wp-content\/uploads\/2014\/05\/20140518_152313.jpg 2048w\" sizes=\"(max-width: 500px) 100vw, 500px\" \/><\/a><\/p>\n<p>&nbsp;<\/p>\n","protected":false},"excerpt":{"rendered":"<p>Le grand prix historique a r\u00e9uni ce week end beaucoup de v\u00e9hicules, \u00a0qui pour certains d&rsquo;entre nous trop jeunes, \u00a0ont fait les beaux jours de l&rsquo;histoire des courses automobiles. Les plus anciennes d&rsquo;avant geurre ont d\u00e9montr\u00e9es quelles avaient de beaux restes. Biensur les vitesses atteintes ne sont plus les memes qu&rsquo;aujourd&rsquo;hui, mais nous pouvons mesurer &hellip; <a href=\"https:\/\/www.ecurieorthezbearn.fr\/rallye\/gp-de-pau-historique-2014\/\" class=\"more-link\">Continuer la lecture de <span class=\"screen-reader-text\">GP de pau HISTORIQUE 2014<\/span>  <span class=\"meta-nav\">&rarr;<\/span><\/a><\/p>\n","protected":false},"author":4,"featured_media":0,"comment_status":"closed","ping_status":"closed","sticky":false,"template":"","format":"standard","meta":{"footnotes":""},"categories":[1,156],"tags":[],"_links":{"self":[{"href":"https:\/\/www.ecurieorthezbearn.fr\/rallye\/wp-json\/wp\/v2\/posts\/6866"}],"collection":[{"href":"https:\/\/www.ecurieorthezbearn.fr\/rallye\/wp-json\/wp\/v2\/posts"}],"about":[{"href":"https:\/\/www.ecurieorthezbearn.fr\/rallye\/wp-json\/wp\/v2\/types\/post"}],"author":[{"embeddable":true,"href":"https:\/\/www.ecurieorthezbearn.fr\/rallye\/wp-json\/wp\/v2\/users\/4"}],"replies":[{"embeddable":true,"href":"https:\/\/www.ecurieorthezbearn.fr\/rallye\/wp-json\/wp\/v2\/comments?post=6866"}],"version-history":[{"count":7,"href":"https:\/\/www.ecurieorthezbearn.fr\/rallye\/wp-json\/wp\/v2\/posts\/6866\/revisions"}],"predecessor-version":[{"id":6931,"href":"https:\/\/www.ecurieorthezbearn.fr\/rallye\/wp-json\/wp\/v2\/posts\/6866\/revisions\/6931"}],"wp:attachment":[{"href":"https:\/\/www.ecurieorthezbearn.fr\/rallye\/wp-json\/wp\/v2\/media?parent=6866"}],"wp:term":[{"taxonomy":"category","embeddable":true,"href":"https:\/\/www.ecurieorthezbearn.fr\/rallye\/wp-json\/wp\/v2\/categories?post=6866"},{"taxonomy":"post_tag","embeddable":true,"href":"https:\/\/www.ecurieorthezbearn.fr\/rallye\/wp-json\/wp\/v2\/tags?post=6866"}],"curies":[{"name":"wp","href":"https:\/\/api.w.org\/{rel}","templated":true}]}}