{"id":6937,"date":"2014-06-10T18:13:18","date_gmt":"2014-06-10T16:13:18","guid":{"rendered":"http:\/\/www.ecurieorthezbearn.fr\/rallye\/?p=6937"},"modified":"2014-06-10T19:44:36","modified_gmt":"2014-06-10T17:44:36","slug":"rando-espagne","status":"publish","type":"post","link":"https:\/\/www.ecurieorthezbearn.fr\/rallye\/rando-espagne\/","title":{"rendered":"RANDO ESPAGNE"},"content":{"rendered":"<p>Du 5 au 9 juin la section quad\u00a0est partie sur les pistes espagnoles pour trois journ\u00e9es de quad avec de superbes \u00e9tapes rapides et de superbes paysages. Jean mi, Lionel ont trac\u00e9s trois boucles autour de notre hotel, ce qui nous a permis de ne pas avoir d&rsquo;assistance. Nous sommes sept chez Seb pour le repas du jeudi midi, ce qui nous laisse le temps de faire la route et de s&rsquo;installer tranquillement des notre arriv\u00e9e \u00e0 l&rsquo;hotel en fin d&rsquo;apr\u00e8s midi.<\/p>\n<p>&nbsp;<\/p>\n<p>&nbsp;<\/p>\n<figure id=\"attachment_6938\" aria-describedby=\"caption-attachment-6938\" style=\"width: 500px\" class=\"wp-caption aligncenter\"><a href=\"http:\/\/www.ecurieorthezbearn.fr\/rallye\/rando-espagne\/20140605_112403\/\" rel=\"attachment wp-att-6938\"><img loading=\"lazy\" decoding=\"async\" class=\"size-medium wp-image-6938\" src=\"http:\/\/www.ecurieorthezbearn.fr\/rallye\/wp-content\/uploads\/2014\/06\/20140605_112403-500x300.jpg\" alt=\"le traditionnel chargement des machines\" width=\"500\" height=\"300\" srcset=\"https:\/\/www.ecurieorthezbearn.fr\/rallye\/wp-content\/uploads\/2014\/06\/20140605_112403-500x300.jpg 500w, https:\/\/www.ecurieorthezbearn.fr\/rallye\/wp-content\/uploads\/2014\/06\/20140605_112403.jpg 2048w\" sizes=\"(max-width: 500px) 100vw, 500px\" \/><\/a><figcaption id=\"caption-attachment-6938\" class=\"wp-caption-text\">le traditionnel chargement des machines<\/figcaption><\/figure>\n<p>&nbsp;<\/p>\n<p>&nbsp;<\/p>\n<figure id=\"attachment_6961\" aria-describedby=\"caption-attachment-6961\" style=\"width: 500px\" class=\"wp-caption aligncenter\"><a href=\"http:\/\/www.ecurieorthezbearn.fr\/rallye\/rando-espagne\/20140605_150810-5\/\" rel=\"attachment wp-att-6961\"><img loading=\"lazy\" decoding=\"async\" class=\"size-medium wp-image-6961\" src=\"http:\/\/www.ecurieorthezbearn.fr\/rallye\/wp-content\/uploads\/2014\/06\/20140605_1508104-500x300.jpg\" alt=\"le depart de chez seb\" width=\"500\" height=\"300\" srcset=\"https:\/\/www.ecurieorthezbearn.fr\/rallye\/wp-content\/uploads\/2014\/06\/20140605_1508104-500x300.jpg 500w, https:\/\/www.ecurieorthezbearn.fr\/rallye\/wp-content\/uploads\/2014\/06\/20140605_1508104.jpg 2048w\" sizes=\"(max-width: 500px) 100vw, 500px\" \/><\/a><figcaption id=\"caption-attachment-6961\" class=\"wp-caption-text\">le depart de chez seb<\/figcaption><\/figure>\n<figure id=\"attachment_6940\" aria-describedby=\"caption-attachment-6940\" style=\"width: 500px\" class=\"wp-caption aligncenter\"><a href=\"http:\/\/www.ecurieorthezbearn.fr\/rallye\/rando-espagne\/20140605_164911\/\" rel=\"attachment wp-att-6940\"><img loading=\"lazy\" decoding=\"async\" class=\"size-medium wp-image-6940\" src=\"http:\/\/www.ecurieorthezbearn.fr\/rallye\/wp-content\/uploads\/2014\/06\/20140605_164911-500x300.jpg\" alt=\"un petit arret avec la frontiere\" width=\"500\" height=\"300\" srcset=\"https:\/\/www.ecurieorthezbearn.fr\/rallye\/wp-content\/uploads\/2014\/06\/20140605_164911-500x300.jpg 500w, https:\/\/www.ecurieorthezbearn.fr\/rallye\/wp-content\/uploads\/2014\/06\/20140605_164911.jpg 2048w\" sizes=\"(max-width: 500px) 100vw, 500px\" \/><\/a><figcaption id=\"caption-attachment-6940\" class=\"wp-caption-text\">un petit arret avant la frontiere<\/figcaption><\/figure>\n<p>&nbsp;<\/p>\n<p>&nbsp;<\/p>\n<p>&nbsp;<\/p>\n<figure id=\"attachment_6942\" aria-describedby=\"caption-attachment-6942\" style=\"width: 500px\" class=\"wp-caption aligncenter\"><a href=\"http:\/\/www.ecurieorthezbearn.fr\/rallye\/rando-espagne\/20140605_185546\/\" rel=\"attachment wp-att-6942\"><img loading=\"lazy\" decoding=\"async\" class=\"size-medium wp-image-6942\" src=\"http:\/\/www.ecurieorthezbearn.fr\/rallye\/wp-content\/uploads\/2014\/06\/20140605_185546-500x300.jpg\" alt=\"nous d\u00e9chargeons vite fait toutes les machines sur le parking priv\u00e9e mis a notre disposition\" width=\"500\" height=\"300\" srcset=\"https:\/\/www.ecurieorthezbearn.fr\/rallye\/wp-content\/uploads\/2014\/06\/20140605_185546-500x300.jpg 500w, https:\/\/www.ecurieorthezbearn.fr\/rallye\/wp-content\/uploads\/2014\/06\/20140605_185546.jpg 2048w\" sizes=\"(max-width: 500px) 100vw, 500px\" \/><\/a><figcaption id=\"caption-attachment-6942\" class=\"wp-caption-text\">nous d\u00e9chargeons vite fait toutes les machines sur le parking priv\u00e9e mis\u00a0\u00e0 notre disposition<\/figcaption><\/figure>\n<p>&nbsp;<\/p>\n<figure id=\"attachment_6943\" aria-describedby=\"caption-attachment-6943\" style=\"width: 500px\" class=\"wp-caption aligncenter\"><a href=\"http:\/\/www.ecurieorthezbearn.fr\/rallye\/rando-espagne\/20140605_194247\/\" rel=\"attachment wp-att-6943\"><img loading=\"lazy\" decoding=\"async\" class=\"size-medium wp-image-6943\" src=\"http:\/\/www.ecurieorthezbearn.fr\/rallye\/wp-content\/uploads\/2014\/06\/20140605_194247-500x300.jpg\" alt=\"c'est la tradition !\" width=\"500\" height=\"300\" srcset=\"https:\/\/www.ecurieorthezbearn.fr\/rallye\/wp-content\/uploads\/2014\/06\/20140605_194247-500x300.jpg 500w, https:\/\/www.ecurieorthezbearn.fr\/rallye\/wp-content\/uploads\/2014\/06\/20140605_194247.jpg 2048w\" sizes=\"(max-width: 500px) 100vw, 500px\" \/><\/a><figcaption id=\"caption-attachment-6943\" class=\"wp-caption-text\">c&rsquo;est la tradition !<\/figcaption><\/figure>\n<p>&nbsp;<\/p>\n<figure id=\"attachment_6944\" aria-describedby=\"caption-attachment-6944\" style=\"width: 500px\" class=\"wp-caption aligncenter\"><a href=\"http:\/\/www.ecurieorthezbearn.fr\/rallye\/rando-espagne\/20140605_201907\/\" rel=\"attachment wp-att-6944\"><img loading=\"lazy\" decoding=\"async\" class=\"size-medium wp-image-6944\" src=\"http:\/\/www.ecurieorthezbearn.fr\/rallye\/wp-content\/uploads\/2014\/06\/20140605_201907-500x300.jpg\" alt=\"jean mi d\u00e9j\u00e0 sur les traces\" width=\"500\" height=\"300\" srcset=\"https:\/\/www.ecurieorthezbearn.fr\/rallye\/wp-content\/uploads\/2014\/06\/20140605_201907-500x300.jpg 500w, https:\/\/www.ecurieorthezbearn.fr\/rallye\/wp-content\/uploads\/2014\/06\/20140605_201907.jpg 2048w\" sizes=\"(max-width: 500px) 100vw, 500px\" \/><\/a><figcaption id=\"caption-attachment-6944\" class=\"wp-caption-text\">jean mi d\u00e9j\u00e0 sur les traces<\/figcaption><\/figure>\n<p>&nbsp;<\/p>\n<figure id=\"attachment_6945\" aria-describedby=\"caption-attachment-6945\" style=\"width: 500px\" class=\"wp-caption aligncenter\"><a href=\"http:\/\/www.ecurieorthezbearn.fr\/rallye\/rando-espagne\/20140606_074736\/\" rel=\"attachment wp-att-6945\"><img loading=\"lazy\" decoding=\"async\" class=\"size-medium wp-image-6945\" src=\"http:\/\/www.ecurieorthezbearn.fr\/rallye\/wp-content\/uploads\/2014\/06\/20140606_074736-500x300.jpg\" alt=\"huit heure vendredi matin\" width=\"500\" height=\"300\" srcset=\"https:\/\/www.ecurieorthezbearn.fr\/rallye\/wp-content\/uploads\/2014\/06\/20140606_074736-500x300.jpg 500w, https:\/\/www.ecurieorthezbearn.fr\/rallye\/wp-content\/uploads\/2014\/06\/20140606_074736.jpg 2048w\" sizes=\"(max-width: 500px) 100vw, 500px\" \/><\/a><figcaption id=\"caption-attachment-6945\" class=\"wp-caption-text\">huit heures vendredi matin<\/figcaption><\/figure>\n<p>&nbsp;<\/p>\n<figure id=\"attachment_6948\" aria-describedby=\"caption-attachment-6948\" style=\"width: 500px\" class=\"wp-caption aligncenter\"><a href=\"http:\/\/www.ecurieorthezbearn.fr\/rallye\/rando-espagne\/20140606_075901-2\/\" rel=\"attachment wp-att-6948\"><img loading=\"lazy\" decoding=\"async\" class=\"size-medium wp-image-6948\" src=\"http:\/\/www.ecurieorthezbearn.fr\/rallye\/wp-content\/uploads\/2014\/06\/20140606_0759011-500x300.jpg\" alt=\"seb\" width=\"500\" height=\"300\" srcset=\"https:\/\/www.ecurieorthezbearn.fr\/rallye\/wp-content\/uploads\/2014\/06\/20140606_0759011-500x300.jpg 500w, https:\/\/www.ecurieorthezbearn.fr\/rallye\/wp-content\/uploads\/2014\/06\/20140606_0759011.jpg 2048w\" sizes=\"(max-width: 500px) 100vw, 500px\" \/><\/a><figcaption id=\"caption-attachment-6948\" class=\"wp-caption-text\">seb<\/figcaption><\/figure>\n<p>&nbsp;<\/p>\n<figure id=\"attachment_6947\" aria-describedby=\"caption-attachment-6947\" style=\"width: 500px\" class=\"wp-caption aligncenter\"><a href=\"http:\/\/www.ecurieorthezbearn.fr\/rallye\/rando-espagne\/20140606_080049\/\" rel=\"attachment wp-att-6947\"><img loading=\"lazy\" decoding=\"async\" class=\"size-medium wp-image-6947\" src=\"http:\/\/www.ecurieorthezbearn.fr\/rallye\/wp-content\/uploads\/2014\/06\/20140606_080049-500x300.jpg\" alt=\"lionel\" width=\"500\" height=\"300\" srcset=\"https:\/\/www.ecurieorthezbearn.fr\/rallye\/wp-content\/uploads\/2014\/06\/20140606_080049-500x300.jpg 500w, https:\/\/www.ecurieorthezbearn.fr\/rallye\/wp-content\/uploads\/2014\/06\/20140606_080049.jpg 2048w\" sizes=\"(max-width: 500px) 100vw, 500px\" \/><\/a><figcaption id=\"caption-attachment-6947\" class=\"wp-caption-text\">lionel<\/figcaption><\/figure>\n<p>&nbsp;<\/p>\n<p><a href=\"http:\/\/www.ecurieorthezbearn.fr\/rallye\/rando-espagne\/20140606_075845\/\" rel=\"attachment wp-att-6949\"><img loading=\"lazy\" decoding=\"async\" class=\"aligncenter size-medium wp-image-6949\" src=\"http:\/\/www.ecurieorthezbearn.fr\/rallye\/wp-content\/uploads\/2014\/06\/20140606_075845-500x300.jpg\" alt=\"20140606_075845\" width=\"500\" height=\"300\" srcset=\"https:\/\/www.ecurieorthezbearn.fr\/rallye\/wp-content\/uploads\/2014\/06\/20140606_075845-500x300.jpg 500w, https:\/\/www.ecurieorthezbearn.fr\/rallye\/wp-content\/uploads\/2014\/06\/20140606_075845.jpg 2048w\" sizes=\"(max-width: 500px) 100vw, 500px\" \/><\/a><\/p>\n<p>&nbsp;<\/p>\n<figure id=\"attachment_6950\" aria-describedby=\"caption-attachment-6950\" style=\"width: 500px\" class=\"wp-caption aligncenter\"><a href=\"http:\/\/www.ecurieorthezbearn.fr\/rallye\/rando-espagne\/20140606_080603\/\" rel=\"attachment wp-att-6950\"><img loading=\"lazy\" decoding=\"async\" class=\"size-medium wp-image-6950\" src=\"http:\/\/www.ecurieorthezbearn.fr\/rallye\/wp-content\/uploads\/2014\/06\/20140606_080603-500x300.jpg\" alt=\"denis, arnaud, jean mi\" width=\"500\" height=\"300\" srcset=\"https:\/\/www.ecurieorthezbearn.fr\/rallye\/wp-content\/uploads\/2014\/06\/20140606_080603-500x300.jpg 500w, https:\/\/www.ecurieorthezbearn.fr\/rallye\/wp-content\/uploads\/2014\/06\/20140606_080603.jpg 2048w\" sizes=\"(max-width: 500px) 100vw, 500px\" \/><\/a><figcaption id=\"caption-attachment-6950\" class=\"wp-caption-text\">denis, arnaud, jean mi, jean Yves<\/figcaption><\/figure>\n<p>&nbsp;<\/p>\n<p><a href=\"http:\/\/www.ecurieorthezbearn.fr\/rallye\/rando-espagne\/20140606_090847\/\" rel=\"attachment wp-att-6951\"><img loading=\"lazy\" decoding=\"async\" class=\"aligncenter size-medium wp-image-6951\" src=\"http:\/\/www.ecurieorthezbearn.fr\/rallye\/wp-content\/uploads\/2014\/06\/20140606_090847-500x300.jpg\" alt=\"20140606_090847\" width=\"500\" height=\"300\" srcset=\"https:\/\/www.ecurieorthezbearn.fr\/rallye\/wp-content\/uploads\/2014\/06\/20140606_090847-500x300.jpg 500w, https:\/\/www.ecurieorthezbearn.fr\/rallye\/wp-content\/uploads\/2014\/06\/20140606_090847.jpg 2048w\" sizes=\"(max-width: 500px) 100vw, 500px\" \/><\/a><\/p>\n<p>&nbsp;<\/p>\n<p><a href=\"http:\/\/www.ecurieorthezbearn.fr\/rallye\/rando-espagne\/20140606_083754\/\" rel=\"attachment wp-att-6952\"><img loading=\"lazy\" decoding=\"async\" class=\"aligncenter size-medium wp-image-6952\" src=\"http:\/\/www.ecurieorthezbearn.fr\/rallye\/wp-content\/uploads\/2014\/06\/20140606_083754-500x300.jpg\" alt=\"20140606_083754\" width=\"500\" height=\"300\" srcset=\"https:\/\/www.ecurieorthezbearn.fr\/rallye\/wp-content\/uploads\/2014\/06\/20140606_083754-500x300.jpg 500w, https:\/\/www.ecurieorthezbearn.fr\/rallye\/wp-content\/uploads\/2014\/06\/20140606_083754.jpg 2048w\" sizes=\"(max-width: 500px) 100vw, 500px\" \/><\/a><\/p>\n<p>&nbsp;<\/p>\n<p><a href=\"http:\/\/www.ecurieorthezbearn.fr\/rallye\/rando-espagne\/20140606_091245\/\" rel=\"attachment wp-att-6953\"><img loading=\"lazy\" decoding=\"async\" class=\"aligncenter size-medium wp-image-6953\" src=\"http:\/\/www.ecurieorthezbearn.fr\/rallye\/wp-content\/uploads\/2014\/06\/20140606_091245-500x300.jpg\" alt=\"20140606_091245\" width=\"500\" height=\"300\" srcset=\"https:\/\/www.ecurieorthezbearn.fr\/rallye\/wp-content\/uploads\/2014\/06\/20140606_091245-500x300.jpg 500w, https:\/\/www.ecurieorthezbearn.fr\/rallye\/wp-content\/uploads\/2014\/06\/20140606_091245.jpg 2048w\" sizes=\"(max-width: 500px) 100vw, 500px\" \/><\/a><\/p>\n<p><a href=\"http:\/\/www.ecurieorthezbearn.fr\/rallye\/rando-espagne\/20140606_091429\/\" rel=\"attachment wp-att-6954\"><img loading=\"lazy\" decoding=\"async\" class=\"aligncenter size-medium wp-image-6954\" src=\"http:\/\/www.ecurieorthezbearn.fr\/rallye\/wp-content\/uploads\/2014\/06\/20140606_091429-500x300.jpg\" alt=\"20140606_091429\" width=\"500\" height=\"300\" srcset=\"https:\/\/www.ecurieorthezbearn.fr\/rallye\/wp-content\/uploads\/2014\/06\/20140606_091429-500x300.jpg 500w, https:\/\/www.ecurieorthezbearn.fr\/rallye\/wp-content\/uploads\/2014\/06\/20140606_091429.jpg 2048w\" sizes=\"(max-width: 500px) 100vw, 500px\" \/><\/a><\/p>\n<p>&nbsp;<\/p>\n<p>&nbsp;<\/p>\n<p><a href=\"http:\/\/www.ecurieorthezbearn.fr\/rallye\/rando-espagne\/20140606_094939-2\/\" rel=\"attachment wp-att-6963\"><img loading=\"lazy\" decoding=\"async\" class=\"aligncenter size-medium wp-image-6963\" src=\"http:\/\/www.ecurieorthezbearn.fr\/rallye\/wp-content\/uploads\/2014\/06\/20140606_0949391-500x300.jpg\" alt=\"20140606_094939\" width=\"500\" height=\"300\" srcset=\"https:\/\/www.ecurieorthezbearn.fr\/rallye\/wp-content\/uploads\/2014\/06\/20140606_0949391-500x300.jpg 500w, https:\/\/www.ecurieorthezbearn.fr\/rallye\/wp-content\/uploads\/2014\/06\/20140606_0949391.jpg 2048w\" sizes=\"(max-width: 500px) 100vw, 500px\" \/><\/a><\/p>\n<p>&nbsp;<\/p>\n<p><a href=\"http:\/\/www.ecurieorthezbearn.fr\/rallye\/rando-espagne\/20140606_100337\/\" rel=\"attachment wp-att-6964\"><img loading=\"lazy\" decoding=\"async\" class=\"aligncenter size-medium wp-image-6964\" src=\"http:\/\/www.ecurieorthezbearn.fr\/rallye\/wp-content\/uploads\/2014\/06\/20140606_100337-500x300.jpg\" alt=\"20140606_100337\" width=\"500\" height=\"300\" srcset=\"https:\/\/www.ecurieorthezbearn.fr\/rallye\/wp-content\/uploads\/2014\/06\/20140606_100337-500x300.jpg 500w, https:\/\/www.ecurieorthezbearn.fr\/rallye\/wp-content\/uploads\/2014\/06\/20140606_100337.jpg 2048w\" sizes=\"(max-width: 500px) 100vw, 500px\" \/><\/a><\/p>\n<p>&nbsp;<\/p>\n<p><a href=\"http:\/\/www.ecurieorthezbearn.fr\/rallye\/rando-espagne\/20140606_100343\/\" rel=\"attachment wp-att-6965\"><img loading=\"lazy\" decoding=\"async\" class=\"aligncenter size-medium wp-image-6965\" src=\"http:\/\/www.ecurieorthezbearn.fr\/rallye\/wp-content\/uploads\/2014\/06\/20140606_100343-500x300.jpg\" alt=\"20140606_100343\" width=\"500\" height=\"300\" srcset=\"https:\/\/www.ecurieorthezbearn.fr\/rallye\/wp-content\/uploads\/2014\/06\/20140606_100343-500x300.jpg 500w, https:\/\/www.ecurieorthezbearn.fr\/rallye\/wp-content\/uploads\/2014\/06\/20140606_100343.jpg 2048w\" sizes=\"(max-width: 500px) 100vw, 500px\" \/><\/a><\/p>\n<p><a href=\"http:\/\/www.ecurieorthezbearn.fr\/rallye\/rando-espagne\/20140606_101448\/\" rel=\"attachment wp-att-6966\"><img loading=\"lazy\" decoding=\"async\" class=\"aligncenter size-medium wp-image-6966\" src=\"http:\/\/www.ecurieorthezbearn.fr\/rallye\/wp-content\/uploads\/2014\/06\/20140606_101448-500x300.jpg\" alt=\"20140606_101448\" width=\"500\" height=\"300\" srcset=\"https:\/\/www.ecurieorthezbearn.fr\/rallye\/wp-content\/uploads\/2014\/06\/20140606_101448-500x300.jpg 500w, https:\/\/www.ecurieorthezbearn.fr\/rallye\/wp-content\/uploads\/2014\/06\/20140606_101448.jpg 2048w\" sizes=\"(max-width: 500px) 100vw, 500px\" \/><\/a><\/p>\n<p>&nbsp;<\/p>\n<p><a href=\"http:\/\/www.ecurieorthezbearn.fr\/rallye\/rando-espagne\/20140606_101955\/\" rel=\"attachment wp-att-6967\"><img loading=\"lazy\" decoding=\"async\" class=\"aligncenter size-medium wp-image-6967\" src=\"http:\/\/www.ecurieorthezbearn.fr\/rallye\/wp-content\/uploads\/2014\/06\/20140606_101955-500x300.jpg\" alt=\"20140606_101955\" width=\"500\" height=\"300\" srcset=\"https:\/\/www.ecurieorthezbearn.fr\/rallye\/wp-content\/uploads\/2014\/06\/20140606_101955-500x300.jpg 500w, https:\/\/www.ecurieorthezbearn.fr\/rallye\/wp-content\/uploads\/2014\/06\/20140606_101955.jpg 2048w\" sizes=\"(max-width: 500px) 100vw, 500px\" \/><\/a><\/p>\n<p>&nbsp;<\/p>\n<p><a href=\"http:\/\/www.ecurieorthezbearn.fr\/rallye\/rando-espagne\/20140606_102540\/\" rel=\"attachment wp-att-6968\"><img loading=\"lazy\" decoding=\"async\" class=\"aligncenter size-medium wp-image-6968\" src=\"http:\/\/www.ecurieorthezbearn.fr\/rallye\/wp-content\/uploads\/2014\/06\/20140606_102540-500x300.jpg\" alt=\"20140606_102540\" width=\"500\" height=\"300\" srcset=\"https:\/\/www.ecurieorthezbearn.fr\/rallye\/wp-content\/uploads\/2014\/06\/20140606_102540-500x300.jpg 500w, https:\/\/www.ecurieorthezbearn.fr\/rallye\/wp-content\/uploads\/2014\/06\/20140606_102540.jpg 2048w\" sizes=\"(max-width: 500px) 100vw, 500px\" \/><\/a><\/p>\n<p>&nbsp;<\/p>\n<p><a href=\"http:\/\/www.ecurieorthezbearn.fr\/rallye\/rando-espagne\/20140606_104654\/\" rel=\"attachment wp-att-6969\"><img loading=\"lazy\" decoding=\"async\" class=\"aligncenter size-medium wp-image-6969\" src=\"http:\/\/www.ecurieorthezbearn.fr\/rallye\/wp-content\/uploads\/2014\/06\/20140606_104654-500x300.jpg\" alt=\"20140606_104654\" width=\"500\" height=\"300\" srcset=\"https:\/\/www.ecurieorthezbearn.fr\/rallye\/wp-content\/uploads\/2014\/06\/20140606_104654-500x300.jpg 500w, https:\/\/www.ecurieorthezbearn.fr\/rallye\/wp-content\/uploads\/2014\/06\/20140606_104654.jpg 2048w\" sizes=\"(max-width: 500px) 100vw, 500px\" \/><\/a><\/p>\n<p>&nbsp;<\/p>\n<p><a href=\"http:\/\/www.ecurieorthezbearn.fr\/rallye\/rando-espagne\/20140606_111300\/\" rel=\"attachment wp-att-6970\"><img loading=\"lazy\" decoding=\"async\" class=\"aligncenter size-medium wp-image-6970\" src=\"http:\/\/www.ecurieorthezbearn.fr\/rallye\/wp-content\/uploads\/2014\/06\/20140606_111300-500x300.jpg\" alt=\"20140606_111300\" width=\"500\" height=\"300\" srcset=\"https:\/\/www.ecurieorthezbearn.fr\/rallye\/wp-content\/uploads\/2014\/06\/20140606_111300-500x300.jpg 500w, https:\/\/www.ecurieorthezbearn.fr\/rallye\/wp-content\/uploads\/2014\/06\/20140606_111300.jpg 2048w\" sizes=\"(max-width: 500px) 100vw, 500px\" \/><\/a><\/p>\n<p>&nbsp;<\/p>\n<p><a href=\"http:\/\/www.ecurieorthezbearn.fr\/rallye\/rando-espagne\/20140606_111646\/\" rel=\"attachment wp-att-6971\"><img loading=\"lazy\" decoding=\"async\" class=\"aligncenter size-medium wp-image-6971\" src=\"http:\/\/www.ecurieorthezbearn.fr\/rallye\/wp-content\/uploads\/2014\/06\/20140606_111646-500x300.jpg\" alt=\"20140606_111646\" width=\"500\" height=\"300\" srcset=\"https:\/\/www.ecurieorthezbearn.fr\/rallye\/wp-content\/uploads\/2014\/06\/20140606_111646-500x300.jpg 500w, https:\/\/www.ecurieorthezbearn.fr\/rallye\/wp-content\/uploads\/2014\/06\/20140606_111646.jpg 2048w\" sizes=\"(max-width: 500px) 100vw, 500px\" \/><\/a><\/p>\n<p>&nbsp;<\/p>\n<p><a href=\"http:\/\/www.ecurieorthezbearn.fr\/rallye\/rando-espagne\/20140606_112159\/\" rel=\"attachment wp-att-6972\"><img loading=\"lazy\" decoding=\"async\" class=\"aligncenter size-medium wp-image-6972\" src=\"http:\/\/www.ecurieorthezbearn.fr\/rallye\/wp-content\/uploads\/2014\/06\/20140606_112159-500x300.jpg\" alt=\"20140606_112159\" width=\"500\" height=\"300\" srcset=\"https:\/\/www.ecurieorthezbearn.fr\/rallye\/wp-content\/uploads\/2014\/06\/20140606_112159-500x300.jpg 500w, https:\/\/www.ecurieorthezbearn.fr\/rallye\/wp-content\/uploads\/2014\/06\/20140606_112159.jpg 2048w\" sizes=\"(max-width: 500px) 100vw, 500px\" \/><\/a><\/p>\n<p>&nbsp;<\/p>\n<p><a href=\"http:\/\/www.ecurieorthezbearn.fr\/rallye\/rando-espagne\/20140606_114106\/\" rel=\"attachment wp-att-6973\"><img loading=\"lazy\" decoding=\"async\" class=\"aligncenter size-medium wp-image-6973\" src=\"http:\/\/www.ecurieorthezbearn.fr\/rallye\/wp-content\/uploads\/2014\/06\/20140606_114106-500x300.jpg\" alt=\"20140606_114106\" width=\"500\" height=\"300\" srcset=\"https:\/\/www.ecurieorthezbearn.fr\/rallye\/wp-content\/uploads\/2014\/06\/20140606_114106-500x300.jpg 500w, https:\/\/www.ecurieorthezbearn.fr\/rallye\/wp-content\/uploads\/2014\/06\/20140606_114106.jpg 2048w\" sizes=\"(max-width: 500px) 100vw, 500px\" \/><\/a><\/p>\n<p>&nbsp;<\/p>\n<p><a href=\"http:\/\/www.ecurieorthezbearn.fr\/rallye\/rando-espagne\/20140606_114112\/\" rel=\"attachment wp-att-6974\"><img loading=\"lazy\" decoding=\"async\" class=\"aligncenter size-medium wp-image-6974\" src=\"http:\/\/www.ecurieorthezbearn.fr\/rallye\/wp-content\/uploads\/2014\/06\/20140606_114112-500x300.jpg\" alt=\"20140606_114112\" width=\"500\" height=\"300\" srcset=\"https:\/\/www.ecurieorthezbearn.fr\/rallye\/wp-content\/uploads\/2014\/06\/20140606_114112-500x300.jpg 500w, https:\/\/www.ecurieorthezbearn.fr\/rallye\/wp-content\/uploads\/2014\/06\/20140606_114112.jpg 2048w\" sizes=\"(max-width: 500px) 100vw, 500px\" \/><\/a><\/p>\n<p>&nbsp;<\/p>\n<p><a href=\"http:\/\/www.ecurieorthezbearn.fr\/rallye\/rando-espagne\/20140606_121221\/\" rel=\"attachment wp-att-6975\"><img loading=\"lazy\" decoding=\"async\" class=\"aligncenter size-medium wp-image-6975\" src=\"http:\/\/www.ecurieorthezbearn.fr\/rallye\/wp-content\/uploads\/2014\/06\/20140606_121221-500x300.jpg\" alt=\"20140606_121221\" width=\"500\" height=\"300\" srcset=\"https:\/\/www.ecurieorthezbearn.fr\/rallye\/wp-content\/uploads\/2014\/06\/20140606_121221-500x300.jpg 500w, https:\/\/www.ecurieorthezbearn.fr\/rallye\/wp-content\/uploads\/2014\/06\/20140606_121221.jpg 2048w\" sizes=\"(max-width: 500px) 100vw, 500px\" \/><\/a><\/p>\n<p>&nbsp;<\/p>\n<p><a href=\"http:\/\/www.ecurieorthezbearn.fr\/rallye\/rando-espagne\/20140606_121300\/\" rel=\"attachment wp-att-6976\"><img loading=\"lazy\" decoding=\"async\" class=\"aligncenter size-medium wp-image-6976\" src=\"http:\/\/www.ecurieorthezbearn.fr\/rallye\/wp-content\/uploads\/2014\/06\/20140606_121300-500x300.jpg\" alt=\"20140606_121300\" width=\"500\" height=\"300\" srcset=\"https:\/\/www.ecurieorthezbearn.fr\/rallye\/wp-content\/uploads\/2014\/06\/20140606_121300-500x300.jpg 500w, https:\/\/www.ecurieorthezbearn.fr\/rallye\/wp-content\/uploads\/2014\/06\/20140606_121300.jpg 2048w\" sizes=\"(max-width: 500px) 100vw, 500px\" \/><\/a><\/p>\n<p>&nbsp;<\/p>\n<figure id=\"attachment_6977\" aria-describedby=\"caption-attachment-6977\" style=\"width: 500px\" class=\"wp-caption aligncenter\"><a href=\"http:\/\/www.ecurieorthezbearn.fr\/rallye\/rando-espagne\/20140606_121309\/\" rel=\"attachment wp-att-6977\"><img loading=\"lazy\" decoding=\"async\" class=\"size-medium wp-image-6977\" src=\"http:\/\/www.ecurieorthezbearn.fr\/rallye\/wp-content\/uploads\/2014\/06\/20140606_121309-500x300.jpg\" alt=\"petit reglage sur le gps\" width=\"500\" height=\"300\" srcset=\"https:\/\/www.ecurieorthezbearn.fr\/rallye\/wp-content\/uploads\/2014\/06\/20140606_121309-500x300.jpg 500w, https:\/\/www.ecurieorthezbearn.fr\/rallye\/wp-content\/uploads\/2014\/06\/20140606_121309.jpg 2048w\" sizes=\"(max-width: 500px) 100vw, 500px\" \/><\/a><figcaption id=\"caption-attachment-6977\" class=\"wp-caption-text\">petit reglage sur le gps<\/figcaption><\/figure>\n<p>&nbsp;<\/p>\n<p><a href=\"http:\/\/www.ecurieorthezbearn.fr\/rallye\/rando-espagne\/20140606_122921\/\" rel=\"attachment wp-att-6978\"><img loading=\"lazy\" decoding=\"async\" class=\"aligncenter size-medium wp-image-6978\" src=\"http:\/\/www.ecurieorthezbearn.fr\/rallye\/wp-content\/uploads\/2014\/06\/20140606_122921-500x300.jpg\" alt=\"20140606_122921\" width=\"500\" height=\"300\" srcset=\"https:\/\/www.ecurieorthezbearn.fr\/rallye\/wp-content\/uploads\/2014\/06\/20140606_122921-500x300.jpg 500w, https:\/\/www.ecurieorthezbearn.fr\/rallye\/wp-content\/uploads\/2014\/06\/20140606_122921.jpg 2048w\" sizes=\"(max-width: 500px) 100vw, 500px\" \/><\/a><\/p>\n<p>&nbsp;<\/p>\n<figure id=\"attachment_6979\" aria-describedby=\"caption-attachment-6979\" style=\"width: 500px\" class=\"wp-caption aligncenter\"><a href=\"http:\/\/www.ecurieorthezbearn.fr\/rallye\/rando-espagne\/20140606_123128\/\" rel=\"attachment wp-att-6979\"><img loading=\"lazy\" decoding=\"async\" class=\"size-medium wp-image-6979\" src=\"http:\/\/www.ecurieorthezbearn.fr\/rallye\/wp-content\/uploads\/2014\/06\/20140606_123128-500x300.jpg\" alt=\"une petite pose \u00e0 l'ombre\" width=\"500\" height=\"300\" srcset=\"https:\/\/www.ecurieorthezbearn.fr\/rallye\/wp-content\/uploads\/2014\/06\/20140606_123128-500x300.jpg 500w, https:\/\/www.ecurieorthezbearn.fr\/rallye\/wp-content\/uploads\/2014\/06\/20140606_123128.jpg 2048w\" sizes=\"(max-width: 500px) 100vw, 500px\" \/><\/a><figcaption id=\"caption-attachment-6979\" class=\"wp-caption-text\">une petite pose \u00e0 l&rsquo;ombre<\/figcaption><\/figure>\n<p>&nbsp;<\/p>\n<figure id=\"attachment_6980\" aria-describedby=\"caption-attachment-6980\" style=\"width: 500px\" class=\"wp-caption aligncenter\"><a href=\"http:\/\/www.ecurieorthezbearn.fr\/rallye\/rando-espagne\/20140606_131118\/\" rel=\"attachment wp-att-6980\"><img loading=\"lazy\" decoding=\"async\" class=\"size-medium wp-image-6980\" src=\"http:\/\/www.ecurieorthezbearn.fr\/rallye\/wp-content\/uploads\/2014\/06\/20140606_131118-500x300.jpg\" alt=\"un bourbier venu de nul part !\" width=\"500\" height=\"300\" srcset=\"https:\/\/www.ecurieorthezbearn.fr\/rallye\/wp-content\/uploads\/2014\/06\/20140606_131118-500x300.jpg 500w, https:\/\/www.ecurieorthezbearn.fr\/rallye\/wp-content\/uploads\/2014\/06\/20140606_131118.jpg 2048w\" sizes=\"(max-width: 500px) 100vw, 500px\" \/><\/a><figcaption id=\"caption-attachment-6980\" class=\"wp-caption-text\">un bourbier venu de nul part !<\/figcaption><\/figure>\n<p>&nbsp;<\/p>\n<p><a href=\"http:\/\/www.ecurieorthezbearn.fr\/rallye\/rando-espagne\/20140606_131222\/\" rel=\"attachment wp-att-6981\"><img loading=\"lazy\" decoding=\"async\" class=\"aligncenter size-medium wp-image-6981\" src=\"http:\/\/www.ecurieorthezbearn.fr\/rallye\/wp-content\/uploads\/2014\/06\/20140606_131222-500x300.jpg\" alt=\"20140606_131222\" width=\"500\" height=\"300\" srcset=\"https:\/\/www.ecurieorthezbearn.fr\/rallye\/wp-content\/uploads\/2014\/06\/20140606_131222-500x300.jpg 500w, https:\/\/www.ecurieorthezbearn.fr\/rallye\/wp-content\/uploads\/2014\/06\/20140606_131222.jpg 2048w\" sizes=\"(max-width: 500px) 100vw, 500px\" \/><\/a><\/p>\n<p>&nbsp;<\/p>\n<p><a href=\"http:\/\/www.ecurieorthezbearn.fr\/rallye\/rando-espagne\/20140606_163816\/\" rel=\"attachment wp-att-6982\"><img loading=\"lazy\" decoding=\"async\" class=\"aligncenter size-medium wp-image-6982\" src=\"http:\/\/www.ecurieorthezbearn.fr\/rallye\/wp-content\/uploads\/2014\/06\/20140606_163816-500x300.jpg\" alt=\"20140606_163816\" width=\"500\" height=\"300\" srcset=\"https:\/\/www.ecurieorthezbearn.fr\/rallye\/wp-content\/uploads\/2014\/06\/20140606_163816-500x300.jpg 500w, https:\/\/www.ecurieorthezbearn.fr\/rallye\/wp-content\/uploads\/2014\/06\/20140606_163816.jpg 2048w\" sizes=\"(max-width: 500px) 100vw, 500px\" \/><\/a><\/p>\n<p>&nbsp;<\/p>\n<p><a href=\"http:\/\/www.ecurieorthezbearn.fr\/rallye\/rando-espagne\/20140606_153554\/\" rel=\"attachment wp-att-6983\"><img loading=\"lazy\" decoding=\"async\" class=\"aligncenter size-medium wp-image-6983\" src=\"http:\/\/www.ecurieorthezbearn.fr\/rallye\/wp-content\/uploads\/2014\/06\/20140606_153554-500x300.jpg\" alt=\"20140606_153554\" width=\"500\" height=\"300\" srcset=\"https:\/\/www.ecurieorthezbearn.fr\/rallye\/wp-content\/uploads\/2014\/06\/20140606_153554-500x300.jpg 500w, https:\/\/www.ecurieorthezbearn.fr\/rallye\/wp-content\/uploads\/2014\/06\/20140606_153554.jpg 2048w\" sizes=\"(max-width: 500px) 100vw, 500px\" \/><\/a><\/p>\n<p>&nbsp;<\/p>\n<p><a href=\"http:\/\/www.ecurieorthezbearn.fr\/rallye\/rando-espagne\/20140606_153547\/\" rel=\"attachment wp-att-6984\"><img loading=\"lazy\" decoding=\"async\" class=\"aligncenter size-medium wp-image-6984\" src=\"http:\/\/www.ecurieorthezbearn.fr\/rallye\/wp-content\/uploads\/2014\/06\/20140606_153547-500x300.jpg\" alt=\"20140606_153547\" width=\"500\" height=\"300\" srcset=\"https:\/\/www.ecurieorthezbearn.fr\/rallye\/wp-content\/uploads\/2014\/06\/20140606_153547-500x300.jpg 500w, https:\/\/www.ecurieorthezbearn.fr\/rallye\/wp-content\/uploads\/2014\/06\/20140606_153547.jpg 2048w\" sizes=\"(max-width: 500px) 100vw, 500px\" \/><\/a><\/p>\n<p>&nbsp;<\/p>\n<p><a href=\"http:\/\/www.ecurieorthezbearn.fr\/rallye\/rando-espagne\/20140606_171444\/\" rel=\"attachment wp-att-6985\"><img loading=\"lazy\" decoding=\"async\" class=\"aligncenter size-medium wp-image-6985\" src=\"http:\/\/www.ecurieorthezbearn.fr\/rallye\/wp-content\/uploads\/2014\/06\/20140606_171444-500x300.jpg\" alt=\"20140606_171444\" width=\"500\" height=\"300\" srcset=\"https:\/\/www.ecurieorthezbearn.fr\/rallye\/wp-content\/uploads\/2014\/06\/20140606_171444-500x300.jpg 500w, https:\/\/www.ecurieorthezbearn.fr\/rallye\/wp-content\/uploads\/2014\/06\/20140606_171444.jpg 2048w\" sizes=\"(max-width: 500px) 100vw, 500px\" \/><\/a><\/p>\n<p>&nbsp;<\/p>\n<p><a href=\"http:\/\/www.ecurieorthezbearn.fr\/rallye\/rando-espagne\/20140606_174545\/\" rel=\"attachment wp-att-6986\"><img loading=\"lazy\" decoding=\"async\" class=\"aligncenter size-medium wp-image-6986\" src=\"http:\/\/www.ecurieorthezbearn.fr\/rallye\/wp-content\/uploads\/2014\/06\/20140606_174545-500x300.jpg\" alt=\"20140606_174545\" width=\"500\" height=\"300\" srcset=\"https:\/\/www.ecurieorthezbearn.fr\/rallye\/wp-content\/uploads\/2014\/06\/20140606_174545-500x300.jpg 500w, https:\/\/www.ecurieorthezbearn.fr\/rallye\/wp-content\/uploads\/2014\/06\/20140606_174545.jpg 2048w\" sizes=\"(max-width: 500px) 100vw, 500px\" \/><\/a><\/p>\n<p>&nbsp;<\/p>\n<p>&nbsp;<\/p>\n<p>&nbsp;<\/p>\n<figure id=\"attachment_6987\" aria-describedby=\"caption-attachment-6987\" style=\"width: 500px\" class=\"wp-caption aligncenter\"><a href=\"http:\/\/www.ecurieorthezbearn.fr\/rallye\/rando-espagne\/20140606_182212\/\" rel=\"attachment wp-att-6987\"><img loading=\"lazy\" decoding=\"async\" class=\"size-medium wp-image-6987\" src=\"http:\/\/www.ecurieorthezbearn.fr\/rallye\/wp-content\/uploads\/2014\/06\/20140606_182212-500x300.jpg\" alt=\"l'entretien du soir est primordial  pour nos filtres  \u00e0 air\" width=\"500\" height=\"300\" srcset=\"https:\/\/www.ecurieorthezbearn.fr\/rallye\/wp-content\/uploads\/2014\/06\/20140606_182212-500x300.jpg 500w, https:\/\/www.ecurieorthezbearn.fr\/rallye\/wp-content\/uploads\/2014\/06\/20140606_182212.jpg 2048w\" sizes=\"(max-width: 500px) 100vw, 500px\" \/><\/a><figcaption id=\"caption-attachment-6987\" class=\"wp-caption-text\">l&rsquo;entretien du soir est primordial pour nos filtres \u00e0 air<\/figcaption><\/figure>\n<p>&nbsp;<\/p>\n<p>&nbsp;<\/p>\n<figure id=\"attachment_6988\" aria-describedby=\"caption-attachment-6988\" style=\"width: 500px\" class=\"wp-caption aligncenter\"><a href=\"http:\/\/www.ecurieorthezbearn.fr\/rallye\/rando-espagne\/20140606_190014\/\" rel=\"attachment wp-att-6988\"><img loading=\"lazy\" decoding=\"async\" class=\"size-medium wp-image-6988\" src=\"http:\/\/www.ecurieorthezbearn.fr\/rallye\/wp-content\/uploads\/2014\/06\/20140606_190014-500x300.jpg\" alt=\"et un bon orange dans la soir\u00e9e nous rafraichira\" width=\"500\" height=\"300\" srcset=\"https:\/\/www.ecurieorthezbearn.fr\/rallye\/wp-content\/uploads\/2014\/06\/20140606_190014-500x300.jpg 500w, https:\/\/www.ecurieorthezbearn.fr\/rallye\/wp-content\/uploads\/2014\/06\/20140606_190014.jpg 2048w\" sizes=\"(max-width: 500px) 100vw, 500px\" \/><\/a><figcaption id=\"caption-attachment-6988\" class=\"wp-caption-text\">et un bon orange dans la soir\u00e9e nous rafraichira<\/figcaption><\/figure>\n<p>&nbsp;<\/p>\n<p>&nbsp;<\/p>\n<figure id=\"attachment_6989\" aria-describedby=\"caption-attachment-6989\" style=\"width: 500px\" class=\"wp-caption aligncenter\"><a href=\"http:\/\/www.ecurieorthezbearn.fr\/rallye\/rando-espagne\/20140606_194818\/\" rel=\"attachment wp-att-6989\"><img loading=\"lazy\" decoding=\"async\" class=\"size-medium wp-image-6989\" src=\"http:\/\/www.ecurieorthezbearn.fr\/rallye\/wp-content\/uploads\/2014\/06\/20140606_194818-500x300.jpg\" alt=\"apres le douche c'est le debriefing\" width=\"500\" height=\"300\" srcset=\"https:\/\/www.ecurieorthezbearn.fr\/rallye\/wp-content\/uploads\/2014\/06\/20140606_194818-500x300.jpg 500w, https:\/\/www.ecurieorthezbearn.fr\/rallye\/wp-content\/uploads\/2014\/06\/20140606_194818.jpg 2048w\" sizes=\"(max-width: 500px) 100vw, 500px\" \/><\/a><figcaption id=\"caption-attachment-6989\" class=\"wp-caption-text\">apres le douche c&rsquo;est le debriefing<\/figcaption><\/figure>\n<p>&nbsp;<\/p>\n<p><a href=\"http:\/\/www.ecurieorthezbearn.fr\/rallye\/rando-espagne\/20140606_200210\/\" rel=\"attachment wp-att-6990\"><img loading=\"lazy\" decoding=\"async\" class=\"aligncenter size-medium wp-image-6990\" src=\"http:\/\/www.ecurieorthezbearn.fr\/rallye\/wp-content\/uploads\/2014\/06\/20140606_200210-500x300.jpg\" alt=\"20140606_200210\" width=\"500\" height=\"300\" srcset=\"https:\/\/www.ecurieorthezbearn.fr\/rallye\/wp-content\/uploads\/2014\/06\/20140606_200210-500x300.jpg 500w, https:\/\/www.ecurieorthezbearn.fr\/rallye\/wp-content\/uploads\/2014\/06\/20140606_200210.jpg 2048w\" sizes=\"(max-width: 500px) 100vw, 500px\" \/><\/a><\/p>\n<p>&nbsp;<\/p>\n<figure id=\"attachment_6992\" aria-describedby=\"caption-attachment-6992\" style=\"width: 500px\" class=\"wp-caption aligncenter\"><a href=\"http:\/\/www.ecurieorthezbearn.fr\/rallye\/rando-espagne\/20140607_083730\/\" rel=\"attachment wp-att-6992\"><img loading=\"lazy\" decoding=\"async\" class=\"size-medium wp-image-6992\" src=\"http:\/\/www.ecurieorthezbearn.fr\/rallye\/wp-content\/uploads\/2014\/06\/20140607_083730-500x300.jpg\" alt=\"jean yves\" width=\"500\" height=\"300\" srcset=\"https:\/\/www.ecurieorthezbearn.fr\/rallye\/wp-content\/uploads\/2014\/06\/20140607_083730-500x300.jpg 500w, https:\/\/www.ecurieorthezbearn.fr\/rallye\/wp-content\/uploads\/2014\/06\/20140607_083730.jpg 2048w\" sizes=\"(max-width: 500px) 100vw, 500px\" \/><\/a><figcaption id=\"caption-attachment-6992\" class=\"wp-caption-text\">jean Yves<\/figcaption><\/figure>\n<p>&nbsp;<\/p>\n<p>&nbsp;<\/p>\n<figure id=\"attachment_6993\" aria-describedby=\"caption-attachment-6993\" style=\"width: 500px\" class=\"wp-caption aligncenter\"><a href=\"http:\/\/www.ecurieorthezbearn.fr\/rallye\/rando-espagne\/20140607_083736\/\" rel=\"attachment wp-att-6993\"><img loading=\"lazy\" decoding=\"async\" class=\"size-medium wp-image-6993\" src=\"http:\/\/www.ecurieorthezbearn.fr\/rallye\/wp-content\/uploads\/2014\/06\/20140607_083736-500x300.jpg\" alt=\"lionel\" width=\"500\" height=\"300\" srcset=\"https:\/\/www.ecurieorthezbearn.fr\/rallye\/wp-content\/uploads\/2014\/06\/20140607_083736-500x300.jpg 500w, https:\/\/www.ecurieorthezbearn.fr\/rallye\/wp-content\/uploads\/2014\/06\/20140607_083736.jpg 2048w\" sizes=\"(max-width: 500px) 100vw, 500px\" \/><\/a><figcaption id=\"caption-attachment-6993\" class=\"wp-caption-text\">lionel<\/figcaption><\/figure>\n<p>&nbsp;<\/p>\n<figure id=\"attachment_6994\" aria-describedby=\"caption-attachment-6994\" style=\"width: 500px\" class=\"wp-caption aligncenter\"><a href=\"http:\/\/www.ecurieorthezbearn.fr\/rallye\/rando-espagne\/20140607_083740\/\" rel=\"attachment wp-att-6994\"><img loading=\"lazy\" decoding=\"async\" class=\"size-medium wp-image-6994\" src=\"http:\/\/www.ecurieorthezbearn.fr\/rallye\/wp-content\/uploads\/2014\/06\/20140607_083740-500x300.jpg\" alt=\"seb\" width=\"500\" height=\"300\" srcset=\"https:\/\/www.ecurieorthezbearn.fr\/rallye\/wp-content\/uploads\/2014\/06\/20140607_083740-500x300.jpg 500w, https:\/\/www.ecurieorthezbearn.fr\/rallye\/wp-content\/uploads\/2014\/06\/20140607_083740.jpg 2048w\" sizes=\"(max-width: 500px) 100vw, 500px\" \/><\/a><figcaption id=\"caption-attachment-6994\" class=\"wp-caption-text\">seb<\/figcaption><\/figure>\n<p>&nbsp;<\/p>\n<p><a href=\"http:\/\/www.ecurieorthezbearn.fr\/rallye\/rando-espagne\/20140607_084238\/\" rel=\"attachment wp-att-6995\"><img loading=\"lazy\" decoding=\"async\" class=\"aligncenter size-medium wp-image-6995\" src=\"http:\/\/www.ecurieorthezbearn.fr\/rallye\/wp-content\/uploads\/2014\/06\/20140607_084238-500x300.jpg\" alt=\"20140607_084238\" width=\"500\" height=\"300\" srcset=\"https:\/\/www.ecurieorthezbearn.fr\/rallye\/wp-content\/uploads\/2014\/06\/20140607_084238-500x300.jpg 500w, https:\/\/www.ecurieorthezbearn.fr\/rallye\/wp-content\/uploads\/2014\/06\/20140607_084238.jpg 2048w\" sizes=\"(max-width: 500px) 100vw, 500px\" \/><\/a><\/p>\n<p>&nbsp;<\/p>\n<p><a href=\"http:\/\/www.ecurieorthezbearn.fr\/rallye\/rando-espagne\/20140607_084224\/\" rel=\"attachment wp-att-6996\"><img loading=\"lazy\" decoding=\"async\" class=\"aligncenter size-medium wp-image-6996\" src=\"http:\/\/www.ecurieorthezbearn.fr\/rallye\/wp-content\/uploads\/2014\/06\/20140607_084224-500x300.jpg\" alt=\"20140607_084224\" width=\"500\" height=\"300\" srcset=\"https:\/\/www.ecurieorthezbearn.fr\/rallye\/wp-content\/uploads\/2014\/06\/20140607_084224-500x300.jpg 500w, https:\/\/www.ecurieorthezbearn.fr\/rallye\/wp-content\/uploads\/2014\/06\/20140607_084224.jpg 2048w\" sizes=\"(max-width: 500px) 100vw, 500px\" \/><\/a><\/p>\n<p>&nbsp;<\/p>\n<p><a href=\"http:\/\/www.ecurieorthezbearn.fr\/rallye\/rando-espagne\/20140607_085742\/\" rel=\"attachment wp-att-6997\"><img loading=\"lazy\" decoding=\"async\" class=\"aligncenter size-medium wp-image-6997\" src=\"http:\/\/www.ecurieorthezbearn.fr\/rallye\/wp-content\/uploads\/2014\/06\/20140607_085742-500x300.jpg\" alt=\"20140607_085742\" width=\"500\" height=\"300\" srcset=\"https:\/\/www.ecurieorthezbearn.fr\/rallye\/wp-content\/uploads\/2014\/06\/20140607_085742-500x300.jpg 500w, https:\/\/www.ecurieorthezbearn.fr\/rallye\/wp-content\/uploads\/2014\/06\/20140607_085742.jpg 2048w\" sizes=\"(max-width: 500px) 100vw, 500px\" \/><\/a><\/p>\n<p>&nbsp;<\/p>\n<p><a href=\"http:\/\/www.ecurieorthezbearn.fr\/rallye\/rando-espagne\/20140607_085510\/\" rel=\"attachment wp-att-6998\"><img loading=\"lazy\" decoding=\"async\" class=\"aligncenter size-medium wp-image-6998\" src=\"http:\/\/www.ecurieorthezbearn.fr\/rallye\/wp-content\/uploads\/2014\/06\/20140607_085510-500x300.jpg\" alt=\"20140607_085510\" width=\"500\" height=\"300\" srcset=\"https:\/\/www.ecurieorthezbearn.fr\/rallye\/wp-content\/uploads\/2014\/06\/20140607_085510-500x300.jpg 500w, https:\/\/www.ecurieorthezbearn.fr\/rallye\/wp-content\/uploads\/2014\/06\/20140607_085510.jpg 2048w\" sizes=\"(max-width: 500px) 100vw, 500px\" \/><\/a><\/p>\n<p>&nbsp;<\/p>\n<p><a href=\"http:\/\/www.ecurieorthezbearn.fr\/rallye\/rando-espagne\/20140607_085915\/\" rel=\"attachment wp-att-6999\"><img loading=\"lazy\" decoding=\"async\" class=\"aligncenter size-medium wp-image-6999\" src=\"http:\/\/www.ecurieorthezbearn.fr\/rallye\/wp-content\/uploads\/2014\/06\/20140607_085915-500x300.jpg\" alt=\"20140607_085915\" width=\"500\" height=\"300\" srcset=\"https:\/\/www.ecurieorthezbearn.fr\/rallye\/wp-content\/uploads\/2014\/06\/20140607_085915-500x300.jpg 500w, https:\/\/www.ecurieorthezbearn.fr\/rallye\/wp-content\/uploads\/2014\/06\/20140607_085915.jpg 2048w\" sizes=\"(max-width: 500px) 100vw, 500px\" \/><\/a><\/p>\n<p>&nbsp;<\/p>\n<figure id=\"attachment_7000\" aria-describedby=\"caption-attachment-7000\" style=\"width: 500px\" class=\"wp-caption aligncenter\"><a href=\"http:\/\/www.ecurieorthezbearn.fr\/rallye\/rando-espagne\/20140607_093843\/\" rel=\"attachment wp-att-7000\"><img loading=\"lazy\" decoding=\"async\" class=\"size-medium wp-image-7000\" src=\"http:\/\/www.ecurieorthezbearn.fr\/rallye\/wp-content\/uploads\/2014\/06\/20140607_093843-500x300.jpg\" alt=\"pause cafe\" width=\"500\" height=\"300\" srcset=\"https:\/\/www.ecurieorthezbearn.fr\/rallye\/wp-content\/uploads\/2014\/06\/20140607_093843-500x300.jpg 500w, https:\/\/www.ecurieorthezbearn.fr\/rallye\/wp-content\/uploads\/2014\/06\/20140607_093843.jpg 2048w\" sizes=\"(max-width: 500px) 100vw, 500px\" \/><\/a><figcaption id=\"caption-attachment-7000\" class=\"wp-caption-text\">pause cafe<\/figcaption><\/figure>\n<p>&nbsp;<\/p>\n<figure id=\"attachment_7001\" aria-describedby=\"caption-attachment-7001\" style=\"width: 500px\" class=\"wp-caption aligncenter\"><a href=\"http:\/\/www.ecurieorthezbearn.fr\/rallye\/rando-espagne\/20140607_101832\/\" rel=\"attachment wp-att-7001\"><img loading=\"lazy\" decoding=\"async\" class=\"size-medium wp-image-7001\" src=\"http:\/\/www.ecurieorthezbearn.fr\/rallye\/wp-content\/uploads\/2014\/06\/20140607_101832-500x300.jpg\" alt=\"changement de decord nous attaquons le tr\u00e8s tr\u00e8s sec !\" width=\"500\" height=\"300\" srcset=\"https:\/\/www.ecurieorthezbearn.fr\/rallye\/wp-content\/uploads\/2014\/06\/20140607_101832-500x300.jpg 500w, https:\/\/www.ecurieorthezbearn.fr\/rallye\/wp-content\/uploads\/2014\/06\/20140607_101832.jpg 2048w\" sizes=\"(max-width: 500px) 100vw, 500px\" \/><\/a><figcaption id=\"caption-attachment-7001\" class=\"wp-caption-text\">changement de decord nous attaquons le tr\u00e8s tr\u00e8s sec !<\/figcaption><\/figure>\n<p>&nbsp;<\/p>\n<p>&nbsp;<\/p>\n<p><a href=\"http:\/\/www.ecurieorthezbearn.fr\/rallye\/rando-espagne\/20140607_103027\/\" rel=\"attachment wp-att-7002\"><img loading=\"lazy\" decoding=\"async\" class=\"aligncenter size-medium wp-image-7002\" src=\"http:\/\/www.ecurieorthezbearn.fr\/rallye\/wp-content\/uploads\/2014\/06\/20140607_103027-500x300.jpg\" alt=\"20140607_103027\" width=\"500\" height=\"300\" srcset=\"https:\/\/www.ecurieorthezbearn.fr\/rallye\/wp-content\/uploads\/2014\/06\/20140607_103027-500x300.jpg 500w, https:\/\/www.ecurieorthezbearn.fr\/rallye\/wp-content\/uploads\/2014\/06\/20140607_103027.jpg 2048w\" sizes=\"(max-width: 500px) 100vw, 500px\" \/><\/a><\/p>\n<p>&nbsp;<\/p>\n<p><a href=\"http:\/\/www.ecurieorthezbearn.fr\/rallye\/rando-espagne\/20140607_101837\/\" rel=\"attachment wp-att-7003\"><img loading=\"lazy\" decoding=\"async\" class=\"aligncenter size-medium wp-image-7003\" src=\"http:\/\/www.ecurieorthezbearn.fr\/rallye\/wp-content\/uploads\/2014\/06\/20140607_101837-500x300.jpg\" alt=\"20140607_101837\" width=\"500\" height=\"300\" srcset=\"https:\/\/www.ecurieorthezbearn.fr\/rallye\/wp-content\/uploads\/2014\/06\/20140607_101837-500x300.jpg 500w, https:\/\/www.ecurieorthezbearn.fr\/rallye\/wp-content\/uploads\/2014\/06\/20140607_101837.jpg 2048w\" sizes=\"(max-width: 500px) 100vw, 500px\" \/><\/a><\/p>\n<p>&nbsp;<\/p>\n<p><a href=\"http:\/\/www.ecurieorthezbearn.fr\/rallye\/rando-espagne\/20140607_104201-2\/\" rel=\"attachment wp-att-7005\"><img loading=\"lazy\" decoding=\"async\" class=\"aligncenter size-medium wp-image-7005\" src=\"http:\/\/www.ecurieorthezbearn.fr\/rallye\/wp-content\/uploads\/2014\/06\/20140607_1042011-500x300.jpg\" alt=\"20140607_104201\" width=\"500\" height=\"300\" srcset=\"https:\/\/www.ecurieorthezbearn.fr\/rallye\/wp-content\/uploads\/2014\/06\/20140607_1042011-500x300.jpg 500w, https:\/\/www.ecurieorthezbearn.fr\/rallye\/wp-content\/uploads\/2014\/06\/20140607_1042011.jpg 2048w\" sizes=\"(max-width: 500px) 100vw, 500px\" \/><\/a><\/p>\n<p>&nbsp;<\/p>\n<p><a href=\"http:\/\/www.ecurieorthezbearn.fr\/rallye\/rando-espagne\/20140607_104603\/\" rel=\"attachment wp-att-7006\"><img loading=\"lazy\" decoding=\"async\" class=\"aligncenter size-medium wp-image-7006\" src=\"http:\/\/www.ecurieorthezbearn.fr\/rallye\/wp-content\/uploads\/2014\/06\/20140607_104603-500x300.jpg\" alt=\"20140607_104603\" width=\"500\" height=\"300\" srcset=\"https:\/\/www.ecurieorthezbearn.fr\/rallye\/wp-content\/uploads\/2014\/06\/20140607_104603-500x300.jpg 500w, https:\/\/www.ecurieorthezbearn.fr\/rallye\/wp-content\/uploads\/2014\/06\/20140607_104603.jpg 2048w\" sizes=\"(max-width: 500px) 100vw, 500px\" \/><\/a><\/p>\n<p>&nbsp;<\/p>\n<p><a href=\"http:\/\/www.ecurieorthezbearn.fr\/rallye\/rando-espagne\/20140607_104931\/\" rel=\"attachment wp-att-7007\"><img loading=\"lazy\" decoding=\"async\" class=\"aligncenter size-medium wp-image-7007\" src=\"http:\/\/www.ecurieorthezbearn.fr\/rallye\/wp-content\/uploads\/2014\/06\/20140607_104931-500x300.jpg\" alt=\"20140607_104931\" width=\"500\" height=\"300\" srcset=\"https:\/\/www.ecurieorthezbearn.fr\/rallye\/wp-content\/uploads\/2014\/06\/20140607_104931-500x300.jpg 500w, https:\/\/www.ecurieorthezbearn.fr\/rallye\/wp-content\/uploads\/2014\/06\/20140607_104931.jpg 2048w\" sizes=\"(max-width: 500px) 100vw, 500px\" \/><\/a><\/p>\n<p><a href=\"http:\/\/www.ecurieorthezbearn.fr\/rallye\/rando-espagne\/20140607_111457\/\" rel=\"attachment wp-att-7008\"><img loading=\"lazy\" decoding=\"async\" class=\"aligncenter size-medium wp-image-7008\" src=\"http:\/\/www.ecurieorthezbearn.fr\/rallye\/wp-content\/uploads\/2014\/06\/20140607_111457-500x300.jpg\" alt=\"20140607_111457\" width=\"500\" height=\"300\" srcset=\"https:\/\/www.ecurieorthezbearn.fr\/rallye\/wp-content\/uploads\/2014\/06\/20140607_111457-500x300.jpg 500w, https:\/\/www.ecurieorthezbearn.fr\/rallye\/wp-content\/uploads\/2014\/06\/20140607_111457.jpg 2048w\" sizes=\"(max-width: 500px) 100vw, 500px\" \/><\/a><\/p>\n<p>&nbsp;<\/p>\n<p><a href=\"http:\/\/www.ecurieorthezbearn.fr\/rallye\/rando-espagne\/20140607_111949\/\" rel=\"attachment wp-att-7009\"><img loading=\"lazy\" decoding=\"async\" class=\"aligncenter size-medium wp-image-7009\" src=\"http:\/\/www.ecurieorthezbearn.fr\/rallye\/wp-content\/uploads\/2014\/06\/20140607_111949-500x300.jpg\" alt=\"20140607_111949\" width=\"500\" height=\"300\" srcset=\"https:\/\/www.ecurieorthezbearn.fr\/rallye\/wp-content\/uploads\/2014\/06\/20140607_111949-500x300.jpg 500w, https:\/\/www.ecurieorthezbearn.fr\/rallye\/wp-content\/uploads\/2014\/06\/20140607_111949.jpg 2048w\" sizes=\"(max-width: 500px) 100vw, 500px\" \/><\/a><\/p>\n<p>&nbsp;<\/p>\n<p><a href=\"http:\/\/www.ecurieorthezbearn.fr\/rallye\/rando-espagne\/20140607_112852\/\" rel=\"attachment wp-att-7010\"><img loading=\"lazy\" decoding=\"async\" class=\"aligncenter size-medium wp-image-7010\" src=\"http:\/\/www.ecurieorthezbearn.fr\/rallye\/wp-content\/uploads\/2014\/06\/20140607_112852-500x300.jpg\" alt=\"20140607_112852\" width=\"500\" height=\"300\" srcset=\"https:\/\/www.ecurieorthezbearn.fr\/rallye\/wp-content\/uploads\/2014\/06\/20140607_112852-500x300.jpg 500w, https:\/\/www.ecurieorthezbearn.fr\/rallye\/wp-content\/uploads\/2014\/06\/20140607_112852.jpg 2048w\" sizes=\"(max-width: 500px) 100vw, 500px\" \/><\/a><\/p>\n<p>&nbsp;<\/p>\n<p>&nbsp;<\/p>\n<p>&nbsp;<\/p>\n<figure id=\"attachment_7011\" aria-describedby=\"caption-attachment-7011\" style=\"width: 500px\" class=\"wp-caption aligncenter\"><a href=\"http:\/\/www.ecurieorthezbearn.fr\/rallye\/rando-espagne\/20140607_113524\/\" rel=\"attachment wp-att-7011\"><img loading=\"lazy\" decoding=\"async\" class=\"size-medium wp-image-7011\" src=\"http:\/\/www.ecurieorthezbearn.fr\/rallye\/wp-content\/uploads\/2014\/06\/20140607_113524-500x300.jpg\" alt=\"seul ennuis mecanique du sejour, la rupture du porte bidon \u00e0 jean mi\" width=\"500\" height=\"300\" srcset=\"https:\/\/www.ecurieorthezbearn.fr\/rallye\/wp-content\/uploads\/2014\/06\/20140607_113524-500x300.jpg 500w, https:\/\/www.ecurieorthezbearn.fr\/rallye\/wp-content\/uploads\/2014\/06\/20140607_113524.jpg 2048w\" sizes=\"(max-width: 500px) 100vw, 500px\" \/><\/a><figcaption id=\"caption-attachment-7011\" class=\"wp-caption-text\">seul ennuis mecanique du sejour, la rupture du porte bidon \u00e0 jean mi<\/figcaption><\/figure>\n<p>&nbsp;<\/p>\n<p><a href=\"http:\/\/www.ecurieorthezbearn.fr\/rallye\/rando-espagne\/20140607_114304\/\" rel=\"attachment wp-att-7012\"><img loading=\"lazy\" decoding=\"async\" class=\"aligncenter size-medium wp-image-7012\" src=\"http:\/\/www.ecurieorthezbearn.fr\/rallye\/wp-content\/uploads\/2014\/06\/20140607_114304-500x300.jpg\" alt=\"20140607_114304\" width=\"500\" height=\"300\" srcset=\"https:\/\/www.ecurieorthezbearn.fr\/rallye\/wp-content\/uploads\/2014\/06\/20140607_114304-500x300.jpg 500w, https:\/\/www.ecurieorthezbearn.fr\/rallye\/wp-content\/uploads\/2014\/06\/20140607_114304.jpg 2048w\" sizes=\"(max-width: 500px) 100vw, 500px\" \/><\/a><\/p>\n<p>&nbsp;<\/p>\n<p><a href=\"http:\/\/www.ecurieorthezbearn.fr\/rallye\/rando-espagne\/20140607_120520\/\" rel=\"attachment wp-att-7013\"><img loading=\"lazy\" decoding=\"async\" class=\"aligncenter size-medium wp-image-7013\" src=\"http:\/\/www.ecurieorthezbearn.fr\/rallye\/wp-content\/uploads\/2014\/06\/20140607_120520-500x300.jpg\" alt=\"20140607_120520\" width=\"500\" height=\"300\" srcset=\"https:\/\/www.ecurieorthezbearn.fr\/rallye\/wp-content\/uploads\/2014\/06\/20140607_120520-500x300.jpg 500w, https:\/\/www.ecurieorthezbearn.fr\/rallye\/wp-content\/uploads\/2014\/06\/20140607_120520.jpg 2048w\" sizes=\"(max-width: 500px) 100vw, 500px\" \/><\/a><\/p>\n<p>&nbsp;<\/p>\n<figure id=\"attachment_7014\" aria-describedby=\"caption-attachment-7014\" style=\"width: 500px\" class=\"wp-caption aligncenter\"><a href=\"http:\/\/www.ecurieorthezbearn.fr\/rallye\/rando-espagne\/20140607_121433\/\" rel=\"attachment wp-att-7014\"><img loading=\"lazy\" decoding=\"async\" class=\"size-medium wp-image-7014\" src=\"http:\/\/www.ecurieorthezbearn.fr\/rallye\/wp-content\/uploads\/2014\/06\/20140607_121433-500x300.jpg\" alt=\"c'est tout droit !\" width=\"500\" height=\"300\" srcset=\"https:\/\/www.ecurieorthezbearn.fr\/rallye\/wp-content\/uploads\/2014\/06\/20140607_121433-500x300.jpg 500w, https:\/\/www.ecurieorthezbearn.fr\/rallye\/wp-content\/uploads\/2014\/06\/20140607_121433.jpg 2048w\" sizes=\"(max-width: 500px) 100vw, 500px\" \/><\/a><figcaption id=\"caption-attachment-7014\" class=\"wp-caption-text\">c&rsquo;est tout droit !<\/figcaption><\/figure>\n<p>&nbsp;<\/p>\n<p><a href=\"http:\/\/www.ecurieorthezbearn.fr\/rallye\/rando-espagne\/20140607_123152\/\" rel=\"attachment wp-att-7015\"><img loading=\"lazy\" decoding=\"async\" class=\"aligncenter size-medium wp-image-7015\" src=\"http:\/\/www.ecurieorthezbearn.fr\/rallye\/wp-content\/uploads\/2014\/06\/20140607_123152-500x300.jpg\" alt=\"20140607_123152\" width=\"500\" height=\"300\" srcset=\"https:\/\/www.ecurieorthezbearn.fr\/rallye\/wp-content\/uploads\/2014\/06\/20140607_123152-500x300.jpg 500w, https:\/\/www.ecurieorthezbearn.fr\/rallye\/wp-content\/uploads\/2014\/06\/20140607_123152.jpg 2048w\" sizes=\"(max-width: 500px) 100vw, 500px\" \/><\/a><\/p>\n<p>&nbsp;<\/p>\n<p><a href=\"http:\/\/www.ecurieorthezbearn.fr\/rallye\/rando-espagne\/20140607_121726\/\" rel=\"attachment wp-att-7016\"><img loading=\"lazy\" decoding=\"async\" class=\"aligncenter size-medium wp-image-7016\" src=\"http:\/\/www.ecurieorthezbearn.fr\/rallye\/wp-content\/uploads\/2014\/06\/20140607_121726-500x300.jpg\" alt=\"20140607_121726\" width=\"500\" height=\"300\" srcset=\"https:\/\/www.ecurieorthezbearn.fr\/rallye\/wp-content\/uploads\/2014\/06\/20140607_121726-500x300.jpg 500w, https:\/\/www.ecurieorthezbearn.fr\/rallye\/wp-content\/uploads\/2014\/06\/20140607_121726.jpg 2048w\" sizes=\"(max-width: 500px) 100vw, 500px\" \/><\/a><\/p>\n<p>&nbsp;<\/p>\n<figure id=\"attachment_7017\" aria-describedby=\"caption-attachment-7017\" style=\"width: 500px\" class=\"wp-caption aligncenter\"><a href=\"http:\/\/www.ecurieorthezbearn.fr\/rallye\/rando-espagne\/20140607_121721\/\" rel=\"attachment wp-att-7017\"><img loading=\"lazy\" decoding=\"async\" class=\"size-medium wp-image-7017\" src=\"http:\/\/www.ecurieorthezbearn.fr\/rallye\/wp-content\/uploads\/2014\/06\/20140607_121721-500x300.jpg\" alt=\"un petit coin de fraicheur\" width=\"500\" height=\"300\" srcset=\"https:\/\/www.ecurieorthezbearn.fr\/rallye\/wp-content\/uploads\/2014\/06\/20140607_121721-500x300.jpg 500w, https:\/\/www.ecurieorthezbearn.fr\/rallye\/wp-content\/uploads\/2014\/06\/20140607_121721.jpg 2048w\" sizes=\"(max-width: 500px) 100vw, 500px\" \/><\/a><figcaption id=\"caption-attachment-7017\" class=\"wp-caption-text\">un petit coin de fraicheur<\/figcaption><\/figure>\n<p>&nbsp;<\/p>\n<p><a href=\"http:\/\/www.ecurieorthezbearn.fr\/rallye\/rando-espagne\/20140607_124241\/\" rel=\"attachment wp-att-7018\"><img loading=\"lazy\" decoding=\"async\" class=\"aligncenter size-medium wp-image-7018\" src=\"http:\/\/www.ecurieorthezbearn.fr\/rallye\/wp-content\/uploads\/2014\/06\/20140607_124241-500x300.jpg\" alt=\"20140607_124241\" width=\"500\" height=\"300\" srcset=\"https:\/\/www.ecurieorthezbearn.fr\/rallye\/wp-content\/uploads\/2014\/06\/20140607_124241-500x300.jpg 500w, https:\/\/www.ecurieorthezbearn.fr\/rallye\/wp-content\/uploads\/2014\/06\/20140607_124241.jpg 2048w\" sizes=\"(max-width: 500px) 100vw, 500px\" \/><\/a><\/p>\n<p>&nbsp;<\/p>\n<p><a href=\"http:\/\/www.ecurieorthezbearn.fr\/rallye\/rando-espagne\/20140607_124509\/\" rel=\"attachment wp-att-7019\"><img loading=\"lazy\" decoding=\"async\" class=\"aligncenter size-medium wp-image-7019\" src=\"http:\/\/www.ecurieorthezbearn.fr\/rallye\/wp-content\/uploads\/2014\/06\/20140607_124509-500x300.jpg\" alt=\"20140607_124509\" width=\"500\" height=\"300\" srcset=\"https:\/\/www.ecurieorthezbearn.fr\/rallye\/wp-content\/uploads\/2014\/06\/20140607_124509-500x300.jpg 500w, https:\/\/www.ecurieorthezbearn.fr\/rallye\/wp-content\/uploads\/2014\/06\/20140607_124509.jpg 2048w\" sizes=\"(max-width: 500px) 100vw, 500px\" \/><\/a><\/p>\n<p>&nbsp;<\/p>\n<p>&nbsp;<\/p>\n<p><a href=\"http:\/\/www.ecurieorthezbearn.fr\/rallye\/rando-espagne\/20140607_125844\/\" rel=\"attachment wp-att-7020\"><img loading=\"lazy\" decoding=\"async\" class=\"aligncenter size-medium wp-image-7020\" src=\"http:\/\/www.ecurieorthezbearn.fr\/rallye\/wp-content\/uploads\/2014\/06\/20140607_125844-500x300.jpg\" alt=\"20140607_125844\" width=\"500\" height=\"300\" srcset=\"https:\/\/www.ecurieorthezbearn.fr\/rallye\/wp-content\/uploads\/2014\/06\/20140607_125844-500x300.jpg 500w, https:\/\/www.ecurieorthezbearn.fr\/rallye\/wp-content\/uploads\/2014\/06\/20140607_125844.jpg 2048w\" sizes=\"(max-width: 500px) 100vw, 500px\" \/><\/a><\/p>\n<p>&nbsp;<\/p>\n<p><a href=\"http:\/\/www.ecurieorthezbearn.fr\/rallye\/rando-espagne\/20140607_130535\/\" rel=\"attachment wp-att-7021\"><img loading=\"lazy\" decoding=\"async\" class=\"aligncenter size-medium wp-image-7021\" src=\"http:\/\/www.ecurieorthezbearn.fr\/rallye\/wp-content\/uploads\/2014\/06\/20140607_130535-500x300.jpg\" alt=\"20140607_130535\" width=\"500\" height=\"300\" srcset=\"https:\/\/www.ecurieorthezbearn.fr\/rallye\/wp-content\/uploads\/2014\/06\/20140607_130535-500x300.jpg 500w, https:\/\/www.ecurieorthezbearn.fr\/rallye\/wp-content\/uploads\/2014\/06\/20140607_130535.jpg 2048w\" sizes=\"(max-width: 500px) 100vw, 500px\" \/><\/a><\/p>\n<p>&nbsp;<\/p>\n<p><a href=\"http:\/\/www.ecurieorthezbearn.fr\/rallye\/rando-espagne\/20140607_132133\/\" rel=\"attachment wp-att-7022\"><img loading=\"lazy\" decoding=\"async\" class=\"aligncenter size-medium wp-image-7022\" src=\"http:\/\/www.ecurieorthezbearn.fr\/rallye\/wp-content\/uploads\/2014\/06\/20140607_132133-500x300.jpg\" alt=\"20140607_132133\" width=\"500\" height=\"300\" srcset=\"https:\/\/www.ecurieorthezbearn.fr\/rallye\/wp-content\/uploads\/2014\/06\/20140607_132133-500x300.jpg 500w, https:\/\/www.ecurieorthezbearn.fr\/rallye\/wp-content\/uploads\/2014\/06\/20140607_132133.jpg 2048w\" sizes=\"(max-width: 500px) 100vw, 500px\" \/><\/a><\/p>\n<p>&nbsp;<\/p>\n<p><a href=\"http:\/\/www.ecurieorthezbearn.fr\/rallye\/rando-espagne\/20140607_132420\/\" rel=\"attachment wp-att-7023\"><img loading=\"lazy\" decoding=\"async\" class=\"aligncenter size-medium wp-image-7023\" src=\"http:\/\/www.ecurieorthezbearn.fr\/rallye\/wp-content\/uploads\/2014\/06\/20140607_132420-500x300.jpg\" alt=\"20140607_132420\" width=\"500\" height=\"300\" srcset=\"https:\/\/www.ecurieorthezbearn.fr\/rallye\/wp-content\/uploads\/2014\/06\/20140607_132420-500x300.jpg 500w, https:\/\/www.ecurieorthezbearn.fr\/rallye\/wp-content\/uploads\/2014\/06\/20140607_132420.jpg 2048w\" sizes=\"(max-width: 500px) 100vw, 500px\" \/><\/a><\/p>\n<p>&nbsp;<\/p>\n<figure id=\"attachment_7024\" aria-describedby=\"caption-attachment-7024\" style=\"width: 500px\" class=\"wp-caption aligncenter\"><a href=\"http:\/\/www.ecurieorthezbearn.fr\/rallye\/rando-espagne\/20140607_141622\/\" rel=\"attachment wp-att-7024\"><img loading=\"lazy\" decoding=\"async\" class=\"size-medium wp-image-7024\" src=\"http:\/\/www.ecurieorthezbearn.fr\/rallye\/wp-content\/uploads\/2014\/06\/20140607_141622-500x300.jpg\" alt=\"arret photos devant un superbe canyon\" width=\"500\" height=\"300\" srcset=\"https:\/\/www.ecurieorthezbearn.fr\/rallye\/wp-content\/uploads\/2014\/06\/20140607_141622-500x300.jpg 500w, https:\/\/www.ecurieorthezbearn.fr\/rallye\/wp-content\/uploads\/2014\/06\/20140607_141622.jpg 2048w\" sizes=\"(max-width: 500px) 100vw, 500px\" \/><\/a><figcaption id=\"caption-attachment-7024\" class=\"wp-caption-text\">arret photos devant un superbe canyon<\/figcaption><\/figure>\n<p>&nbsp;<\/p>\n<p>&nbsp;<\/p>\n<p><a href=\"http:\/\/www.ecurieorthezbearn.fr\/rallye\/rando-espagne\/20140607_141706\/\" rel=\"attachment wp-att-7025\"><img loading=\"lazy\" decoding=\"async\" class=\"aligncenter size-medium wp-image-7025\" src=\"http:\/\/www.ecurieorthezbearn.fr\/rallye\/wp-content\/uploads\/2014\/06\/20140607_141706-500x300.jpg\" alt=\"20140607_141706\" width=\"500\" height=\"300\" srcset=\"https:\/\/www.ecurieorthezbearn.fr\/rallye\/wp-content\/uploads\/2014\/06\/20140607_141706-500x300.jpg 500w, https:\/\/www.ecurieorthezbearn.fr\/rallye\/wp-content\/uploads\/2014\/06\/20140607_141706.jpg 2048w\" sizes=\"(max-width: 500px) 100vw, 500px\" \/><\/a><\/p>\n<p>&nbsp;<\/p>\n<p><a href=\"http:\/\/www.ecurieorthezbearn.fr\/rallye\/rando-espagne\/20140607_141737\/\" rel=\"attachment wp-att-7026\"><img loading=\"lazy\" decoding=\"async\" class=\"aligncenter size-medium wp-image-7026\" src=\"http:\/\/www.ecurieorthezbearn.fr\/rallye\/wp-content\/uploads\/2014\/06\/20140607_141737-500x300.jpg\" alt=\"20140607_141737\" width=\"500\" height=\"300\" srcset=\"https:\/\/www.ecurieorthezbearn.fr\/rallye\/wp-content\/uploads\/2014\/06\/20140607_141737-500x300.jpg 500w, https:\/\/www.ecurieorthezbearn.fr\/rallye\/wp-content\/uploads\/2014\/06\/20140607_141737.jpg 2048w\" sizes=\"(max-width: 500px) 100vw, 500px\" \/><\/a><\/p>\n<p>&nbsp;<\/p>\n<p><a href=\"http:\/\/www.ecurieorthezbearn.fr\/rallye\/rando-espagne\/20140607_124340\/\" rel=\"attachment wp-att-7027\"><img loading=\"lazy\" decoding=\"async\" class=\"aligncenter size-medium wp-image-7027\" src=\"http:\/\/www.ecurieorthezbearn.fr\/rallye\/wp-content\/uploads\/2014\/06\/20140607_124340-500x300.jpg\" alt=\"20140607_124340\" width=\"500\" height=\"300\" srcset=\"https:\/\/www.ecurieorthezbearn.fr\/rallye\/wp-content\/uploads\/2014\/06\/20140607_124340-500x300.jpg 500w, https:\/\/www.ecurieorthezbearn.fr\/rallye\/wp-content\/uploads\/2014\/06\/20140607_124340.jpg 2048w\" sizes=\"(max-width: 500px) 100vw, 500px\" \/><\/a><\/p>\n<p>&nbsp;<\/p>\n<p><a href=\"http:\/\/www.ecurieorthezbearn.fr\/rallye\/rando-espagne\/20140607_172222\/\" rel=\"attachment wp-att-7029\"><img loading=\"lazy\" decoding=\"async\" class=\"aligncenter size-medium wp-image-7029\" src=\"http:\/\/www.ecurieorthezbearn.fr\/rallye\/wp-content\/uploads\/2014\/06\/20140607_172222-500x300.jpg\" alt=\"20140607_172222\" width=\"500\" height=\"300\" srcset=\"https:\/\/www.ecurieorthezbearn.fr\/rallye\/wp-content\/uploads\/2014\/06\/20140607_172222-500x300.jpg 500w, https:\/\/www.ecurieorthezbearn.fr\/rallye\/wp-content\/uploads\/2014\/06\/20140607_172222.jpg 2048w\" sizes=\"(max-width: 500px) 100vw, 500px\" \/><\/a><\/p>\n<p>&nbsp;<\/p>\n<p><a href=\"http:\/\/www.ecurieorthezbearn.fr\/rallye\/rando-espagne\/20140607_172217\/\" rel=\"attachment wp-att-7028\"><img loading=\"lazy\" decoding=\"async\" class=\"aligncenter size-medium wp-image-7028\" src=\"http:\/\/www.ecurieorthezbearn.fr\/rallye\/wp-content\/uploads\/2014\/06\/20140607_172217-500x300.jpg\" alt=\"20140607_172217\" width=\"500\" height=\"300\" srcset=\"https:\/\/www.ecurieorthezbearn.fr\/rallye\/wp-content\/uploads\/2014\/06\/20140607_172217-500x300.jpg 500w, https:\/\/www.ecurieorthezbearn.fr\/rallye\/wp-content\/uploads\/2014\/06\/20140607_172217.jpg 2048w\" sizes=\"(max-width: 500px) 100vw, 500px\" \/><\/a><\/p>\n<p>&nbsp;<\/p>\n<p><a href=\"http:\/\/www.ecurieorthezbearn.fr\/rallye\/rando-espagne\/20140607_172238\/\" rel=\"attachment wp-att-7030\"><img loading=\"lazy\" decoding=\"async\" class=\"aligncenter size-medium wp-image-7030\" src=\"http:\/\/www.ecurieorthezbearn.fr\/rallye\/wp-content\/uploads\/2014\/06\/20140607_172238-500x300.jpg\" alt=\"20140607_172238\" width=\"500\" height=\"300\" srcset=\"https:\/\/www.ecurieorthezbearn.fr\/rallye\/wp-content\/uploads\/2014\/06\/20140607_172238-500x300.jpg 500w, https:\/\/www.ecurieorthezbearn.fr\/rallye\/wp-content\/uploads\/2014\/06\/20140607_172238.jpg 2048w\" sizes=\"(max-width: 500px) 100vw, 500px\" \/><\/a><\/p>\n<p>&nbsp;<\/p>\n<p><a href=\"http:\/\/www.ecurieorthezbearn.fr\/rallye\/rando-espagne\/20140607_172149\/\" rel=\"attachment wp-att-7031\"><img loading=\"lazy\" decoding=\"async\" class=\"aligncenter size-medium wp-image-7031\" src=\"http:\/\/www.ecurieorthezbearn.fr\/rallye\/wp-content\/uploads\/2014\/06\/20140607_172149-500x300.jpg\" alt=\"20140607_172149\" width=\"500\" height=\"300\" srcset=\"https:\/\/www.ecurieorthezbearn.fr\/rallye\/wp-content\/uploads\/2014\/06\/20140607_172149-500x300.jpg 500w, https:\/\/www.ecurieorthezbearn.fr\/rallye\/wp-content\/uploads\/2014\/06\/20140607_172149.jpg 2048w\" sizes=\"(max-width: 500px) 100vw, 500px\" \/><\/a><\/p>\n<p>&nbsp;<\/p>\n<figure id=\"attachment_7032\" aria-describedby=\"caption-attachment-7032\" style=\"width: 500px\" class=\"wp-caption aligncenter\"><a href=\"http:\/\/www.ecurieorthezbearn.fr\/rallye\/rando-espagne\/20140607_193050\/\" rel=\"attachment wp-att-7032\"><img loading=\"lazy\" decoding=\"async\" class=\"size-medium wp-image-7032\" src=\"http:\/\/www.ecurieorthezbearn.fr\/rallye\/wp-content\/uploads\/2014\/06\/20140607_193050-500x300.jpg\" alt=\"nous l'avons bien tous m\u00e9rit\u00e9 non ?\" width=\"500\" height=\"300\" srcset=\"https:\/\/www.ecurieorthezbearn.fr\/rallye\/wp-content\/uploads\/2014\/06\/20140607_193050-500x300.jpg 500w, https:\/\/www.ecurieorthezbearn.fr\/rallye\/wp-content\/uploads\/2014\/06\/20140607_193050.jpg 2048w\" sizes=\"(max-width: 500px) 100vw, 500px\" \/><\/a><figcaption id=\"caption-attachment-7032\" class=\"wp-caption-text\">nous l&rsquo;avons bien tous m\u00e9rit\u00e9 non ?<\/figcaption><\/figure>\n<p>&nbsp;<\/p>\n<p>&nbsp;<\/p>\n<p>Un grand merci \u00e0 Lionel et Jean mi pour ce magnifique trac\u00e9 , pour leur remorque et leur v\u00e9hicule. Merci \u00e0 Jean Yves pour sa remorque et son 4&#215;4 , ainsi que ses traductions .<\/p>\n<p>Un grand merci pour ce beau cadeau d&rsquo;anniversaire .<\/p>\n<p>Arnaud<\/p>\n","protected":false},"excerpt":{"rendered":"<p>Du 5 au 9 juin la section quad\u00a0est partie sur les pistes espagnoles pour trois journ\u00e9es de quad avec de superbes \u00e9tapes rapides et de superbes paysages. Jean mi, Lionel ont trac\u00e9s trois boucles autour de notre hotel, ce qui nous a permis de ne pas avoir d&rsquo;assistance. Nous sommes sept chez Seb pour le &hellip; <a href=\"https:\/\/www.ecurieorthezbearn.fr\/rallye\/rando-espagne\/\" class=\"more-link\">Continuer la lecture de <span class=\"screen-reader-text\">RANDO ESPAGNE<\/span>  <span class=\"meta-nav\">&rarr;<\/span><\/a><\/p>\n","protected":false},"author":4,"featured_media":0,"comment_status":"closed","ping_status":"closed","sticky":false,"template":"","format":"standard","meta":{"footnotes":""},"categories":[1,39],"tags":[],"_links":{"self":[{"href":"https:\/\/www.ecurieorthezbearn.fr\/rallye\/wp-json\/wp\/v2\/posts\/6937"}],"collection":[{"href":"https:\/\/www.ecurieorthezbearn.fr\/rallye\/wp-json\/wp\/v2\/posts"}],"about":[{"href":"https:\/\/www.ecurieorthezbearn.fr\/rallye\/wp-json\/wp\/v2\/types\/post"}],"author":[{"embeddable":true,"href":"https:\/\/www.ecurieorthezbearn.fr\/rallye\/wp-json\/wp\/v2\/users\/4"}],"replies":[{"embeddable":true,"href":"https:\/\/www.ecurieorthezbearn.fr\/rallye\/wp-json\/wp\/v2\/comments?post=6937"}],"version-history":[{"count":8,"href":"https:\/\/www.ecurieorthezbearn.fr\/rallye\/wp-json\/wp\/v2\/posts\/6937\/revisions"}],"predecessor-version":[{"id":7036,"href":"https:\/\/www.ecurieorthezbearn.fr\/rallye\/wp-json\/wp\/v2\/posts\/6937\/revisions\/7036"}],"wp:attachment":[{"href":"https:\/\/www.ecurieorthezbearn.fr\/rallye\/wp-json\/wp\/v2\/media?parent=6937"}],"wp:term":[{"taxonomy":"category","embeddable":true,"href":"https:\/\/www.ecurieorthezbearn.fr\/rallye\/wp-json\/wp\/v2\/categories?post=6937"},{"taxonomy":"post_tag","embeddable":true,"href":"https:\/\/www.ecurieorthezbearn.fr\/rallye\/wp-json\/wp\/v2\/tags?post=6937"}],"curies":[{"name":"wp","href":"https:\/\/api.w.org\/{rel}","templated":true}]}}