{"id":7153,"date":"2014-08-11T07:20:27","date_gmt":"2014-08-11T05:20:27","guid":{"rendered":"http:\/\/www.ecurieorthezbearn.fr\/rallye\/?p=7153"},"modified":"2014-08-13T08:19:42","modified_gmt":"2014-08-13T06:19:42","slug":"ils-en-parlent_2014","status":"publish","type":"post","link":"https:\/\/www.ecurieorthezbearn.fr\/rallye\/ils-en-parlent_2014\/","title":{"rendered":"Ils en ont parl\u00e9"},"content":{"rendered":"<p>&nbsp;<\/p>\n<p><a title=\"Article Marie-France Estenave La r\u00e9publique des Pyr\u00e9n\u00e9es Rallye Tout-Terrain Orthez-B\u00e9arn 2014\" href=\"http:\/\/www.larepubliquedespyrenees.fr\/2014\/08\/07\/rallye-tout-terrain-orthez-bearn-les-infos-pratiques,1205079.php\" target=\"_blank\">La R\u00e9publique des Pyr\u00e9n\u00e9es<\/a><\/p>\n<p><a title=\"Rallye Tout-Terrain 2014 Orthez-B\u00e9arn\" href=\"http:\/\/www.larepubliquedespyrenees.fr\/2014\/08\/08\/rallye-d-orthez-bearn-le-parcours-vu-par-anicet-garicoix,1205261.php\" target=\"_blank\">La R\u00e9publique des Pyr\u00e9n\u00e9es<\/a><\/p>\n<p><a title=\"Rallye Tout-Terrain Orthez-B\u00e9arn 2014\" href=\"http:\/\/www.larepubliquedespyrenees.fr\/2014\/08\/10\/anicet-garicoix-remporte-son-3e-rallye-d-orthez-les-classements,1205525.php\" target=\"_blank\">La R\u00e9publique des Pyr\u00e9n\u00e9es<\/a><\/p>\n<p><a title=\"Rallye Tout-Terrain Orthez-B\u00e9arn 2014\" href=\"http:\/\/www.sudouest.fr\/2014\/08\/06\/orthez-un-plateau-exceptionnel-au-rallye-tout-terrain-1635061-4329.php\" target=\"_blank\">Sud-Ouest<\/a><\/p>\n<p><a title=\"Bassercles aime le rallye Tout-Terrain Orthez-B\u00e9arn !\" href=\"http:\/\/www.sudouest.fr\/2014\/07\/31\/animations-au-village-1629979-3292.php\" target=\"_blank\">Sud-Ouest<\/a><\/p>\n<p><a title=\"Rallye tout-terrain Orthez-B\u00e9arn 2014\" href=\"http:\/\/www.sudouest.fr\/2014\/08\/08\/orthez-tout-savoir-pour-assister-au-14e-rallye-tout-terrain-1637304-4329.php\" target=\"_blank\">Sud-Ouest<\/a><\/p>\n<p><a title=\"Rallye Tout-Terrain Orthez-B\u00e9arn 2014\" href=\"http:\/\/www.sudouest.fr\/2014\/08\/09\/que-les-moteurs-vrombissent-1637844-4049.php\" target=\"_blank\">Sud-Ouest<\/a><\/p>\n<p><a title=\"Rallye Tout-Terrain Orthez-B\u00e9arn 2014\" href=\"http:\/\/www.sudouest.fr\/2014\/08\/11\/garicoix-plus-constant-1639028-4329.php\" target=\"_blank\">Sud-Ouest<\/a><\/p>\n<p><a title=\"Rallye Tout-Terrain 2014 Orthez-B\u00e9arn\" href=\"http:\/\/www.sudouest.fr\/2014\/08\/11\/garicoix-plus-constant-1639028-4329.php\" target=\"_blank\">Sud-Ouest<\/a><\/p>\n<p><a title=\"ActuMeca rallye Orthez B\u00e9arn 2014\" href=\"http:\/\/www.actumecanique.fr\/spip.php?article4100\" target=\"_blank\">actumecanique.fr<\/a><\/p>\n<p><a title=\"ActuMeca Rallye Orthez-B\u00e9arn 2014\" href=\"http:\/\/www.actumecanique.fr\/spip.php?article4092\" target=\"_blank\">actumecanique.fr<\/a><\/p>\n<p><a href=\"http:\/\/www.mfe-live.com\/index.php\/accueil\/autres-actualites\/67-tout-terrain\/19237-rallye-tt-orthez-le-retour-de-laurent-fouquet\" target=\"_blank\">MFE<\/a><\/p>\n<p><a href=\"http:\/\/www.mfe-live.com\/index.php\/accueil\/autres-actualites\/67-tout-terrain\/19236-rallye-tt-orthez-avec-le-noyau-dur-de-la-discipline\" target=\"_blank\">MFE<\/a><\/p>\n<p><a href=\"http:\/\/www.mfe-live.com\/index.php\/52-editorial\/edito-raid\/19247-un-essai-grandeur-nature-pour-laurent-fouquet\" target=\"_blank\">MFE<\/a><\/p>\n<p><a href=\"http:\/\/www.mfe-live.com\/index.php\/accueil\/autres-actualites\/67-tout-terrain\/19246-rallye-tt-orthez-ils-sont-dix-a-pouvoir-gagner\" target=\"_blank\">MFE<\/a><\/p>\n<p><a title=\"Rallye Tout-Terrain 2014 Orthez-B\u00e9arn\" href=\"http:\/\/www.mfe-live.com\/index.php\/accueil\/autres-actualites\/67-tout-terrain\/19253-rallye-tt-orthez-garicoix-cami-heureux-vainqueurs\" target=\"_blank\">MFE<\/a><\/p>\n<p><a title=\"Rallye Tou-Terrain 2014 Orthez-B\u00e9arn\" href=\"http:\/\/www.mfe-live.com\/index.php\/accueil\/autres-actualites\/67-tout-terrain\/19250-rallye-tt-orthez-dronde-tient-garicoix\" target=\"_blank\">MFE<\/a><\/p>\n<p>&nbsp;<\/p>\n<p><a title=\"ils ont parl\u00e9 du rallye tout-terrain Orthez-b\u00e9arn 2013\" href=\"http:\/\/www.ecurieorthezbearn.fr\/rallye\/ils-en-ont-parle_2013\/\" target=\"_blank\">Ils en ont parl\u00e9 en 2013<\/a><\/p>\n","protected":false},"excerpt":{"rendered":"<p>&nbsp; La R\u00e9publique des Pyr\u00e9n\u00e9es La R\u00e9publique des Pyr\u00e9n\u00e9es La R\u00e9publique des Pyr\u00e9n\u00e9es Sud-Ouest Sud-Ouest Sud-Ouest Sud-Ouest Sud-Ouest Sud-Ouest actumecanique.fr actumecanique.fr MFE MFE MFE MFE MFE MFE &nbsp; Ils en ont parl\u00e9 en 2013<\/p>\n","protected":false},"author":6,"featured_media":0,"comment_status":"closed","ping_status":"closed","sticky":false,"template":"","format":"standard","meta":{"footnotes":""},"categories":[187,188,189,179],"tags":[180,27,7,103,28],"_links":{"self":[{"href":"https:\/\/www.ecurieorthezbearn.fr\/rallye\/wp-json\/wp\/v2\/posts\/7153"}],"collection":[{"href":"https:\/\/www.ecurieorthezbearn.fr\/rallye\/wp-json\/wp\/v2\/posts"}],"about":[{"href":"https:\/\/www.ecurieorthezbearn.fr\/rallye\/wp-json\/wp\/v2\/types\/post"}],"author":[{"embeddable":true,"href":"https:\/\/www.ecurieorthezbearn.fr\/rallye\/wp-json\/wp\/v2\/users\/6"}],"replies":[{"embeddable":true,"href":"https:\/\/www.ecurieorthezbearn.fr\/rallye\/wp-json\/wp\/v2\/comments?post=7153"}],"version-history":[{"count":17,"href":"https:\/\/www.ecurieorthezbearn.fr\/rallye\/wp-json\/wp\/v2\/posts\/7153\/revisions"}],"predecessor-version":[{"id":7232,"href":"https:\/\/www.ecurieorthezbearn.fr\/rallye\/wp-json\/wp\/v2\/posts\/7153\/revisions\/7232"}],"wp:attachment":[{"href":"https:\/\/www.ecurieorthezbearn.fr\/rallye\/wp-json\/wp\/v2\/media?parent=7153"}],"wp:term":[{"taxonomy":"category","embeddable":true,"href":"https:\/\/www.ecurieorthezbearn.fr\/rallye\/wp-json\/wp\/v2\/categories?post=7153"},{"taxonomy":"post_tag","embeddable":true,"href":"https:\/\/www.ecurieorthezbearn.fr\/rallye\/wp-json\/wp\/v2\/tags?post=7153"}],"curies":[{"name":"wp","href":"https:\/\/api.w.org\/{rel}","templated":true}]}}