{"id":8202,"date":"2015-10-11T20:36:17","date_gmt":"2015-10-11T18:36:17","guid":{"rendered":"http:\/\/www.ecurieorthezbearn.fr\/rallye\/?p=8202"},"modified":"2015-10-28T21:56:38","modified_gmt":"2015-10-28T20:56:38","slug":"autonme-au-portugal","status":"publish","type":"post","link":"https:\/\/www.ecurieorthezbearn.fr\/rallye\/autonme-au-portugal\/","title":{"rendered":"AUTONME AU PORTUGAL"},"content":{"rendered":"<p>Nouvelle \u00e9dition de notre rando quad au Portugal qui s&rsquo;est d\u00e9roul\u00e9e du 17 au 24 octobre 2015. Nous partons d\u00e8s dimanche 4 heure du matin, 80 km nous attendent d\u00e9j\u00e0 trac\u00e9s par Lionel , jean mi et Laurent.<\/p>\n<p>Le voyage se passe sans probl\u00e8me, avec une arriv\u00e9e vers midi. Deux v\u00e9hicules avec trois quads\u00a0 sur deux portes auto sont pr\u00e9vus.<\/p>\n<p>Malheureusement le plan B sera obligatoire, une pluie soutenue tout l&rsquo;apr\u00e8s midi nous oblige\u00a0\u00e0 nous rendre directement\u00a0\u00e0 notre premier camping . Le d\u00e9chargement se d\u00e9roule rapidement et nous prenons place dans deux bungalows r\u00e9serv\u00e9s par jean mi.<\/p>\n<p>&nbsp;<\/p>\n<p><a href=\"http:\/\/www.ecurieorthezbearn.fr\/rallye\/autonme-au-portugal\/20151018_110051\/\" rel=\"attachment wp-att-8203\"><img loading=\"lazy\" decoding=\"async\" class=\"aligncenter size-medium wp-image-8203\" src=\"http:\/\/www.ecurieorthezbearn.fr\/rallye\/wp-content\/uploads\/2015\/10\/20151018_110051-500x281.jpg\" alt=\"20151018_110051\" width=\"500\" height=\"281\" srcset=\"https:\/\/www.ecurieorthezbearn.fr\/rallye\/wp-content\/uploads\/2015\/10\/20151018_110051-500x281.jpg 500w, https:\/\/www.ecurieorthezbearn.fr\/rallye\/wp-content\/uploads\/2015\/10\/20151018_110051.jpg 2048w\" sizes=\"(max-width: 500px) 100vw, 500px\" \/><\/a><\/p>\n<p>&nbsp;<\/p>\n<p>&nbsp;<\/p>\n<figure id=\"attachment_8207\" aria-describedby=\"caption-attachment-8207\" style=\"width: 500px\" class=\"wp-caption aligncenter\"><a href=\"http:\/\/www.ecurieorthezbearn.fr\/rallye\/autonme-au-portugal\/20151018_113537\/\" rel=\"attachment wp-att-8207\"><img loading=\"lazy\" decoding=\"async\" class=\"size-medium wp-image-8207\" src=\"http:\/\/www.ecurieorthezbearn.fr\/rallye\/wp-content\/uploads\/2015\/10\/20151018_113537-500x281.jpg\" alt=\"la traditionnelle super book martini n'est pas oubli\u00e9e avant le repas \" width=\"500\" height=\"281\" srcset=\"https:\/\/www.ecurieorthezbearn.fr\/rallye\/wp-content\/uploads\/2015\/10\/20151018_113537-500x281.jpg 500w, https:\/\/www.ecurieorthezbearn.fr\/rallye\/wp-content\/uploads\/2015\/10\/20151018_113537.jpg 2048w\" sizes=\"(max-width: 500px) 100vw, 500px\" \/><\/a><figcaption id=\"caption-attachment-8207\" class=\"wp-caption-text\">la traditionnelle super bock martini n&rsquo;est pas oubli\u00e9e avant le repas<\/figcaption><\/figure>\n<p><a href=\"http:\/\/www.ecurieorthezbearn.fr\/rallye\/autonme-au-portugal\/20151018_121956\/\" rel=\"attachment wp-att-8208\"><img loading=\"lazy\" decoding=\"async\" class=\"size-medium wp-image-8208 aligncenter\" src=\"http:\/\/www.ecurieorthezbearn.fr\/rallye\/wp-content\/uploads\/2015\/10\/20151018_121956-500x281.jpg\" alt=\"le voyage \u00e0 \u00e9t\u00e9 tres fatiguant !\" width=\"500\" height=\"281\" srcset=\"https:\/\/www.ecurieorthezbearn.fr\/rallye\/wp-content\/uploads\/2015\/10\/20151018_121956-500x281.jpg 500w, https:\/\/www.ecurieorthezbearn.fr\/rallye\/wp-content\/uploads\/2015\/10\/20151018_121956.jpg 2048w\" sizes=\"(max-width: 500px) 100vw, 500px\" \/><\/a><\/p>\n<p><a href=\"http:\/\/www.ecurieorthezbearn.fr\/rallye\/autonme-au-portugal\/20151018_161829\/\" rel=\"attachment wp-att-8209\"><img loading=\"lazy\" decoding=\"async\" class=\"size-medium wp-image-8209 aligncenter\" src=\"http:\/\/www.ecurieorthezbearn.fr\/rallye\/wp-content\/uploads\/2015\/10\/20151018_161829-500x281.jpg\" alt=\"notre arriv\u00e9e au camping\" width=\"500\" height=\"281\" srcset=\"https:\/\/www.ecurieorthezbearn.fr\/rallye\/wp-content\/uploads\/2015\/10\/20151018_161829-500x281.jpg 500w, https:\/\/www.ecurieorthezbearn.fr\/rallye\/wp-content\/uploads\/2015\/10\/20151018_161829.jpg 2048w\" sizes=\"(max-width: 500px) 100vw, 500px\" \/><\/a><\/p>\n<p>&nbsp;<\/p>\n<p><a href=\"http:\/\/www.ecurieorthezbearn.fr\/rallye\/autonme-au-portugal\/20151018_162936\/\" rel=\"attachment wp-att-8210\"><img loading=\"lazy\" decoding=\"async\" class=\"size-medium wp-image-8210 aligncenter\" src=\"http:\/\/www.ecurieorthezbearn.fr\/rallye\/wp-content\/uploads\/2015\/10\/20151018_162936-500x281.jpg\" alt=\"nos deux bungalows\" width=\"500\" height=\"281\" srcset=\"https:\/\/www.ecurieorthezbearn.fr\/rallye\/wp-content\/uploads\/2015\/10\/20151018_162936-500x281.jpg 500w, https:\/\/www.ecurieorthezbearn.fr\/rallye\/wp-content\/uploads\/2015\/10\/20151018_162936.jpg 2048w\" sizes=\"(max-width: 500px) 100vw, 500px\" \/><\/a><\/p>\n<p>Dimanche , d\u00e9part 8h , une petite bruine passag\u00e8re nous accompagne et c&rsquo;est parti pour une longue et superbe journ\u00e9e de quad.<\/p>\n<p><a href=\"http:\/\/www.ecurieorthezbearn.fr\/rallye\/autonme-au-portugal\/20151019_100254\/\" rel=\"attachment wp-att-8211\"><img loading=\"lazy\" decoding=\"async\" class=\"aligncenter size-medium wp-image-8211\" src=\"http:\/\/www.ecurieorthezbearn.fr\/rallye\/wp-content\/uploads\/2015\/10\/20151019_100254-500x281.jpg\" alt=\"20151019_100254\" width=\"500\" height=\"281\" srcset=\"https:\/\/www.ecurieorthezbearn.fr\/rallye\/wp-content\/uploads\/2015\/10\/20151019_100254-500x281.jpg 500w, https:\/\/www.ecurieorthezbearn.fr\/rallye\/wp-content\/uploads\/2015\/10\/20151019_100254.jpg 2048w\" sizes=\"(max-width: 500px) 100vw, 500px\" \/><\/a><\/p>\n<p><a href=\"http:\/\/www.ecurieorthezbearn.fr\/rallye\/autonme-au-portugal\/20151019_100756\/\" rel=\"attachment wp-att-8212\"><img loading=\"lazy\" decoding=\"async\" class=\"aligncenter size-medium wp-image-8212\" src=\"http:\/\/www.ecurieorthezbearn.fr\/rallye\/wp-content\/uploads\/2015\/10\/20151019_100756-500x281.jpg\" alt=\"20151019_100756\" width=\"500\" height=\"281\" srcset=\"https:\/\/www.ecurieorthezbearn.fr\/rallye\/wp-content\/uploads\/2015\/10\/20151019_100756-500x281.jpg 500w, https:\/\/www.ecurieorthezbearn.fr\/rallye\/wp-content\/uploads\/2015\/10\/20151019_100756.jpg 2048w\" sizes=\"(max-width: 500px) 100vw, 500px\" \/><\/a><\/p>\n<p><a href=\"http:\/\/www.ecurieorthezbearn.fr\/rallye\/autonme-au-portugal\/20151019_100808\/\" rel=\"attachment wp-att-8213\"><img loading=\"lazy\" decoding=\"async\" class=\"aligncenter size-medium wp-image-8213\" src=\"http:\/\/www.ecurieorthezbearn.fr\/rallye\/wp-content\/uploads\/2015\/10\/20151019_100808-500x281.jpg\" alt=\"20151019_100808\" width=\"500\" height=\"281\" srcset=\"https:\/\/www.ecurieorthezbearn.fr\/rallye\/wp-content\/uploads\/2015\/10\/20151019_100808-500x281.jpg 500w, https:\/\/www.ecurieorthezbearn.fr\/rallye\/wp-content\/uploads\/2015\/10\/20151019_100808.jpg 2048w\" sizes=\"(max-width: 500px) 100vw, 500px\" \/><\/a><\/p>\n<p><a href=\"http:\/\/www.ecurieorthezbearn.fr\/rallye\/autonme-au-portugal\/20151019_100918\/\" rel=\"attachment wp-att-8214\"><img loading=\"lazy\" decoding=\"async\" class=\"aligncenter size-medium wp-image-8214\" src=\"http:\/\/www.ecurieorthezbearn.fr\/rallye\/wp-content\/uploads\/2015\/10\/20151019_100918-500x281.jpg\" alt=\"20151019_100918\" width=\"500\" height=\"281\" srcset=\"https:\/\/www.ecurieorthezbearn.fr\/rallye\/wp-content\/uploads\/2015\/10\/20151019_100918-500x281.jpg 500w, https:\/\/www.ecurieorthezbearn.fr\/rallye\/wp-content\/uploads\/2015\/10\/20151019_100918.jpg 2048w\" sizes=\"(max-width: 500px) 100vw, 500px\" \/><\/a><\/p>\n<p><a href=\"http:\/\/www.ecurieorthezbearn.fr\/rallye\/autonme-au-portugal\/20151019_102545\/\" rel=\"attachment wp-att-8216\"><img loading=\"lazy\" decoding=\"async\" class=\"aligncenter size-medium wp-image-8216\" src=\"http:\/\/www.ecurieorthezbearn.fr\/rallye\/wp-content\/uploads\/2015\/10\/20151019_102545-500x281.jpg\" alt=\"20151019_102545\" width=\"500\" height=\"281\" srcset=\"https:\/\/www.ecurieorthezbearn.fr\/rallye\/wp-content\/uploads\/2015\/10\/20151019_102545-500x281.jpg 500w, https:\/\/www.ecurieorthezbearn.fr\/rallye\/wp-content\/uploads\/2015\/10\/20151019_102545.jpg 2048w\" sizes=\"(max-width: 500px) 100vw, 500px\" \/><\/a><\/p>\n<p>&nbsp;<\/p>\n<p><a href=\"http:\/\/www.ecurieorthezbearn.fr\/rallye\/autonme-au-portugal\/20151019_091812\/\" rel=\"attachment wp-att-8217\"><img loading=\"lazy\" decoding=\"async\" class=\"aligncenter size-medium wp-image-8217\" src=\"http:\/\/www.ecurieorthezbearn.fr\/rallye\/wp-content\/uploads\/2015\/10\/20151019_091812-500x281.jpg\" alt=\"20151019_091812\" width=\"500\" height=\"281\" srcset=\"https:\/\/www.ecurieorthezbearn.fr\/rallye\/wp-content\/uploads\/2015\/10\/20151019_091812-500x281.jpg 500w, https:\/\/www.ecurieorthezbearn.fr\/rallye\/wp-content\/uploads\/2015\/10\/20151019_091812.jpg 2048w\" sizes=\"(max-width: 500px) 100vw, 500px\" \/><\/a><\/p>\n<p><a href=\"http:\/\/www.ecurieorthezbearn.fr\/rallye\/autonme-au-portugal\/20151019_091654\/\" rel=\"attachment wp-att-8218\"><img loading=\"lazy\" decoding=\"async\" class=\"aligncenter size-medium wp-image-8218\" src=\"http:\/\/www.ecurieorthezbearn.fr\/rallye\/wp-content\/uploads\/2015\/10\/20151019_091654-500x281.jpg\" alt=\"20151019_091654\" width=\"500\" height=\"281\" srcset=\"https:\/\/www.ecurieorthezbearn.fr\/rallye\/wp-content\/uploads\/2015\/10\/20151019_091654-500x281.jpg 500w, https:\/\/www.ecurieorthezbearn.fr\/rallye\/wp-content\/uploads\/2015\/10\/20151019_091654.jpg 2048w\" sizes=\"(max-width: 500px) 100vw, 500px\" \/><\/a><\/p>\n<p>&nbsp;<\/p>\n<p><a href=\"http:\/\/www.ecurieorthezbearn.fr\/rallye\/autonme-au-portugal\/20151019_102639\/\" rel=\"attachment wp-att-8219\"><img loading=\"lazy\" decoding=\"async\" class=\"aligncenter size-medium wp-image-8219\" src=\"http:\/\/www.ecurieorthezbearn.fr\/rallye\/wp-content\/uploads\/2015\/10\/20151019_102639-500x281.jpg\" alt=\"20151019_102639\" width=\"500\" height=\"281\" srcset=\"https:\/\/www.ecurieorthezbearn.fr\/rallye\/wp-content\/uploads\/2015\/10\/20151019_102639-500x281.jpg 500w, https:\/\/www.ecurieorthezbearn.fr\/rallye\/wp-content\/uploads\/2015\/10\/20151019_102639.jpg 2048w\" sizes=\"(max-width: 500px) 100vw, 500px\" \/><\/a><\/p>\n<p><a href=\"http:\/\/www.ecurieorthezbearn.fr\/rallye\/autonme-au-portugal\/20151019_103323\/\" rel=\"attachment wp-att-8220\"><img loading=\"lazy\" decoding=\"async\" class=\"aligncenter size-medium wp-image-8220\" src=\"http:\/\/www.ecurieorthezbearn.fr\/rallye\/wp-content\/uploads\/2015\/10\/20151019_103323-500x281.jpg\" alt=\"20151019_103323\" width=\"500\" height=\"281\" srcset=\"https:\/\/www.ecurieorthezbearn.fr\/rallye\/wp-content\/uploads\/2015\/10\/20151019_103323-500x281.jpg 500w, https:\/\/www.ecurieorthezbearn.fr\/rallye\/wp-content\/uploads\/2015\/10\/20151019_103323.jpg 2048w\" sizes=\"(max-width: 500px) 100vw, 500px\" \/><\/a><\/p>\n<p><a href=\"http:\/\/www.ecurieorthezbearn.fr\/rallye\/autonme-au-portugal\/20151019_103711\/\" rel=\"attachment wp-att-8221\"><img loading=\"lazy\" decoding=\"async\" class=\"aligncenter size-medium wp-image-8221\" src=\"http:\/\/www.ecurieorthezbearn.fr\/rallye\/wp-content\/uploads\/2015\/10\/20151019_103711-500x281.jpg\" alt=\"20151019_103711\" width=\"500\" height=\"281\" srcset=\"https:\/\/www.ecurieorthezbearn.fr\/rallye\/wp-content\/uploads\/2015\/10\/20151019_103711-500x281.jpg 500w, https:\/\/www.ecurieorthezbearn.fr\/rallye\/wp-content\/uploads\/2015\/10\/20151019_103711.jpg 2048w\" sizes=\"(max-width: 500px) 100vw, 500px\" \/><\/a><\/p>\n<p>&nbsp;<\/p>\n<p><a href=\"http:\/\/www.ecurieorthezbearn.fr\/rallye\/autonme-au-portugal\/20151019_103744\/\" rel=\"attachment wp-att-8222\"><img loading=\"lazy\" decoding=\"async\" class=\"aligncenter size-medium wp-image-8222\" src=\"http:\/\/www.ecurieorthezbearn.fr\/rallye\/wp-content\/uploads\/2015\/10\/20151019_103744-500x281.jpg\" alt=\"20151019_103744\" width=\"500\" height=\"281\" srcset=\"https:\/\/www.ecurieorthezbearn.fr\/rallye\/wp-content\/uploads\/2015\/10\/20151019_103744-500x281.jpg 500w, https:\/\/www.ecurieorthezbearn.fr\/rallye\/wp-content\/uploads\/2015\/10\/20151019_103744.jpg 2048w\" sizes=\"(max-width: 500px) 100vw, 500px\" \/><\/a><\/p>\n<p><a href=\"http:\/\/www.ecurieorthezbearn.fr\/rallye\/autonme-au-portugal\/20151019_104154\/\" rel=\"attachment wp-att-8223\"><img loading=\"lazy\" decoding=\"async\" class=\"aligncenter size-medium wp-image-8223\" src=\"http:\/\/www.ecurieorthezbearn.fr\/rallye\/wp-content\/uploads\/2015\/10\/20151019_104154-500x281.jpg\" alt=\"20151019_104154\" width=\"500\" height=\"281\" srcset=\"https:\/\/www.ecurieorthezbearn.fr\/rallye\/wp-content\/uploads\/2015\/10\/20151019_104154-500x281.jpg 500w, https:\/\/www.ecurieorthezbearn.fr\/rallye\/wp-content\/uploads\/2015\/10\/20151019_104154.jpg 2048w\" sizes=\"(max-width: 500px) 100vw, 500px\" \/><\/a><\/p>\n<p><a href=\"http:\/\/www.ecurieorthezbearn.fr\/rallye\/autonme-au-portugal\/20151019_104252\/\" rel=\"attachment wp-att-8224\"><img loading=\"lazy\" decoding=\"async\" class=\"aligncenter size-medium wp-image-8224\" src=\"http:\/\/www.ecurieorthezbearn.fr\/rallye\/wp-content\/uploads\/2015\/10\/20151019_104252-500x281.jpg\" alt=\"20151019_104252\" width=\"500\" height=\"281\" srcset=\"https:\/\/www.ecurieorthezbearn.fr\/rallye\/wp-content\/uploads\/2015\/10\/20151019_104252-500x281.jpg 500w, https:\/\/www.ecurieorthezbearn.fr\/rallye\/wp-content\/uploads\/2015\/10\/20151019_104252.jpg 2048w\" sizes=\"(max-width: 500px) 100vw, 500px\" \/><\/a><\/p>\n<p><a href=\"http:\/\/www.ecurieorthezbearn.fr\/rallye\/autonme-au-portugal\/20151019_104650-2\/\" rel=\"attachment wp-att-8227\"><img loading=\"lazy\" decoding=\"async\" class=\"aligncenter size-medium wp-image-8227\" src=\"http:\/\/www.ecurieorthezbearn.fr\/rallye\/wp-content\/uploads\/2015\/10\/20151019_1046501-500x281.jpg\" alt=\"20151019_104650\" width=\"500\" height=\"281\" srcset=\"https:\/\/www.ecurieorthezbearn.fr\/rallye\/wp-content\/uploads\/2015\/10\/20151019_1046501-500x281.jpg 500w, https:\/\/www.ecurieorthezbearn.fr\/rallye\/wp-content\/uploads\/2015\/10\/20151019_1046501.jpg 2048w\" sizes=\"(max-width: 500px) 100vw, 500px\" \/><\/a><\/p>\n<p><a href=\"http:\/\/www.ecurieorthezbearn.fr\/rallye\/autonme-au-portugal\/20151019_104655-2\/\" rel=\"attachment wp-att-8228\"><img loading=\"lazy\" decoding=\"async\" class=\"aligncenter size-medium wp-image-8228\" src=\"http:\/\/www.ecurieorthezbearn.fr\/rallye\/wp-content\/uploads\/2015\/10\/20151019_1046551-500x281.jpg\" alt=\"20151019_104655\" width=\"500\" height=\"281\" srcset=\"https:\/\/www.ecurieorthezbearn.fr\/rallye\/wp-content\/uploads\/2015\/10\/20151019_1046551-500x281.jpg 500w, https:\/\/www.ecurieorthezbearn.fr\/rallye\/wp-content\/uploads\/2015\/10\/20151019_1046551.jpg 2048w\" sizes=\"(max-width: 500px) 100vw, 500px\" \/><\/a><\/p>\n<p><a href=\"http:\/\/www.ecurieorthezbearn.fr\/rallye\/autonme-au-portugal\/20151019_104728\/\" rel=\"attachment wp-att-8229\"><img loading=\"lazy\" decoding=\"async\" class=\"aligncenter size-medium wp-image-8229\" src=\"http:\/\/www.ecurieorthezbearn.fr\/rallye\/wp-content\/uploads\/2015\/10\/20151019_104728-500x281.jpg\" alt=\"20151019_104728\" width=\"500\" height=\"281\" srcset=\"https:\/\/www.ecurieorthezbearn.fr\/rallye\/wp-content\/uploads\/2015\/10\/20151019_104728-500x281.jpg 500w, https:\/\/www.ecurieorthezbearn.fr\/rallye\/wp-content\/uploads\/2015\/10\/20151019_104728.jpg 2048w\" sizes=\"(max-width: 500px) 100vw, 500px\" \/><\/a><\/p>\n<p><a href=\"http:\/\/www.ecurieorthezbearn.fr\/rallye\/autonme-au-portugal\/20151019_104732\/\" rel=\"attachment wp-att-8230\"><img loading=\"lazy\" decoding=\"async\" class=\"aligncenter size-medium wp-image-8230\" src=\"http:\/\/www.ecurieorthezbearn.fr\/rallye\/wp-content\/uploads\/2015\/10\/20151019_104732-500x281.jpg\" alt=\"20151019_104732\" width=\"500\" height=\"281\" srcset=\"https:\/\/www.ecurieorthezbearn.fr\/rallye\/wp-content\/uploads\/2015\/10\/20151019_104732-500x281.jpg 500w, https:\/\/www.ecurieorthezbearn.fr\/rallye\/wp-content\/uploads\/2015\/10\/20151019_104732.jpg 2048w\" sizes=\"(max-width: 500px) 100vw, 500px\" \/><\/a><\/p>\n<p><a href=\"http:\/\/www.ecurieorthezbearn.fr\/rallye\/autonme-au-portugal\/20151019_105011\/\" rel=\"attachment wp-att-8231\"><img loading=\"lazy\" decoding=\"async\" class=\"aligncenter size-medium wp-image-8231\" src=\"http:\/\/www.ecurieorthezbearn.fr\/rallye\/wp-content\/uploads\/2015\/10\/20151019_105011-500x281.jpg\" alt=\"20151019_105011\" width=\"500\" height=\"281\" srcset=\"https:\/\/www.ecurieorthezbearn.fr\/rallye\/wp-content\/uploads\/2015\/10\/20151019_105011-500x281.jpg 500w, https:\/\/www.ecurieorthezbearn.fr\/rallye\/wp-content\/uploads\/2015\/10\/20151019_105011.jpg 2048w\" sizes=\"(max-width: 500px) 100vw, 500px\" \/><\/a><\/p>\n<p><a href=\"http:\/\/www.ecurieorthezbearn.fr\/rallye\/autonme-au-portugal\/20151019_105641-2\/\" rel=\"attachment wp-att-8233\"><img loading=\"lazy\" decoding=\"async\" class=\"aligncenter size-medium wp-image-8233\" src=\"http:\/\/www.ecurieorthezbearn.fr\/rallye\/wp-content\/uploads\/2015\/10\/20151019_1056411-500x281.jpg\" alt=\"20151019_105641\" width=\"500\" height=\"281\" srcset=\"https:\/\/www.ecurieorthezbearn.fr\/rallye\/wp-content\/uploads\/2015\/10\/20151019_1056411-500x281.jpg 500w, https:\/\/www.ecurieorthezbearn.fr\/rallye\/wp-content\/uploads\/2015\/10\/20151019_1056411.jpg 2048w\" sizes=\"(max-width: 500px) 100vw, 500px\" \/><\/a><\/p>\n<p><a href=\"http:\/\/www.ecurieorthezbearn.fr\/rallye\/autonme-au-portugal\/20151019_110155\/\" rel=\"attachment wp-att-8234\"><img loading=\"lazy\" decoding=\"async\" class=\"aligncenter size-medium wp-image-8234\" src=\"http:\/\/www.ecurieorthezbearn.fr\/rallye\/wp-content\/uploads\/2015\/10\/20151019_110155-500x281.jpg\" alt=\"20151019_110155\" width=\"500\" height=\"281\" srcset=\"https:\/\/www.ecurieorthezbearn.fr\/rallye\/wp-content\/uploads\/2015\/10\/20151019_110155-500x281.jpg 500w, https:\/\/www.ecurieorthezbearn.fr\/rallye\/wp-content\/uploads\/2015\/10\/20151019_110155.jpg 2048w\" sizes=\"(max-width: 500px) 100vw, 500px\" \/><\/a><\/p>\n<p><a href=\"http:\/\/www.ecurieorthezbearn.fr\/rallye\/autonme-au-portugal\/20151019_111207\/\" rel=\"attachment wp-att-8235\"><img loading=\"lazy\" decoding=\"async\" class=\"aligncenter size-medium wp-image-8235\" src=\"http:\/\/www.ecurieorthezbearn.fr\/rallye\/wp-content\/uploads\/2015\/10\/20151019_111207-500x281.jpg\" alt=\"20151019_111207\" width=\"500\" height=\"281\" srcset=\"https:\/\/www.ecurieorthezbearn.fr\/rallye\/wp-content\/uploads\/2015\/10\/20151019_111207-500x281.jpg 500w, https:\/\/www.ecurieorthezbearn.fr\/rallye\/wp-content\/uploads\/2015\/10\/20151019_111207.jpg 2048w\" sizes=\"(max-width: 500px) 100vw, 500px\" \/><\/a><\/p>\n<p><a href=\"http:\/\/www.ecurieorthezbearn.fr\/rallye\/autonme-au-portugal\/20151019_111315\/\" rel=\"attachment wp-att-8236\"><img loading=\"lazy\" decoding=\"async\" class=\"aligncenter size-medium wp-image-8236\" src=\"http:\/\/www.ecurieorthezbearn.fr\/rallye\/wp-content\/uploads\/2015\/10\/20151019_111315-500x281.jpg\" alt=\"20151019_111315\" width=\"500\" height=\"281\" srcset=\"https:\/\/www.ecurieorthezbearn.fr\/rallye\/wp-content\/uploads\/2015\/10\/20151019_111315-500x281.jpg 500w, https:\/\/www.ecurieorthezbearn.fr\/rallye\/wp-content\/uploads\/2015\/10\/20151019_111315.jpg 2048w\" sizes=\"(max-width: 500px) 100vw, 500px\" \/><\/a><\/p>\n<p><a href=\"http:\/\/www.ecurieorthezbearn.fr\/rallye\/autonme-au-portugal\/20151019_111319\/\" rel=\"attachment wp-att-8237\"><img loading=\"lazy\" decoding=\"async\" class=\"size-medium wp-image-8237 aligncenter\" src=\"http:\/\/www.ecurieorthezbearn.fr\/rallye\/wp-content\/uploads\/2015\/10\/20151019_111319-500x281.jpg\" alt=\"c'est bient\u00f4t l'heure de la soupe jean Yves !\" width=\"500\" height=\"281\" srcset=\"https:\/\/www.ecurieorthezbearn.fr\/rallye\/wp-content\/uploads\/2015\/10\/20151019_111319-500x281.jpg 500w, https:\/\/www.ecurieorthezbearn.fr\/rallye\/wp-content\/uploads\/2015\/10\/20151019_111319.jpg 2048w\" sizes=\"(max-width: 500px) 100vw, 500px\" \/><\/a><\/p>\n<p><a href=\"http:\/\/www.ecurieorthezbearn.fr\/rallye\/autonme-au-portugal\/20151019_112306\/\" rel=\"attachment wp-att-8238\"><img loading=\"lazy\" decoding=\"async\" class=\"aligncenter size-medium wp-image-8238\" src=\"http:\/\/www.ecurieorthezbearn.fr\/rallye\/wp-content\/uploads\/2015\/10\/20151019_112306-500x281.jpg\" alt=\"20151019_112306\" width=\"500\" height=\"281\" srcset=\"https:\/\/www.ecurieorthezbearn.fr\/rallye\/wp-content\/uploads\/2015\/10\/20151019_112306-500x281.jpg 500w, https:\/\/www.ecurieorthezbearn.fr\/rallye\/wp-content\/uploads\/2015\/10\/20151019_112306.jpg 2048w\" sizes=\"(max-width: 500px) 100vw, 500px\" \/><\/a><\/p>\n<p><a href=\"http:\/\/www.ecurieorthezbearn.fr\/rallye\/autonme-au-portugal\/20151019_112610\/\" rel=\"attachment wp-att-8239\"><img loading=\"lazy\" decoding=\"async\" class=\"size-medium wp-image-8239 aligncenter\" src=\"http:\/\/www.ecurieorthezbearn.fr\/rallye\/wp-content\/uploads\/2015\/10\/20151019_112610-500x281.jpg\" alt=\"un passage compliqu\u00e9 , jean Yves part en eclaireur\" width=\"500\" height=\"281\" srcset=\"https:\/\/www.ecurieorthezbearn.fr\/rallye\/wp-content\/uploads\/2015\/10\/20151019_112610-500x281.jpg 500w, https:\/\/www.ecurieorthezbearn.fr\/rallye\/wp-content\/uploads\/2015\/10\/20151019_112610.jpg 2048w\" sizes=\"(max-width: 500px) 100vw, 500px\" \/><\/a><\/p>\n<p><a href=\"http:\/\/www.ecurieorthezbearn.fr\/rallye\/autonme-au-portugal\/20151019_112713\/\" rel=\"attachment wp-att-8240\"><img loading=\"lazy\" decoding=\"async\" class=\"aligncenter size-medium wp-image-8240\" src=\"http:\/\/www.ecurieorthezbearn.fr\/rallye\/wp-content\/uploads\/2015\/10\/20151019_112713-500x281.jpg\" alt=\"20151019_112713\" width=\"500\" height=\"281\" srcset=\"https:\/\/www.ecurieorthezbearn.fr\/rallye\/wp-content\/uploads\/2015\/10\/20151019_112713-500x281.jpg 500w, https:\/\/www.ecurieorthezbearn.fr\/rallye\/wp-content\/uploads\/2015\/10\/20151019_112713.jpg 2048w\" sizes=\"(max-width: 500px) 100vw, 500px\" \/><\/a><\/p>\n<p><a href=\"http:\/\/www.ecurieorthezbearn.fr\/rallye\/autonme-au-portugal\/20151019_112741\/\" rel=\"attachment wp-att-8241\"><img loading=\"lazy\" decoding=\"async\" class=\"aligncenter size-medium wp-image-8241\" src=\"http:\/\/www.ecurieorthezbearn.fr\/rallye\/wp-content\/uploads\/2015\/10\/20151019_112741-500x281.jpg\" alt=\"20151019_112741\" width=\"500\" height=\"281\" srcset=\"https:\/\/www.ecurieorthezbearn.fr\/rallye\/wp-content\/uploads\/2015\/10\/20151019_112741-500x281.jpg 500w, https:\/\/www.ecurieorthezbearn.fr\/rallye\/wp-content\/uploads\/2015\/10\/20151019_112741.jpg 2048w\" sizes=\"(max-width: 500px) 100vw, 500px\" \/><\/a><\/p>\n<p><a href=\"http:\/\/www.ecurieorthezbearn.fr\/rallye\/autonme-au-portugal\/20151019_113004\/\" rel=\"attachment wp-att-8242\"><img loading=\"lazy\" decoding=\"async\" class=\"aligncenter size-medium wp-image-8242\" src=\"http:\/\/www.ecurieorthezbearn.fr\/rallye\/wp-content\/uploads\/2015\/10\/20151019_113004-500x281.jpg\" alt=\"20151019_113004\" width=\"500\" height=\"281\" srcset=\"https:\/\/www.ecurieorthezbearn.fr\/rallye\/wp-content\/uploads\/2015\/10\/20151019_113004-500x281.jpg 500w, https:\/\/www.ecurieorthezbearn.fr\/rallye\/wp-content\/uploads\/2015\/10\/20151019_113004.jpg 2048w\" sizes=\"(max-width: 500px) 100vw, 500px\" \/><\/a><\/p>\n<p><a href=\"http:\/\/www.ecurieorthezbearn.fr\/rallye\/autonme-au-portugal\/20151019_114239\/\" rel=\"attachment wp-att-8243\"><img loading=\"lazy\" decoding=\"async\" class=\"aligncenter size-medium wp-image-8243\" src=\"http:\/\/www.ecurieorthezbearn.fr\/rallye\/wp-content\/uploads\/2015\/10\/20151019_114239-500x281.jpg\" alt=\"20151019_114239\" width=\"500\" height=\"281\" srcset=\"https:\/\/www.ecurieorthezbearn.fr\/rallye\/wp-content\/uploads\/2015\/10\/20151019_114239-500x281.jpg 500w, https:\/\/www.ecurieorthezbearn.fr\/rallye\/wp-content\/uploads\/2015\/10\/20151019_114239.jpg 2048w\" sizes=\"(max-width: 500px) 100vw, 500px\" \/><\/a><\/p>\n<p><a href=\"http:\/\/www.ecurieorthezbearn.fr\/rallye\/autonme-au-portugal\/20151019_114530-2\/\" rel=\"attachment wp-att-8245\"><img loading=\"lazy\" decoding=\"async\" class=\"aligncenter size-medium wp-image-8245\" src=\"http:\/\/www.ecurieorthezbearn.fr\/rallye\/wp-content\/uploads\/2015\/10\/20151019_1145301-500x281.jpg\" alt=\"20151019_114530\" width=\"500\" height=\"281\" srcset=\"https:\/\/www.ecurieorthezbearn.fr\/rallye\/wp-content\/uploads\/2015\/10\/20151019_1145301-500x281.jpg 500w, https:\/\/www.ecurieorthezbearn.fr\/rallye\/wp-content\/uploads\/2015\/10\/20151019_1145301.jpg 2048w\" sizes=\"(max-width: 500px) 100vw, 500px\" \/><\/a><\/p>\n<p><a href=\"http:\/\/www.ecurieorthezbearn.fr\/rallye\/autonme-au-portugal\/20151019_114535\/\" rel=\"attachment wp-att-8246\"><img loading=\"lazy\" decoding=\"async\" class=\"aligncenter size-medium wp-image-8246\" src=\"http:\/\/www.ecurieorthezbearn.fr\/rallye\/wp-content\/uploads\/2015\/10\/20151019_114535-500x281.jpg\" alt=\"20151019_114535\" width=\"500\" height=\"281\" srcset=\"https:\/\/www.ecurieorthezbearn.fr\/rallye\/wp-content\/uploads\/2015\/10\/20151019_114535-500x281.jpg 500w, https:\/\/www.ecurieorthezbearn.fr\/rallye\/wp-content\/uploads\/2015\/10\/20151019_114535.jpg 2048w\" sizes=\"(max-width: 500px) 100vw, 500px\" \/><\/a><\/p>\n<p><a href=\"http:\/\/www.ecurieorthezbearn.fr\/rallye\/autonme-au-portugal\/20151019_114619\/\" rel=\"attachment wp-att-8247\"><img loading=\"lazy\" decoding=\"async\" class=\"aligncenter size-medium wp-image-8247\" src=\"http:\/\/www.ecurieorthezbearn.fr\/rallye\/wp-content\/uploads\/2015\/10\/20151019_114619-500x281.jpg\" alt=\"20151019_114619\" width=\"500\" height=\"281\" srcset=\"https:\/\/www.ecurieorthezbearn.fr\/rallye\/wp-content\/uploads\/2015\/10\/20151019_114619-500x281.jpg 500w, https:\/\/www.ecurieorthezbearn.fr\/rallye\/wp-content\/uploads\/2015\/10\/20151019_114619.jpg 2048w\" sizes=\"(max-width: 500px) 100vw, 500px\" \/><\/a><\/p>\n<p><a href=\"http:\/\/www.ecurieorthezbearn.fr\/rallye\/autonme-au-portugal\/20151019_115131\/\" rel=\"attachment wp-att-8248\"><img loading=\"lazy\" decoding=\"async\" class=\"aligncenter size-medium wp-image-8248\" src=\"http:\/\/www.ecurieorthezbearn.fr\/rallye\/wp-content\/uploads\/2015\/10\/20151019_115131-500x281.jpg\" alt=\"20151019_115131\" width=\"500\" height=\"281\" srcset=\"https:\/\/www.ecurieorthezbearn.fr\/rallye\/wp-content\/uploads\/2015\/10\/20151019_115131-500x281.jpg 500w, https:\/\/www.ecurieorthezbearn.fr\/rallye\/wp-content\/uploads\/2015\/10\/20151019_115131.jpg 2048w\" sizes=\"(max-width: 500px) 100vw, 500px\" \/><\/a><\/p>\n<p><a href=\"http:\/\/www.ecurieorthezbearn.fr\/rallye\/autonme-au-portugal\/20151019_120140\/\" rel=\"attachment wp-att-8249\"><img loading=\"lazy\" decoding=\"async\" class=\"aligncenter size-medium wp-image-8249\" src=\"http:\/\/www.ecurieorthezbearn.fr\/rallye\/wp-content\/uploads\/2015\/10\/20151019_120140-500x281.jpg\" alt=\"20151019_120140\" width=\"500\" height=\"281\" srcset=\"https:\/\/www.ecurieorthezbearn.fr\/rallye\/wp-content\/uploads\/2015\/10\/20151019_120140-500x281.jpg 500w, https:\/\/www.ecurieorthezbearn.fr\/rallye\/wp-content\/uploads\/2015\/10\/20151019_120140.jpg 2048w\" sizes=\"(max-width: 500px) 100vw, 500px\" \/><\/a><\/p>\n<p><a href=\"http:\/\/www.ecurieorthezbearn.fr\/rallye\/autonme-au-portugal\/20151019_121038\/\" rel=\"attachment wp-att-8250\"><img loading=\"lazy\" decoding=\"async\" class=\"aligncenter size-medium wp-image-8250\" src=\"http:\/\/www.ecurieorthezbearn.fr\/rallye\/wp-content\/uploads\/2015\/10\/20151019_121038-500x281.jpg\" alt=\"20151019_121038\" width=\"500\" height=\"281\" srcset=\"https:\/\/www.ecurieorthezbearn.fr\/rallye\/wp-content\/uploads\/2015\/10\/20151019_121038-500x281.jpg 500w, https:\/\/www.ecurieorthezbearn.fr\/rallye\/wp-content\/uploads\/2015\/10\/20151019_121038.jpg 2048w\" sizes=\"(max-width: 500px) 100vw, 500px\" \/><\/a><\/p>\n<p>&nbsp;<\/p>\n<p><a href=\"http:\/\/www.ecurieorthezbearn.fr\/rallye\/autonme-au-portugal\/20151019_121740\/\" rel=\"attachment wp-att-8251\"><img loading=\"lazy\" decoding=\"async\" class=\"aligncenter size-medium wp-image-8251\" src=\"http:\/\/www.ecurieorthezbearn.fr\/rallye\/wp-content\/uploads\/2015\/10\/20151019_121740-500x281.jpg\" alt=\"20151019_121740\" width=\"500\" height=\"281\" srcset=\"https:\/\/www.ecurieorthezbearn.fr\/rallye\/wp-content\/uploads\/2015\/10\/20151019_121740-500x281.jpg 500w, https:\/\/www.ecurieorthezbearn.fr\/rallye\/wp-content\/uploads\/2015\/10\/20151019_121740.jpg 2048w\" sizes=\"(max-width: 500px) 100vw, 500px\" \/><\/a><\/p>\n<p>&nbsp;<\/p>\n<p><a href=\"http:\/\/www.ecurieorthezbearn.fr\/rallye\/autonme-au-portugal\/20151019_123632\/\" rel=\"attachment wp-att-8252\"><img loading=\"lazy\" decoding=\"async\" class=\"aligncenter size-medium wp-image-8252\" src=\"http:\/\/www.ecurieorthezbearn.fr\/rallye\/wp-content\/uploads\/2015\/10\/20151019_123632-500x281.jpg\" alt=\"20151019_123632\" width=\"500\" height=\"281\" srcset=\"https:\/\/www.ecurieorthezbearn.fr\/rallye\/wp-content\/uploads\/2015\/10\/20151019_123632-500x281.jpg 500w, https:\/\/www.ecurieorthezbearn.fr\/rallye\/wp-content\/uploads\/2015\/10\/20151019_123632.jpg 2048w\" sizes=\"(max-width: 500px) 100vw, 500px\" \/><\/a><\/p>\n<p><a href=\"http:\/\/www.ecurieorthezbearn.fr\/rallye\/autonme-au-portugal\/20151019_124302\/\" rel=\"attachment wp-att-8253\"><img loading=\"lazy\" decoding=\"async\" class=\"aligncenter size-medium wp-image-8253\" src=\"http:\/\/www.ecurieorthezbearn.fr\/rallye\/wp-content\/uploads\/2015\/10\/20151019_124302-500x281.jpg\" alt=\"20151019_124302\" width=\"500\" height=\"281\" srcset=\"https:\/\/www.ecurieorthezbearn.fr\/rallye\/wp-content\/uploads\/2015\/10\/20151019_124302-500x281.jpg 500w, https:\/\/www.ecurieorthezbearn.fr\/rallye\/wp-content\/uploads\/2015\/10\/20151019_124302.jpg 2048w\" sizes=\"(max-width: 500px) 100vw, 500px\" \/><\/a><\/p>\n<p><a href=\"http:\/\/www.ecurieorthezbearn.fr\/rallye\/autonme-au-portugal\/20151019_125859\/\" rel=\"attachment wp-att-8254\"><img loading=\"lazy\" decoding=\"async\" class=\"aligncenter size-medium wp-image-8254\" src=\"http:\/\/www.ecurieorthezbearn.fr\/rallye\/wp-content\/uploads\/2015\/10\/20151019_125859-500x281.jpg\" alt=\"20151019_125859\" width=\"500\" height=\"281\" srcset=\"https:\/\/www.ecurieorthezbearn.fr\/rallye\/wp-content\/uploads\/2015\/10\/20151019_125859-500x281.jpg 500w, https:\/\/www.ecurieorthezbearn.fr\/rallye\/wp-content\/uploads\/2015\/10\/20151019_125859.jpg 2048w\" sizes=\"(max-width: 500px) 100vw, 500px\" \/><\/a><\/p>\n<p><a href=\"http:\/\/www.ecurieorthezbearn.fr\/rallye\/autonme-au-portugal\/20151019_131200\/\" rel=\"attachment wp-att-8255\"><img loading=\"lazy\" decoding=\"async\" class=\"aligncenter size-medium wp-image-8255\" src=\"http:\/\/www.ecurieorthezbearn.fr\/rallye\/wp-content\/uploads\/2015\/10\/20151019_131200-500x281.jpg\" alt=\"20151019_131200\" width=\"500\" height=\"281\" srcset=\"https:\/\/www.ecurieorthezbearn.fr\/rallye\/wp-content\/uploads\/2015\/10\/20151019_131200-500x281.jpg 500w, https:\/\/www.ecurieorthezbearn.fr\/rallye\/wp-content\/uploads\/2015\/10\/20151019_131200.jpg 2048w\" sizes=\"(max-width: 500px) 100vw, 500px\" \/><\/a><\/p>\n<p><a href=\"http:\/\/www.ecurieorthezbearn.fr\/rallye\/autonme-au-portugal\/20151019_131836\/\" rel=\"attachment wp-att-8256\"><img loading=\"lazy\" decoding=\"async\" class=\"aligncenter size-medium wp-image-8256\" src=\"http:\/\/www.ecurieorthezbearn.fr\/rallye\/wp-content\/uploads\/2015\/10\/20151019_131836-500x281.jpg\" alt=\"20151019_131836\" width=\"500\" height=\"281\" srcset=\"https:\/\/www.ecurieorthezbearn.fr\/rallye\/wp-content\/uploads\/2015\/10\/20151019_131836-500x281.jpg 500w, https:\/\/www.ecurieorthezbearn.fr\/rallye\/wp-content\/uploads\/2015\/10\/20151019_131836.jpg 2048w\" sizes=\"(max-width: 500px) 100vw, 500px\" \/><\/a><\/p>\n<p>&nbsp;<\/p>\n<p><a href=\"http:\/\/www.ecurieorthezbearn.fr\/rallye\/autonme-au-portugal\/20151019_132001\/\" rel=\"attachment wp-att-8257\"><img loading=\"lazy\" decoding=\"async\" class=\"aligncenter size-medium wp-image-8257\" src=\"http:\/\/www.ecurieorthezbearn.fr\/rallye\/wp-content\/uploads\/2015\/10\/20151019_132001-500x281.jpg\" alt=\"20151019_132001\" width=\"500\" height=\"281\" srcset=\"https:\/\/www.ecurieorthezbearn.fr\/rallye\/wp-content\/uploads\/2015\/10\/20151019_132001-500x281.jpg 500w, https:\/\/www.ecurieorthezbearn.fr\/rallye\/wp-content\/uploads\/2015\/10\/20151019_132001.jpg 2048w\" sizes=\"(max-width: 500px) 100vw, 500px\" \/><\/a><\/p>\n<p>&nbsp;<\/p>\n<p><a href=\"http:\/\/www.ecurieorthezbearn.fr\/rallye\/autonme-au-portugal\/20151019_132813\/\" rel=\"attachment wp-att-8258\"><img loading=\"lazy\" decoding=\"async\" class=\"aligncenter size-medium wp-image-8258\" src=\"http:\/\/www.ecurieorthezbearn.fr\/rallye\/wp-content\/uploads\/2015\/10\/20151019_132813-500x281.jpg\" alt=\"20151019_132813\" width=\"500\" height=\"281\" srcset=\"https:\/\/www.ecurieorthezbearn.fr\/rallye\/wp-content\/uploads\/2015\/10\/20151019_132813-500x281.jpg 500w, https:\/\/www.ecurieorthezbearn.fr\/rallye\/wp-content\/uploads\/2015\/10\/20151019_132813.jpg 2048w\" sizes=\"(max-width: 500px) 100vw, 500px\" \/><\/a><\/p>\n<p><a href=\"http:\/\/www.ecurieorthezbearn.fr\/rallye\/autonme-au-portugal\/20151019_133456\/\" rel=\"attachment wp-att-8259\"><img loading=\"lazy\" decoding=\"async\" class=\"aligncenter size-medium wp-image-8259\" src=\"http:\/\/www.ecurieorthezbearn.fr\/rallye\/wp-content\/uploads\/2015\/10\/20151019_133456-500x281.jpg\" alt=\"20151019_133456\" width=\"500\" height=\"281\" srcset=\"https:\/\/www.ecurieorthezbearn.fr\/rallye\/wp-content\/uploads\/2015\/10\/20151019_133456-500x281.jpg 500w, https:\/\/www.ecurieorthezbearn.fr\/rallye\/wp-content\/uploads\/2015\/10\/20151019_133456.jpg 2048w\" sizes=\"(max-width: 500px) 100vw, 500px\" \/><\/a><\/p>\n<p><a href=\"http:\/\/www.ecurieorthezbearn.fr\/rallye\/autonme-au-portugal\/20151019_133831\/\" rel=\"attachment wp-att-8260\"><img loading=\"lazy\" decoding=\"async\" class=\"aligncenter size-medium wp-image-8260\" src=\"http:\/\/www.ecurieorthezbearn.fr\/rallye\/wp-content\/uploads\/2015\/10\/20151019_133831-500x281.jpg\" alt=\"20151019_133831\" width=\"500\" height=\"281\" srcset=\"https:\/\/www.ecurieorthezbearn.fr\/rallye\/wp-content\/uploads\/2015\/10\/20151019_133831-500x281.jpg 500w, https:\/\/www.ecurieorthezbearn.fr\/rallye\/wp-content\/uploads\/2015\/10\/20151019_133831.jpg 2048w\" sizes=\"(max-width: 500px) 100vw, 500px\" \/><\/a><\/p>\n<p><a href=\"http:\/\/www.ecurieorthezbearn.fr\/rallye\/autonme-au-portugal\/20151019_134455\/\" rel=\"attachment wp-att-8261\"><img loading=\"lazy\" decoding=\"async\" class=\"aligncenter size-medium wp-image-8261\" src=\"http:\/\/www.ecurieorthezbearn.fr\/rallye\/wp-content\/uploads\/2015\/10\/20151019_134455-500x281.jpg\" alt=\"20151019_134455\" width=\"500\" height=\"281\" srcset=\"https:\/\/www.ecurieorthezbearn.fr\/rallye\/wp-content\/uploads\/2015\/10\/20151019_134455-500x281.jpg 500w, https:\/\/www.ecurieorthezbearn.fr\/rallye\/wp-content\/uploads\/2015\/10\/20151019_134455.jpg 2048w\" sizes=\"(max-width: 500px) 100vw, 500px\" \/><\/a><\/p>\n<p><a href=\"http:\/\/www.ecurieorthezbearn.fr\/rallye\/autonme-au-portugal\/20151019_135353\/\" rel=\"attachment wp-att-8262\"><img loading=\"lazy\" decoding=\"async\" class=\"aligncenter size-medium wp-image-8262\" src=\"http:\/\/www.ecurieorthezbearn.fr\/rallye\/wp-content\/uploads\/2015\/10\/20151019_135353-500x281.jpg\" alt=\"20151019_135353\" width=\"500\" height=\"281\" srcset=\"https:\/\/www.ecurieorthezbearn.fr\/rallye\/wp-content\/uploads\/2015\/10\/20151019_135353-500x281.jpg 500w, https:\/\/www.ecurieorthezbearn.fr\/rallye\/wp-content\/uploads\/2015\/10\/20151019_135353.jpg 2048w\" sizes=\"(max-width: 500px) 100vw, 500px\" \/><\/a><\/p>\n<p><a href=\"http:\/\/www.ecurieorthezbearn.fr\/rallye\/autonme-au-portugal\/20151019_135806\/\" rel=\"attachment wp-att-8265\"><img loading=\"lazy\" decoding=\"async\" class=\"aligncenter size-medium wp-image-8265\" src=\"http:\/\/www.ecurieorthezbearn.fr\/rallye\/wp-content\/uploads\/2015\/10\/20151019_135806-500x281.jpg\" alt=\"20151019_135806\" width=\"500\" height=\"281\" srcset=\"https:\/\/www.ecurieorthezbearn.fr\/rallye\/wp-content\/uploads\/2015\/10\/20151019_135806-500x281.jpg 500w, https:\/\/www.ecurieorthezbearn.fr\/rallye\/wp-content\/uploads\/2015\/10\/20151019_135806.jpg 2048w\" sizes=\"(max-width: 500px) 100vw, 500px\" \/><\/a><\/p>\n<p><a href=\"http:\/\/www.ecurieorthezbearn.fr\/rallye\/autonme-au-portugal\/20151019_200814\/\" rel=\"attachment wp-att-8267\"><img loading=\"lazy\" decoding=\"async\" class=\"size-medium wp-image-8267 aligncenter\" src=\"http:\/\/www.ecurieorthezbearn.fr\/rallye\/wp-content\/uploads\/2015\/10\/20151019_200814-500x281.jpg\" alt=\"petit moment de repos dans notre segond gite\" width=\"500\" height=\"281\" srcset=\"https:\/\/www.ecurieorthezbearn.fr\/rallye\/wp-content\/uploads\/2015\/10\/20151019_200814-500x281.jpg 500w, https:\/\/www.ecurieorthezbearn.fr\/rallye\/wp-content\/uploads\/2015\/10\/20151019_200814.jpg 2048w\" sizes=\"(max-width: 500px) 100vw, 500px\" \/><\/a><\/p>\n<p><a href=\"http:\/\/www.ecurieorthezbearn.fr\/rallye\/autonme-au-portugal\/20151019_204400\/\" rel=\"attachment wp-att-8268\"><img loading=\"lazy\" decoding=\"async\" class=\"size-medium wp-image-8268 aligncenter\" src=\"http:\/\/www.ecurieorthezbearn.fr\/rallye\/wp-content\/uploads\/2015\/10\/20151019_204400-500x281.jpg\" alt=\"les propri\u00e9taires nous acceuillent tres tres gentiement\" width=\"500\" height=\"281\" srcset=\"https:\/\/www.ecurieorthezbearn.fr\/rallye\/wp-content\/uploads\/2015\/10\/20151019_204400-500x281.jpg 500w, https:\/\/www.ecurieorthezbearn.fr\/rallye\/wp-content\/uploads\/2015\/10\/20151019_204400.jpg 2048w\" sizes=\"(max-width: 500px) 100vw, 500px\" \/><\/a><\/p>\n<p><a href=\"http:\/\/www.ecurieorthezbearn.fr\/rallye\/autonme-au-portugal\/20151019_204328\/\" rel=\"attachment wp-att-8269\"><img loading=\"lazy\" decoding=\"async\" class=\"aligncenter size-medium wp-image-8269\" src=\"http:\/\/www.ecurieorthezbearn.fr\/rallye\/wp-content\/uploads\/2015\/10\/20151019_204328-500x281.jpg\" alt=\"20151019_204328\" width=\"500\" height=\"281\" srcset=\"https:\/\/www.ecurieorthezbearn.fr\/rallye\/wp-content\/uploads\/2015\/10\/20151019_204328-500x281.jpg 500w, https:\/\/www.ecurieorthezbearn.fr\/rallye\/wp-content\/uploads\/2015\/10\/20151019_204328.jpg 2048w\" sizes=\"(max-width: 500px) 100vw, 500px\" \/><\/a><\/p>\n<p><a href=\"http:\/\/www.ecurieorthezbearn.fr\/rallye\/autonme-au-portugal\/20151020_095611\/\" rel=\"attachment wp-att-8270\"><img loading=\"lazy\" decoding=\"async\" class=\"aligncenter size-medium wp-image-8270\" src=\"http:\/\/www.ecurieorthezbearn.fr\/rallye\/wp-content\/uploads\/2015\/10\/20151020_095611-500x281.jpg\" alt=\"20151020_095611\" width=\"500\" height=\"281\" srcset=\"https:\/\/www.ecurieorthezbearn.fr\/rallye\/wp-content\/uploads\/2015\/10\/20151020_095611-500x281.jpg 500w, https:\/\/www.ecurieorthezbearn.fr\/rallye\/wp-content\/uploads\/2015\/10\/20151020_095611.jpg 2048w\" sizes=\"(max-width: 500px) 100vw, 500px\" \/><\/a><\/p>\n<p><a href=\"http:\/\/www.ecurieorthezbearn.fr\/rallye\/autonme-au-portugal\/20151020_095730\/\" rel=\"attachment wp-att-8271\"><img loading=\"lazy\" decoding=\"async\" class=\"aligncenter size-medium wp-image-8271\" src=\"http:\/\/www.ecurieorthezbearn.fr\/rallye\/wp-content\/uploads\/2015\/10\/20151020_095730-500x281.jpg\" alt=\"20151020_095730\" width=\"500\" height=\"281\" srcset=\"https:\/\/www.ecurieorthezbearn.fr\/rallye\/wp-content\/uploads\/2015\/10\/20151020_095730-500x281.jpg 500w, https:\/\/www.ecurieorthezbearn.fr\/rallye\/wp-content\/uploads\/2015\/10\/20151020_095730.jpg 2048w\" sizes=\"(max-width: 500px) 100vw, 500px\" \/><\/a><\/p>\n<p><a href=\"http:\/\/www.ecurieorthezbearn.fr\/rallye\/autonme-au-portugal\/20151020_100318\/\" rel=\"attachment wp-att-8272\"><img loading=\"lazy\" decoding=\"async\" class=\"aligncenter size-medium wp-image-8272\" src=\"http:\/\/www.ecurieorthezbearn.fr\/rallye\/wp-content\/uploads\/2015\/10\/20151020_100318-500x281.jpg\" alt=\"20151020_100318\" width=\"500\" height=\"281\" srcset=\"https:\/\/www.ecurieorthezbearn.fr\/rallye\/wp-content\/uploads\/2015\/10\/20151020_100318-500x281.jpg 500w, https:\/\/www.ecurieorthezbearn.fr\/rallye\/wp-content\/uploads\/2015\/10\/20151020_100318.jpg 2048w\" sizes=\"(max-width: 500px) 100vw, 500px\" \/><\/a><\/p>\n<p><a href=\"http:\/\/www.ecurieorthezbearn.fr\/rallye\/autonme-au-portugal\/20151020_100348\/\" rel=\"attachment wp-att-8273\"><img loading=\"lazy\" decoding=\"async\" class=\"aligncenter size-medium wp-image-8273\" src=\"http:\/\/www.ecurieorthezbearn.fr\/rallye\/wp-content\/uploads\/2015\/10\/20151020_100348-500x281.jpg\" alt=\"20151020_100348\" width=\"500\" height=\"281\" srcset=\"https:\/\/www.ecurieorthezbearn.fr\/rallye\/wp-content\/uploads\/2015\/10\/20151020_100348-500x281.jpg 500w, https:\/\/www.ecurieorthezbearn.fr\/rallye\/wp-content\/uploads\/2015\/10\/20151020_100348.jpg 2048w\" sizes=\"(max-width: 500px) 100vw, 500px\" \/><\/a><\/p>\n<p><a href=\"http:\/\/www.ecurieorthezbearn.fr\/rallye\/autonme-au-portugal\/20151020_101347\/\" rel=\"attachment wp-att-8274\"><img loading=\"lazy\" decoding=\"async\" class=\"aligncenter size-medium wp-image-8274\" src=\"http:\/\/www.ecurieorthezbearn.fr\/rallye\/wp-content\/uploads\/2015\/10\/20151020_101347-500x281.jpg\" alt=\"20151020_101347\" width=\"500\" height=\"281\" srcset=\"https:\/\/www.ecurieorthezbearn.fr\/rallye\/wp-content\/uploads\/2015\/10\/20151020_101347-500x281.jpg 500w, https:\/\/www.ecurieorthezbearn.fr\/rallye\/wp-content\/uploads\/2015\/10\/20151020_101347.jpg 2048w\" sizes=\"(max-width: 500px) 100vw, 500px\" \/><\/a><\/p>\n<figure id=\"attachment_8275\" aria-describedby=\"caption-attachment-8275\" style=\"width: 500px\" class=\"wp-caption aligncenter\"><a href=\"http:\/\/www.ecurieorthezbearn.fr\/rallye\/autonme-au-portugal\/20151020_102933\/\" rel=\"attachment wp-att-8275\"><img loading=\"lazy\" decoding=\"async\" class=\"size-medium wp-image-8275\" src=\"http:\/\/www.ecurieorthezbearn.fr\/rallye\/wp-content\/uploads\/2015\/10\/20151020_102933-500x281.jpg\" alt=\"un four communal encore en activit\u00e9\" width=\"500\" height=\"281\" srcset=\"https:\/\/www.ecurieorthezbearn.fr\/rallye\/wp-content\/uploads\/2015\/10\/20151020_102933-500x281.jpg 500w, https:\/\/www.ecurieorthezbearn.fr\/rallye\/wp-content\/uploads\/2015\/10\/20151020_102933.jpg 2048w\" sizes=\"(max-width: 500px) 100vw, 500px\" \/><\/a><figcaption id=\"caption-attachment-8275\" class=\"wp-caption-text\">un four communal encore en activit\u00e9<\/figcaption><\/figure>\n<figure id=\"attachment_8276\" aria-describedby=\"caption-attachment-8276\" style=\"width: 500px\" class=\"wp-caption aligncenter\"><a href=\"http:\/\/www.ecurieorthezbearn.fr\/rallye\/autonme-au-portugal\/20151020_103349\/\" rel=\"attachment wp-att-8276\"><img loading=\"lazy\" decoding=\"async\" class=\"size-medium wp-image-8276\" src=\"http:\/\/www.ecurieorthezbearn.fr\/rallye\/wp-content\/uploads\/2015\/10\/20151020_103349-500x281.jpg\" alt=\"pause caf\u00e9\" width=\"500\" height=\"281\" srcset=\"https:\/\/www.ecurieorthezbearn.fr\/rallye\/wp-content\/uploads\/2015\/10\/20151020_103349-500x281.jpg 500w, https:\/\/www.ecurieorthezbearn.fr\/rallye\/wp-content\/uploads\/2015\/10\/20151020_103349.jpg 2048w\" sizes=\"(max-width: 500px) 100vw, 500px\" \/><\/a><figcaption id=\"caption-attachment-8276\" class=\"wp-caption-text\">pause caf\u00e9<\/figcaption><\/figure>\n<p><a href=\"http:\/\/www.ecurieorthezbearn.fr\/rallye\/autonme-au-portugal\/20151020_111912\/\" rel=\"attachment wp-att-8277\"><img loading=\"lazy\" decoding=\"async\" class=\"aligncenter size-medium wp-image-8277\" src=\"http:\/\/www.ecurieorthezbearn.fr\/rallye\/wp-content\/uploads\/2015\/10\/20151020_111912-500x281.jpg\" alt=\"20151020_111912\" width=\"500\" height=\"281\" srcset=\"https:\/\/www.ecurieorthezbearn.fr\/rallye\/wp-content\/uploads\/2015\/10\/20151020_111912-500x281.jpg 500w, https:\/\/www.ecurieorthezbearn.fr\/rallye\/wp-content\/uploads\/2015\/10\/20151020_111912.jpg 2048w\" sizes=\"(max-width: 500px) 100vw, 500px\" \/><\/a><\/p>\n<p><img loading=\"lazy\" decoding=\"async\" class=\"aligncenter size-medium wp-image-8278\" src=\"http:\/\/www.ecurieorthezbearn.fr\/rallye\/wp-content\/uploads\/2015\/10\/20151020_124053-500x281.jpg\" alt=\"20151020_124053\" width=\"500\" height=\"281\" srcset=\"https:\/\/www.ecurieorthezbearn.fr\/rallye\/wp-content\/uploads\/2015\/10\/20151020_124053-500x281.jpg 500w, https:\/\/www.ecurieorthezbearn.fr\/rallye\/wp-content\/uploads\/2015\/10\/20151020_124053.jpg 2048w\" sizes=\"(max-width: 500px) 100vw, 500px\" \/><\/p>\n<p>&nbsp;<\/p>\n<p><a href=\"http:\/\/www.ecurieorthezbearn.fr\/rallye\/autonme-au-portugal\/20151020_124947\/\" rel=\"attachment wp-att-8280\"><img loading=\"lazy\" decoding=\"async\" class=\"aligncenter size-medium wp-image-8280\" src=\"http:\/\/www.ecurieorthezbearn.fr\/rallye\/wp-content\/uploads\/2015\/10\/20151020_124947-500x281.jpg\" alt=\"20151020_124947\" width=\"500\" height=\"281\" srcset=\"https:\/\/www.ecurieorthezbearn.fr\/rallye\/wp-content\/uploads\/2015\/10\/20151020_124947-500x281.jpg 500w, https:\/\/www.ecurieorthezbearn.fr\/rallye\/wp-content\/uploads\/2015\/10\/20151020_124947.jpg 2048w\" sizes=\"(max-width: 500px) 100vw, 500px\" \/><\/a><\/p>\n<p><a href=\"http:\/\/www.ecurieorthezbearn.fr\/rallye\/autonme-au-portugal\/20151020_125756-2\/\" rel=\"attachment wp-att-8283\"><img loading=\"lazy\" decoding=\"async\" class=\"aligncenter size-medium wp-image-8283\" src=\"http:\/\/www.ecurieorthezbearn.fr\/rallye\/wp-content\/uploads\/2015\/10\/20151020_1257561-500x281.jpg\" alt=\"20151020_125756\" width=\"500\" height=\"281\" srcset=\"https:\/\/www.ecurieorthezbearn.fr\/rallye\/wp-content\/uploads\/2015\/10\/20151020_1257561-500x281.jpg 500w, https:\/\/www.ecurieorthezbearn.fr\/rallye\/wp-content\/uploads\/2015\/10\/20151020_1257561.jpg 2048w\" sizes=\"(max-width: 500px) 100vw, 500px\" \/><\/a><\/p>\n<p>&nbsp;<\/p>\n<p><a href=\"http:\/\/www.ecurieorthezbearn.fr\/rallye\/autonme-au-portugal\/20151020_144623\/\" rel=\"attachment wp-att-8285\"><img loading=\"lazy\" decoding=\"async\" class=\"aligncenter size-medium wp-image-8285\" src=\"http:\/\/www.ecurieorthezbearn.fr\/rallye\/wp-content\/uploads\/2015\/10\/20151020_144623-500x281.jpg\" alt=\"20151020_144623\" width=\"500\" height=\"281\" srcset=\"https:\/\/www.ecurieorthezbearn.fr\/rallye\/wp-content\/uploads\/2015\/10\/20151020_144623-500x281.jpg 500w, https:\/\/www.ecurieorthezbearn.fr\/rallye\/wp-content\/uploads\/2015\/10\/20151020_144623.jpg 2048w\" sizes=\"(max-width: 500px) 100vw, 500px\" \/><\/a><\/p>\n<p><a href=\"http:\/\/www.ecurieorthezbearn.fr\/rallye\/autonme-au-portugal\/20151020_153006\/\" rel=\"attachment wp-att-8286\"><img loading=\"lazy\" decoding=\"async\" class=\"aligncenter size-medium wp-image-8286\" src=\"http:\/\/www.ecurieorthezbearn.fr\/rallye\/wp-content\/uploads\/2015\/10\/20151020_153006-500x281.jpg\" alt=\"20151020_153006\" width=\"500\" height=\"281\" srcset=\"https:\/\/www.ecurieorthezbearn.fr\/rallye\/wp-content\/uploads\/2015\/10\/20151020_153006-500x281.jpg 500w, https:\/\/www.ecurieorthezbearn.fr\/rallye\/wp-content\/uploads\/2015\/10\/20151020_153006.jpg 2048w\" sizes=\"(max-width: 500px) 100vw, 500px\" \/><\/a><\/p>\n<p><a href=\"http:\/\/www.ecurieorthezbearn.fr\/rallye\/autonme-au-portugal\/20151020_153421\/\" rel=\"attachment wp-att-8287\"><img loading=\"lazy\" decoding=\"async\" class=\"aligncenter size-medium wp-image-8287\" src=\"http:\/\/www.ecurieorthezbearn.fr\/rallye\/wp-content\/uploads\/2015\/10\/20151020_153421-500x281.jpg\" alt=\"20151020_153421\" width=\"500\" height=\"281\" srcset=\"https:\/\/www.ecurieorthezbearn.fr\/rallye\/wp-content\/uploads\/2015\/10\/20151020_153421-500x281.jpg 500w, https:\/\/www.ecurieorthezbearn.fr\/rallye\/wp-content\/uploads\/2015\/10\/20151020_153421.jpg 2048w\" sizes=\"(max-width: 500px) 100vw, 500px\" \/><\/a><\/p>\n<p><a href=\"http:\/\/www.ecurieorthezbearn.fr\/rallye\/autonme-au-portugal\/20151020_154048\/\" rel=\"attachment wp-att-8288\"><img loading=\"lazy\" decoding=\"async\" class=\"aligncenter size-medium wp-image-8288\" src=\"http:\/\/www.ecurieorthezbearn.fr\/rallye\/wp-content\/uploads\/2015\/10\/20151020_154048-500x281.jpg\" alt=\"20151020_154048\" width=\"500\" height=\"281\" srcset=\"https:\/\/www.ecurieorthezbearn.fr\/rallye\/wp-content\/uploads\/2015\/10\/20151020_154048-500x281.jpg 500w, https:\/\/www.ecurieorthezbearn.fr\/rallye\/wp-content\/uploads\/2015\/10\/20151020_154048.jpg 2048w\" sizes=\"(max-width: 500px) 100vw, 500px\" \/><\/a><\/p>\n<p><a href=\"http:\/\/www.ecurieorthezbearn.fr\/rallye\/autonme-au-portugal\/20151020_154057\/\" rel=\"attachment wp-att-8289\"><img loading=\"lazy\" decoding=\"async\" class=\"aligncenter size-medium wp-image-8289\" src=\"http:\/\/www.ecurieorthezbearn.fr\/rallye\/wp-content\/uploads\/2015\/10\/20151020_154057-500x281.jpg\" alt=\"20151020_154057\" width=\"500\" height=\"281\" srcset=\"https:\/\/www.ecurieorthezbearn.fr\/rallye\/wp-content\/uploads\/2015\/10\/20151020_154057-500x281.jpg 500w, https:\/\/www.ecurieorthezbearn.fr\/rallye\/wp-content\/uploads\/2015\/10\/20151020_154057.jpg 2048w\" sizes=\"(max-width: 500px) 100vw, 500px\" \/><\/a><\/p>\n<p>&nbsp;<\/p>\n<p><a href=\"http:\/\/www.ecurieorthezbearn.fr\/rallye\/autonme-au-portugal\/20151020_154820\/\" rel=\"attachment wp-att-8290\"><img loading=\"lazy\" decoding=\"async\" class=\"aligncenter size-medium wp-image-8290\" src=\"http:\/\/www.ecurieorthezbearn.fr\/rallye\/wp-content\/uploads\/2015\/10\/20151020_154820-500x281.jpg\" alt=\"20151020_154820\" width=\"500\" height=\"281\" srcset=\"https:\/\/www.ecurieorthezbearn.fr\/rallye\/wp-content\/uploads\/2015\/10\/20151020_154820-500x281.jpg 500w, https:\/\/www.ecurieorthezbearn.fr\/rallye\/wp-content\/uploads\/2015\/10\/20151020_154820.jpg 2048w\" sizes=\"(max-width: 500px) 100vw, 500px\" \/><\/a><\/p>\n<p><a href=\"http:\/\/www.ecurieorthezbearn.fr\/rallye\/autonme-au-portugal\/20151020_155608\/\" rel=\"attachment wp-att-8291\"><img loading=\"lazy\" decoding=\"async\" class=\"aligncenter size-medium wp-image-8291\" src=\"http:\/\/www.ecurieorthezbearn.fr\/rallye\/wp-content\/uploads\/2015\/10\/20151020_155608-500x281.jpg\" alt=\"20151020_155608\" width=\"500\" height=\"281\" srcset=\"https:\/\/www.ecurieorthezbearn.fr\/rallye\/wp-content\/uploads\/2015\/10\/20151020_155608-500x281.jpg 500w, https:\/\/www.ecurieorthezbearn.fr\/rallye\/wp-content\/uploads\/2015\/10\/20151020_155608.jpg 2048w\" sizes=\"(max-width: 500px) 100vw, 500px\" \/><\/a><\/p>\n<p><a href=\"http:\/\/www.ecurieorthezbearn.fr\/rallye\/autonme-au-portugal\/20151020_183119\/\" rel=\"attachment wp-att-8292\"><img loading=\"lazy\" decoding=\"async\" class=\"size-medium wp-image-8292 aligncenter\" src=\"http:\/\/www.ecurieorthezbearn.fr\/rallye\/wp-content\/uploads\/2015\/10\/20151020_183119-500x281.jpg\" alt=\"notre troisieme gite\" width=\"500\" height=\"281\" srcset=\"https:\/\/www.ecurieorthezbearn.fr\/rallye\/wp-content\/uploads\/2015\/10\/20151020_183119-500x281.jpg 500w, https:\/\/www.ecurieorthezbearn.fr\/rallye\/wp-content\/uploads\/2015\/10\/20151020_183119.jpg 2048w\" sizes=\"(max-width: 500px) 100vw, 500px\" \/><\/a><\/p>\n<p><a href=\"http:\/\/www.ecurieorthezbearn.fr\/rallye\/autonme-au-portugal\/20151021_080011\/\" rel=\"attachment wp-att-8294\"><img loading=\"lazy\" decoding=\"async\" class=\"size-medium wp-image-8294 aligncenter\" src=\"http:\/\/www.ecurieorthezbearn.fr\/rallye\/wp-content\/uploads\/2015\/10\/20151021_080011-500x281.jpg\" alt=\"petit dejeuner en ville\" width=\"500\" height=\"281\" srcset=\"https:\/\/www.ecurieorthezbearn.fr\/rallye\/wp-content\/uploads\/2015\/10\/20151021_080011-500x281.jpg 500w, https:\/\/www.ecurieorthezbearn.fr\/rallye\/wp-content\/uploads\/2015\/10\/20151021_080011.jpg 2048w\" sizes=\"(max-width: 500px) 100vw, 500px\" \/><\/a><\/p>\n<p><a href=\"http:\/\/www.ecurieorthezbearn.fr\/rallye\/autonme-au-portugal\/20151021_091529\/\" rel=\"attachment wp-att-8295\"><img loading=\"lazy\" decoding=\"async\" class=\"aligncenter size-medium wp-image-8295\" src=\"http:\/\/www.ecurieorthezbearn.fr\/rallye\/wp-content\/uploads\/2015\/10\/20151021_091529-500x281.jpg\" alt=\"20151021_091529\" width=\"500\" height=\"281\" srcset=\"https:\/\/www.ecurieorthezbearn.fr\/rallye\/wp-content\/uploads\/2015\/10\/20151021_091529-500x281.jpg 500w, https:\/\/www.ecurieorthezbearn.fr\/rallye\/wp-content\/uploads\/2015\/10\/20151021_091529.jpg 2048w\" sizes=\"(max-width: 500px) 100vw, 500px\" \/><\/a><\/p>\n<p><a href=\"http:\/\/www.ecurieorthezbearn.fr\/rallye\/autonme-au-portugal\/20151021_092814\/\" rel=\"attachment wp-att-8296\"><img loading=\"lazy\" decoding=\"async\" class=\"aligncenter size-medium wp-image-8296\" src=\"http:\/\/www.ecurieorthezbearn.fr\/rallye\/wp-content\/uploads\/2015\/10\/20151021_092814-500x281.jpg\" alt=\"20151021_092814\" width=\"500\" height=\"281\" srcset=\"https:\/\/www.ecurieorthezbearn.fr\/rallye\/wp-content\/uploads\/2015\/10\/20151021_092814-500x281.jpg 500w, https:\/\/www.ecurieorthezbearn.fr\/rallye\/wp-content\/uploads\/2015\/10\/20151021_092814.jpg 2048w\" sizes=\"(max-width: 500px) 100vw, 500px\" \/><\/a><\/p>\n<p><a href=\"http:\/\/www.ecurieorthezbearn.fr\/rallye\/autonme-au-portugal\/20151021_093305\/\" rel=\"attachment wp-att-8297\"><img loading=\"lazy\" decoding=\"async\" class=\"aligncenter size-medium wp-image-8297\" src=\"http:\/\/www.ecurieorthezbearn.fr\/rallye\/wp-content\/uploads\/2015\/10\/20151021_093305-500x281.jpg\" alt=\"20151021_093305\" width=\"500\" height=\"281\" srcset=\"https:\/\/www.ecurieorthezbearn.fr\/rallye\/wp-content\/uploads\/2015\/10\/20151021_093305-500x281.jpg 500w, https:\/\/www.ecurieorthezbearn.fr\/rallye\/wp-content\/uploads\/2015\/10\/20151021_093305.jpg 2048w\" sizes=\"(max-width: 500px) 100vw, 500px\" \/><\/a><\/p>\n<p><a href=\"http:\/\/www.ecurieorthezbearn.fr\/rallye\/autonme-au-portugal\/20151021_093055\/\" rel=\"attachment wp-att-8298\"><img loading=\"lazy\" decoding=\"async\" class=\"aligncenter size-medium wp-image-8298\" src=\"http:\/\/www.ecurieorthezbearn.fr\/rallye\/wp-content\/uploads\/2015\/10\/20151021_093055-500x281.jpg\" alt=\"20151021_093055\" width=\"500\" height=\"281\" srcset=\"https:\/\/www.ecurieorthezbearn.fr\/rallye\/wp-content\/uploads\/2015\/10\/20151021_093055-500x281.jpg 500w, https:\/\/www.ecurieorthezbearn.fr\/rallye\/wp-content\/uploads\/2015\/10\/20151021_093055.jpg 2048w\" sizes=\"(max-width: 500px) 100vw, 500px\" \/><\/a><\/p>\n<p><a href=\"http:\/\/www.ecurieorthezbearn.fr\/rallye\/autonme-au-portugal\/20151021_094041\/\" rel=\"attachment wp-att-8299\"><img loading=\"lazy\" decoding=\"async\" class=\"aligncenter size-medium wp-image-8299\" src=\"http:\/\/www.ecurieorthezbearn.fr\/rallye\/wp-content\/uploads\/2015\/10\/20151021_094041-500x281.jpg\" alt=\"20151021_094041\" width=\"500\" height=\"281\" srcset=\"https:\/\/www.ecurieorthezbearn.fr\/rallye\/wp-content\/uploads\/2015\/10\/20151021_094041-500x281.jpg 500w, https:\/\/www.ecurieorthezbearn.fr\/rallye\/wp-content\/uploads\/2015\/10\/20151021_094041.jpg 2048w\" sizes=\"(max-width: 500px) 100vw, 500px\" \/><\/a><\/p>\n<p><a href=\"http:\/\/www.ecurieorthezbearn.fr\/rallye\/autonme-au-portugal\/20151021_100208\/\" rel=\"attachment wp-att-8300\"><img loading=\"lazy\" decoding=\"async\" class=\"aligncenter size-medium wp-image-8300\" src=\"http:\/\/www.ecurieorthezbearn.fr\/rallye\/wp-content\/uploads\/2015\/10\/20151021_100208-500x281.jpg\" alt=\"20151021_100208\" width=\"500\" height=\"281\" srcset=\"https:\/\/www.ecurieorthezbearn.fr\/rallye\/wp-content\/uploads\/2015\/10\/20151021_100208-500x281.jpg 500w, https:\/\/www.ecurieorthezbearn.fr\/rallye\/wp-content\/uploads\/2015\/10\/20151021_100208.jpg 2048w\" sizes=\"(max-width: 500px) 100vw, 500px\" \/><\/a><\/p>\n<p><a href=\"http:\/\/www.ecurieorthezbearn.fr\/rallye\/autonme-au-portugal\/20151021_100300\/\" rel=\"attachment wp-att-8301\"><img loading=\"lazy\" decoding=\"async\" class=\"aligncenter size-medium wp-image-8301\" src=\"http:\/\/www.ecurieorthezbearn.fr\/rallye\/wp-content\/uploads\/2015\/10\/20151021_100300-500x281.jpg\" alt=\"20151021_100300\" width=\"500\" height=\"281\" srcset=\"https:\/\/www.ecurieorthezbearn.fr\/rallye\/wp-content\/uploads\/2015\/10\/20151021_100300-500x281.jpg 500w, https:\/\/www.ecurieorthezbearn.fr\/rallye\/wp-content\/uploads\/2015\/10\/20151021_100300.jpg 2048w\" sizes=\"(max-width: 500px) 100vw, 500px\" \/><\/a><\/p>\n<p><a href=\"http:\/\/www.ecurieorthezbearn.fr\/rallye\/autonme-au-portugal\/20151021_100932\/\" rel=\"attachment wp-att-8302\"><img loading=\"lazy\" decoding=\"async\" class=\"aligncenter size-medium wp-image-8302\" src=\"http:\/\/www.ecurieorthezbearn.fr\/rallye\/wp-content\/uploads\/2015\/10\/20151021_100932-500x281.jpg\" alt=\"20151021_100932\" width=\"500\" height=\"281\" srcset=\"https:\/\/www.ecurieorthezbearn.fr\/rallye\/wp-content\/uploads\/2015\/10\/20151021_100932-500x281.jpg 500w, https:\/\/www.ecurieorthezbearn.fr\/rallye\/wp-content\/uploads\/2015\/10\/20151021_100932.jpg 2048w\" sizes=\"(max-width: 500px) 100vw, 500px\" \/><\/a><\/p>\n<p><a href=\"http:\/\/www.ecurieorthezbearn.fr\/rallye\/autonme-au-portugal\/20151021_101719\/\" rel=\"attachment wp-att-8303\"><img loading=\"lazy\" decoding=\"async\" class=\"aligncenter size-medium wp-image-8303\" src=\"http:\/\/www.ecurieorthezbearn.fr\/rallye\/wp-content\/uploads\/2015\/10\/20151021_101719-500x281.jpg\" alt=\"20151021_101719\" width=\"500\" height=\"281\" srcset=\"https:\/\/www.ecurieorthezbearn.fr\/rallye\/wp-content\/uploads\/2015\/10\/20151021_101719-500x281.jpg 500w, https:\/\/www.ecurieorthezbearn.fr\/rallye\/wp-content\/uploads\/2015\/10\/20151021_101719.jpg 2048w\" sizes=\"(max-width: 500px) 100vw, 500px\" \/><\/a><\/p>\n<p><a href=\"http:\/\/www.ecurieorthezbearn.fr\/rallye\/autonme-au-portugal\/20151021_102028-2\/\" rel=\"attachment wp-att-8305\"><img loading=\"lazy\" decoding=\"async\" class=\"aligncenter size-medium wp-image-8305\" src=\"http:\/\/www.ecurieorthezbearn.fr\/rallye\/wp-content\/uploads\/2015\/10\/20151021_1020281-500x281.jpg\" alt=\"20151021_102028\" width=\"500\" height=\"281\" srcset=\"https:\/\/www.ecurieorthezbearn.fr\/rallye\/wp-content\/uploads\/2015\/10\/20151021_1020281-500x281.jpg 500w, https:\/\/www.ecurieorthezbearn.fr\/rallye\/wp-content\/uploads\/2015\/10\/20151021_1020281.jpg 2048w\" sizes=\"(max-width: 500px) 100vw, 500px\" \/><\/a><\/p>\n<p><a href=\"http:\/\/www.ecurieorthezbearn.fr\/rallye\/autonme-au-portugal\/20151021_104651\/\" rel=\"attachment wp-att-8306\"><img loading=\"lazy\" decoding=\"async\" class=\"aligncenter size-medium wp-image-8306\" src=\"http:\/\/www.ecurieorthezbearn.fr\/rallye\/wp-content\/uploads\/2015\/10\/20151021_104651-500x281.jpg\" alt=\"20151021_104651\" width=\"500\" height=\"281\" srcset=\"https:\/\/www.ecurieorthezbearn.fr\/rallye\/wp-content\/uploads\/2015\/10\/20151021_104651-500x281.jpg 500w, https:\/\/www.ecurieorthezbearn.fr\/rallye\/wp-content\/uploads\/2015\/10\/20151021_104651.jpg 2048w\" sizes=\"(max-width: 500px) 100vw, 500px\" \/><\/a><\/p>\n<p><a href=\"http:\/\/www.ecurieorthezbearn.fr\/rallye\/autonme-au-portugal\/20151021_105838\/\" rel=\"attachment wp-att-8307\"><img loading=\"lazy\" decoding=\"async\" class=\"aligncenter size-medium wp-image-8307\" src=\"http:\/\/www.ecurieorthezbearn.fr\/rallye\/wp-content\/uploads\/2015\/10\/20151021_105838-500x281.jpg\" alt=\"20151021_105838\" width=\"500\" height=\"281\" srcset=\"https:\/\/www.ecurieorthezbearn.fr\/rallye\/wp-content\/uploads\/2015\/10\/20151021_105838-500x281.jpg 500w, https:\/\/www.ecurieorthezbearn.fr\/rallye\/wp-content\/uploads\/2015\/10\/20151021_105838.jpg 2048w\" sizes=\"(max-width: 500px) 100vw, 500px\" \/><\/a><\/p>\n<p><a href=\"http:\/\/www.ecurieorthezbearn.fr\/rallye\/autonme-au-portugal\/20151021_121402\/\" rel=\"attachment wp-att-8308\"><img loading=\"lazy\" decoding=\"async\" class=\"aligncenter size-medium wp-image-8308\" src=\"http:\/\/www.ecurieorthezbearn.fr\/rallye\/wp-content\/uploads\/2015\/10\/20151021_121402-500x281.jpg\" alt=\"20151021_121402\" width=\"500\" height=\"281\" srcset=\"https:\/\/www.ecurieorthezbearn.fr\/rallye\/wp-content\/uploads\/2015\/10\/20151021_121402-500x281.jpg 500w, https:\/\/www.ecurieorthezbearn.fr\/rallye\/wp-content\/uploads\/2015\/10\/20151021_121402.jpg 2048w\" sizes=\"(max-width: 500px) 100vw, 500px\" \/><\/a><\/p>\n<p><a href=\"http:\/\/www.ecurieorthezbearn.fr\/rallye\/autonme-au-portugal\/20151021_130425\/\" rel=\"attachment wp-att-8309\"><img loading=\"lazy\" decoding=\"async\" class=\"aligncenter size-medium wp-image-8309\" src=\"http:\/\/www.ecurieorthezbearn.fr\/rallye\/wp-content\/uploads\/2015\/10\/20151021_130425-500x281.jpg\" alt=\"20151021_130425\" width=\"500\" height=\"281\" srcset=\"https:\/\/www.ecurieorthezbearn.fr\/rallye\/wp-content\/uploads\/2015\/10\/20151021_130425-500x281.jpg 500w, https:\/\/www.ecurieorthezbearn.fr\/rallye\/wp-content\/uploads\/2015\/10\/20151021_130425.jpg 2048w\" sizes=\"(max-width: 500px) 100vw, 500px\" \/><\/a><\/p>\n<p><a href=\"http:\/\/www.ecurieorthezbearn.fr\/rallye\/autonme-au-portugal\/20151021_131819\/\" rel=\"attachment wp-att-8310\"><img loading=\"lazy\" decoding=\"async\" class=\"aligncenter size-medium wp-image-8310\" src=\"http:\/\/www.ecurieorthezbearn.fr\/rallye\/wp-content\/uploads\/2015\/10\/20151021_131819-500x281.jpg\" alt=\"20151021_131819\" width=\"500\" height=\"281\" srcset=\"https:\/\/www.ecurieorthezbearn.fr\/rallye\/wp-content\/uploads\/2015\/10\/20151021_131819-500x281.jpg 500w, https:\/\/www.ecurieorthezbearn.fr\/rallye\/wp-content\/uploads\/2015\/10\/20151021_131819.jpg 2048w\" sizes=\"(max-width: 500px) 100vw, 500px\" \/><\/a><\/p>\n<p><a href=\"http:\/\/www.ecurieorthezbearn.fr\/rallye\/autonme-au-portugal\/20151021_132838\/\" rel=\"attachment wp-att-8311\"><img loading=\"lazy\" decoding=\"async\" class=\"aligncenter size-medium wp-image-8311\" src=\"http:\/\/www.ecurieorthezbearn.fr\/rallye\/wp-content\/uploads\/2015\/10\/20151021_132838-500x281.jpg\" alt=\"20151021_132838\" width=\"500\" height=\"281\" srcset=\"https:\/\/www.ecurieorthezbearn.fr\/rallye\/wp-content\/uploads\/2015\/10\/20151021_132838-500x281.jpg 500w, https:\/\/www.ecurieorthezbearn.fr\/rallye\/wp-content\/uploads\/2015\/10\/20151021_132838.jpg 2048w\" sizes=\"(max-width: 500px) 100vw, 500px\" \/><\/a><\/p>\n<p><a href=\"http:\/\/www.ecurieorthezbearn.fr\/rallye\/autonme-au-portugal\/20151021_134905\/\" rel=\"attachment wp-att-8312\"><img loading=\"lazy\" decoding=\"async\" class=\"aligncenter size-medium wp-image-8312\" src=\"http:\/\/www.ecurieorthezbearn.fr\/rallye\/wp-content\/uploads\/2015\/10\/20151021_134905-500x281.jpg\" alt=\"20151021_134905\" width=\"500\" height=\"281\" srcset=\"https:\/\/www.ecurieorthezbearn.fr\/rallye\/wp-content\/uploads\/2015\/10\/20151021_134905-500x281.jpg 500w, https:\/\/www.ecurieorthezbearn.fr\/rallye\/wp-content\/uploads\/2015\/10\/20151021_134905.jpg 2048w\" sizes=\"(max-width: 500px) 100vw, 500px\" \/><\/a><\/p>\n<p><a href=\"http:\/\/www.ecurieorthezbearn.fr\/rallye\/autonme-au-portugal\/20151021_134905\/\" rel=\"attachment wp-att-8312\"><img loading=\"lazy\" decoding=\"async\" class=\"aligncenter size-medium wp-image-8312\" src=\"http:\/\/www.ecurieorthezbearn.fr\/rallye\/wp-content\/uploads\/2015\/10\/20151021_134905-500x281.jpg\" alt=\"20151021_134905\" width=\"500\" height=\"281\" srcset=\"https:\/\/www.ecurieorthezbearn.fr\/rallye\/wp-content\/uploads\/2015\/10\/20151021_134905-500x281.jpg 500w, https:\/\/www.ecurieorthezbearn.fr\/rallye\/wp-content\/uploads\/2015\/10\/20151021_134905.jpg 2048w\" sizes=\"(max-width: 500px) 100vw, 500px\" \/><\/a><\/p>\n<p><a href=\"http:\/\/www.ecurieorthezbearn.fr\/rallye\/autonme-au-portugal\/20151021_140808-2\/\" rel=\"attachment wp-att-8314\"><img loading=\"lazy\" decoding=\"async\" class=\"aligncenter size-medium wp-image-8314\" src=\"http:\/\/www.ecurieorthezbearn.fr\/rallye\/wp-content\/uploads\/2015\/10\/20151021_1408081-500x281.jpg\" alt=\"20151021_140808\" width=\"500\" height=\"281\" srcset=\"https:\/\/www.ecurieorthezbearn.fr\/rallye\/wp-content\/uploads\/2015\/10\/20151021_1408081-500x281.jpg 500w, https:\/\/www.ecurieorthezbearn.fr\/rallye\/wp-content\/uploads\/2015\/10\/20151021_1408081.jpg 2048w\" sizes=\"(max-width: 500px) 100vw, 500px\" \/><\/a><\/p>\n<p><a href=\"http:\/\/www.ecurieorthezbearn.fr\/rallye\/autonme-au-portugal\/20151021_153638\/\" rel=\"attachment wp-att-8315\"><img loading=\"lazy\" decoding=\"async\" class=\"aligncenter size-medium wp-image-8315\" src=\"http:\/\/www.ecurieorthezbearn.fr\/rallye\/wp-content\/uploads\/2015\/10\/20151021_153638-500x281.jpg\" alt=\"20151021_153638\" width=\"500\" height=\"281\" srcset=\"https:\/\/www.ecurieorthezbearn.fr\/rallye\/wp-content\/uploads\/2015\/10\/20151021_153638-500x281.jpg 500w, https:\/\/www.ecurieorthezbearn.fr\/rallye\/wp-content\/uploads\/2015\/10\/20151021_153638.jpg 2048w\" sizes=\"(max-width: 500px) 100vw, 500px\" \/><\/a><\/p>\n<p><a href=\"http:\/\/www.ecurieorthezbearn.fr\/rallye\/autonme-au-portugal\/20151021_153713\/\" rel=\"attachment wp-att-8316\"><img loading=\"lazy\" decoding=\"async\" class=\"aligncenter size-medium wp-image-8316\" src=\"http:\/\/www.ecurieorthezbearn.fr\/rallye\/wp-content\/uploads\/2015\/10\/20151021_153713-500x281.jpg\" alt=\"20151021_153713\" width=\"500\" height=\"281\" srcset=\"https:\/\/www.ecurieorthezbearn.fr\/rallye\/wp-content\/uploads\/2015\/10\/20151021_153713-500x281.jpg 500w, https:\/\/www.ecurieorthezbearn.fr\/rallye\/wp-content\/uploads\/2015\/10\/20151021_153713.jpg 2048w\" sizes=\"(max-width: 500px) 100vw, 500px\" \/><\/a><\/p>\n<p><a href=\"http:\/\/www.ecurieorthezbearn.fr\/rallye\/autonme-au-portugal\/20151021_160754-2\/\" rel=\"attachment wp-att-8318\"><img loading=\"lazy\" decoding=\"async\" class=\"aligncenter size-medium wp-image-8318\" src=\"http:\/\/www.ecurieorthezbearn.fr\/rallye\/wp-content\/uploads\/2015\/10\/20151021_1607541-500x281.jpg\" alt=\"20151021_160754\" width=\"500\" height=\"281\" srcset=\"https:\/\/www.ecurieorthezbearn.fr\/rallye\/wp-content\/uploads\/2015\/10\/20151021_1607541-500x281.jpg 500w, https:\/\/www.ecurieorthezbearn.fr\/rallye\/wp-content\/uploads\/2015\/10\/20151021_1607541.jpg 2048w\" sizes=\"(max-width: 500px) 100vw, 500px\" \/><\/a><\/p>\n<p><a href=\"http:\/\/www.ecurieorthezbearn.fr\/rallye\/autonme-au-portugal\/20151021_161841\/\" rel=\"attachment wp-att-8319\"><img loading=\"lazy\" decoding=\"async\" class=\"aligncenter size-medium wp-image-8319\" src=\"http:\/\/www.ecurieorthezbearn.fr\/rallye\/wp-content\/uploads\/2015\/10\/20151021_161841-500x281.jpg\" alt=\"20151021_161841\" width=\"500\" height=\"281\" srcset=\"https:\/\/www.ecurieorthezbearn.fr\/rallye\/wp-content\/uploads\/2015\/10\/20151021_161841-500x281.jpg 500w, https:\/\/www.ecurieorthezbearn.fr\/rallye\/wp-content\/uploads\/2015\/10\/20151021_161841.jpg 2048w\" sizes=\"(max-width: 500px) 100vw, 500px\" \/><\/a><\/p>\n<p><a href=\"http:\/\/www.ecurieorthezbearn.fr\/rallye\/autonme-au-portugal\/20151021_164718\/\" rel=\"attachment wp-att-8320\"><img loading=\"lazy\" decoding=\"async\" class=\"aligncenter size-medium wp-image-8320\" src=\"http:\/\/www.ecurieorthezbearn.fr\/rallye\/wp-content\/uploads\/2015\/10\/20151021_164718-500x281.jpg\" alt=\"20151021_164718\" width=\"500\" height=\"281\" srcset=\"https:\/\/www.ecurieorthezbearn.fr\/rallye\/wp-content\/uploads\/2015\/10\/20151021_164718-500x281.jpg 500w, https:\/\/www.ecurieorthezbearn.fr\/rallye\/wp-content\/uploads\/2015\/10\/20151021_164718.jpg 2048w\" sizes=\"(max-width: 500px) 100vw, 500px\" \/><\/a><\/p>\n<p>&nbsp;<\/p>\n<p><a href=\"http:\/\/www.ecurieorthezbearn.fr\/rallye\/autonme-au-portugal\/20151021_165926\/\" rel=\"attachment wp-att-8321\"><img loading=\"lazy\" decoding=\"async\" class=\"aligncenter size-medium wp-image-8321\" src=\"http:\/\/www.ecurieorthezbearn.fr\/rallye\/wp-content\/uploads\/2015\/10\/20151021_165926-500x281.jpg\" alt=\"20151021_165926\" width=\"500\" height=\"281\" srcset=\"https:\/\/www.ecurieorthezbearn.fr\/rallye\/wp-content\/uploads\/2015\/10\/20151021_165926-500x281.jpg 500w, https:\/\/www.ecurieorthezbearn.fr\/rallye\/wp-content\/uploads\/2015\/10\/20151021_165926.jpg 2048w\" sizes=\"(max-width: 500px) 100vw, 500px\" \/><\/a><\/p>\n<p><a href=\"http:\/\/www.ecurieorthezbearn.fr\/rallye\/autonme-au-portugal\/20151021_180521\/\" rel=\"attachment wp-att-8322\"><img loading=\"lazy\" decoding=\"async\" class=\"aligncenter size-medium wp-image-8322\" src=\"http:\/\/www.ecurieorthezbearn.fr\/rallye\/wp-content\/uploads\/2015\/10\/20151021_180521-500x281.jpg\" alt=\"20151021_180521\" width=\"500\" height=\"281\" srcset=\"https:\/\/www.ecurieorthezbearn.fr\/rallye\/wp-content\/uploads\/2015\/10\/20151021_180521-500x281.jpg 500w, https:\/\/www.ecurieorthezbearn.fr\/rallye\/wp-content\/uploads\/2015\/10\/20151021_180521.jpg 2048w\" sizes=\"(max-width: 500px) 100vw, 500px\" \/><\/a><\/p>\n<p><a href=\"http:\/\/www.ecurieorthezbearn.fr\/rallye\/autonme-au-portugal\/20151021_184425\/\" rel=\"attachment wp-att-8323\"><img loading=\"lazy\" decoding=\"async\" class=\"aligncenter size-medium wp-image-8323\" src=\"http:\/\/www.ecurieorthezbearn.fr\/rallye\/wp-content\/uploads\/2015\/10\/20151021_184425-500x281.jpg\" alt=\"20151021_184425\" width=\"500\" height=\"281\" srcset=\"https:\/\/www.ecurieorthezbearn.fr\/rallye\/wp-content\/uploads\/2015\/10\/20151021_184425-500x281.jpg 500w, https:\/\/www.ecurieorthezbearn.fr\/rallye\/wp-content\/uploads\/2015\/10\/20151021_184425.jpg 2048w\" sizes=\"(max-width: 500px) 100vw, 500px\" \/><\/a><\/p>\n<p><a href=\"http:\/\/www.ecurieorthezbearn.fr\/rallye\/autonme-au-portugal\/20151021_184811\/\" rel=\"attachment wp-att-8325\"><img loading=\"lazy\" decoding=\"async\" class=\"aligncenter size-medium wp-image-8325\" src=\"http:\/\/www.ecurieorthezbearn.fr\/rallye\/wp-content\/uploads\/2015\/10\/20151021_184811-500x281.jpg\" alt=\"20151021_184811\" width=\"500\" height=\"281\" srcset=\"https:\/\/www.ecurieorthezbearn.fr\/rallye\/wp-content\/uploads\/2015\/10\/20151021_184811-500x281.jpg 500w, https:\/\/www.ecurieorthezbearn.fr\/rallye\/wp-content\/uploads\/2015\/10\/20151021_184811.jpg 2048w\" sizes=\"(max-width: 500px) 100vw, 500px\" \/><\/a><\/p>\n<p><a href=\"http:\/\/www.ecurieorthezbearn.fr\/rallye\/autonme-au-portugal\/20151022_103032\/\" rel=\"attachment wp-att-8326\"><img loading=\"lazy\" decoding=\"async\" class=\"aligncenter size-medium wp-image-8326\" src=\"http:\/\/www.ecurieorthezbearn.fr\/rallye\/wp-content\/uploads\/2015\/10\/20151022_103032-500x281.jpg\" alt=\"20151022_103032\" width=\"500\" height=\"281\" srcset=\"https:\/\/www.ecurieorthezbearn.fr\/rallye\/wp-content\/uploads\/2015\/10\/20151022_103032-500x281.jpg 500w, https:\/\/www.ecurieorthezbearn.fr\/rallye\/wp-content\/uploads\/2015\/10\/20151022_103032.jpg 2048w\" sizes=\"(max-width: 500px) 100vw, 500px\" \/><\/a><\/p>\n<p><a href=\"http:\/\/www.ecurieorthezbearn.fr\/rallye\/autonme-au-portugal\/20151022_115704\/\" rel=\"attachment wp-att-8327\"><img loading=\"lazy\" decoding=\"async\" class=\"aligncenter size-medium wp-image-8327\" src=\"http:\/\/www.ecurieorthezbearn.fr\/rallye\/wp-content\/uploads\/2015\/10\/20151022_115704-500x281.jpg\" alt=\"20151022_115704\" width=\"500\" height=\"281\" srcset=\"https:\/\/www.ecurieorthezbearn.fr\/rallye\/wp-content\/uploads\/2015\/10\/20151022_115704-500x281.jpg 500w, https:\/\/www.ecurieorthezbearn.fr\/rallye\/wp-content\/uploads\/2015\/10\/20151022_115704.jpg 2048w\" sizes=\"(max-width: 500px) 100vw, 500px\" \/><\/a><\/p>\n<p><a href=\"http:\/\/www.ecurieorthezbearn.fr\/rallye\/autonme-au-portugal\/20151022_123857\/\" rel=\"attachment wp-att-8328\"><img loading=\"lazy\" decoding=\"async\" class=\"aligncenter size-medium wp-image-8328\" src=\"http:\/\/www.ecurieorthezbearn.fr\/rallye\/wp-content\/uploads\/2015\/10\/20151022_123857-500x281.jpg\" alt=\"20151022_123857\" width=\"500\" height=\"281\" srcset=\"https:\/\/www.ecurieorthezbearn.fr\/rallye\/wp-content\/uploads\/2015\/10\/20151022_123857-500x281.jpg 500w, https:\/\/www.ecurieorthezbearn.fr\/rallye\/wp-content\/uploads\/2015\/10\/20151022_123857.jpg 2048w\" sizes=\"(max-width: 500px) 100vw, 500px\" \/><\/a><\/p>\n<p><a href=\"http:\/\/www.ecurieorthezbearn.fr\/rallye\/autonme-au-portugal\/20151022_130722\/\" rel=\"attachment wp-att-8329\"><img loading=\"lazy\" decoding=\"async\" class=\"aligncenter size-medium wp-image-8329\" src=\"http:\/\/www.ecurieorthezbearn.fr\/rallye\/wp-content\/uploads\/2015\/10\/20151022_130722-500x281.jpg\" alt=\"20151022_130722\" width=\"500\" height=\"281\" srcset=\"https:\/\/www.ecurieorthezbearn.fr\/rallye\/wp-content\/uploads\/2015\/10\/20151022_130722-500x281.jpg 500w, https:\/\/www.ecurieorthezbearn.fr\/rallye\/wp-content\/uploads\/2015\/10\/20151022_130722.jpg 2048w\" sizes=\"(max-width: 500px) 100vw, 500px\" \/><\/a><\/p>\n<p>&nbsp;<\/p>\n<p>&nbsp;<\/p>\n<figure id=\"attachment_8332\" aria-describedby=\"caption-attachment-8332\" style=\"width: 500px\" class=\"wp-caption aligncenter\"><a href=\"http:\/\/www.ecurieorthezbearn.fr\/rallye\/autonme-au-portugal\/20151023_084346\/\" rel=\"attachment wp-att-8332\"><img loading=\"lazy\" decoding=\"async\" class=\"size-medium wp-image-8332\" src=\"http:\/\/www.ecurieorthezbearn.fr\/rallye\/wp-content\/uploads\/2015\/10\/20151023_084346-500x281.jpg\" alt=\"arrive\u00e9e pour notre quatrieme nuit\" width=\"500\" height=\"281\" srcset=\"https:\/\/www.ecurieorthezbearn.fr\/rallye\/wp-content\/uploads\/2015\/10\/20151023_084346-500x281.jpg 500w, https:\/\/www.ecurieorthezbearn.fr\/rallye\/wp-content\/uploads\/2015\/10\/20151023_084346.jpg 2048w\" sizes=\"(max-width: 500px) 100vw, 500px\" \/><\/a><figcaption id=\"caption-attachment-8332\" class=\"wp-caption-text\">arriv\u00e9e pour notre quatri\u00e8me nuit<\/figcaption><\/figure>\n<figure id=\"attachment_8333\" aria-describedby=\"caption-attachment-8333\" style=\"width: 500px\" class=\"wp-caption aligncenter\"><a href=\"http:\/\/www.ecurieorthezbearn.fr\/rallye\/autonme-au-portugal\/20151023_092349\/\" rel=\"attachment wp-att-8333\"><img loading=\"lazy\" decoding=\"async\" class=\"size-medium wp-image-8333\" src=\"http:\/\/www.ecurieorthezbearn.fr\/rallye\/wp-content\/uploads\/2015\/10\/20151023_092349-500x281.jpg\" alt=\"petite photo de famille avant le depart\" width=\"500\" height=\"281\" srcset=\"https:\/\/www.ecurieorthezbearn.fr\/rallye\/wp-content\/uploads\/2015\/10\/20151023_092349-500x281.jpg 500w, https:\/\/www.ecurieorthezbearn.fr\/rallye\/wp-content\/uploads\/2015\/10\/20151023_092349.jpg 2048w\" sizes=\"(max-width: 500px) 100vw, 500px\" \/><\/a><figcaption id=\"caption-attachment-8333\" class=\"wp-caption-text\">petite photo de famille avant le d\u00e9part<\/figcaption><\/figure>\n<p><a href=\"http:\/\/www.ecurieorthezbearn.fr\/rallye\/autonme-au-portugal\/20151023_101915\/\" rel=\"attachment wp-att-8334\"><img loading=\"lazy\" decoding=\"async\" class=\"aligncenter size-medium wp-image-8334\" src=\"http:\/\/www.ecurieorthezbearn.fr\/rallye\/wp-content\/uploads\/2015\/10\/20151023_101915-500x281.jpg\" alt=\"20151023_101915\" width=\"500\" height=\"281\" srcset=\"https:\/\/www.ecurieorthezbearn.fr\/rallye\/wp-content\/uploads\/2015\/10\/20151023_101915-500x281.jpg 500w, https:\/\/www.ecurieorthezbearn.fr\/rallye\/wp-content\/uploads\/2015\/10\/20151023_101915.jpg 2048w\" sizes=\"(max-width: 500px) 100vw, 500px\" \/><\/a><\/p>\n<p><a href=\"http:\/\/www.ecurieorthezbearn.fr\/rallye\/autonme-au-portugal\/20151023_103103\/\" rel=\"attachment wp-att-8335\"><img loading=\"lazy\" decoding=\"async\" class=\"aligncenter size-medium wp-image-8335\" src=\"http:\/\/www.ecurieorthezbearn.fr\/rallye\/wp-content\/uploads\/2015\/10\/20151023_103103-500x281.jpg\" alt=\"20151023_103103\" width=\"500\" height=\"281\" srcset=\"https:\/\/www.ecurieorthezbearn.fr\/rallye\/wp-content\/uploads\/2015\/10\/20151023_103103-500x281.jpg 500w, https:\/\/www.ecurieorthezbearn.fr\/rallye\/wp-content\/uploads\/2015\/10\/20151023_103103.jpg 2048w\" sizes=\"(max-width: 500px) 100vw, 500px\" \/><\/a><\/p>\n<p><a href=\"http:\/\/www.ecurieorthezbearn.fr\/rallye\/autonme-au-portugal\/20151023_104319\/\" rel=\"attachment wp-att-8336\"><img loading=\"lazy\" decoding=\"async\" class=\"aligncenter size-medium wp-image-8336\" src=\"http:\/\/www.ecurieorthezbearn.fr\/rallye\/wp-content\/uploads\/2015\/10\/20151023_104319-500x281.jpg\" alt=\"20151023_104319\" width=\"500\" height=\"281\" srcset=\"https:\/\/www.ecurieorthezbearn.fr\/rallye\/wp-content\/uploads\/2015\/10\/20151023_104319-500x281.jpg 500w, https:\/\/www.ecurieorthezbearn.fr\/rallye\/wp-content\/uploads\/2015\/10\/20151023_104319.jpg 2048w\" sizes=\"(max-width: 500px) 100vw, 500px\" \/><\/a><\/p>\n<p>&nbsp;<\/p>\n<p><a href=\"http:\/\/www.ecurieorthezbearn.fr\/rallye\/autonme-au-portugal\/20151023_104358\/\" rel=\"attachment wp-att-8337\"><img loading=\"lazy\" decoding=\"async\" class=\"aligncenter size-medium wp-image-8337\" src=\"http:\/\/www.ecurieorthezbearn.fr\/rallye\/wp-content\/uploads\/2015\/10\/20151023_104358-500x281.jpg\" alt=\"20151023_104358\" width=\"500\" height=\"281\" srcset=\"https:\/\/www.ecurieorthezbearn.fr\/rallye\/wp-content\/uploads\/2015\/10\/20151023_104358-500x281.jpg 500w, https:\/\/www.ecurieorthezbearn.fr\/rallye\/wp-content\/uploads\/2015\/10\/20151023_104358.jpg 2048w\" sizes=\"(max-width: 500px) 100vw, 500px\" \/><\/a><\/p>\n<p><a href=\"http:\/\/www.ecurieorthezbearn.fr\/rallye\/autonme-au-portugal\/20151023_111805\/\" rel=\"attachment wp-att-8338\"><img loading=\"lazy\" decoding=\"async\" class=\"aligncenter size-medium wp-image-8338\" src=\"http:\/\/www.ecurieorthezbearn.fr\/rallye\/wp-content\/uploads\/2015\/10\/20151023_111805-500x281.jpg\" alt=\"20151023_111805\" width=\"500\" height=\"281\" srcset=\"https:\/\/www.ecurieorthezbearn.fr\/rallye\/wp-content\/uploads\/2015\/10\/20151023_111805-500x281.jpg 500w, https:\/\/www.ecurieorthezbearn.fr\/rallye\/wp-content\/uploads\/2015\/10\/20151023_111805.jpg 2048w\" sizes=\"(max-width: 500px) 100vw, 500px\" \/><\/a><\/p>\n<p><a href=\"http:\/\/www.ecurieorthezbearn.fr\/rallye\/autonme-au-portugal\/20151023_112028\/\" rel=\"attachment wp-att-8339\"><img loading=\"lazy\" decoding=\"async\" class=\"aligncenter size-medium wp-image-8339\" src=\"http:\/\/www.ecurieorthezbearn.fr\/rallye\/wp-content\/uploads\/2015\/10\/20151023_112028-500x281.jpg\" alt=\"20151023_112028\" width=\"500\" height=\"281\" srcset=\"https:\/\/www.ecurieorthezbearn.fr\/rallye\/wp-content\/uploads\/2015\/10\/20151023_112028-500x281.jpg 500w, https:\/\/www.ecurieorthezbearn.fr\/rallye\/wp-content\/uploads\/2015\/10\/20151023_112028.jpg 2048w\" sizes=\"(max-width: 500px) 100vw, 500px\" \/><\/a><\/p>\n<p><a href=\"http:\/\/www.ecurieorthezbearn.fr\/rallye\/autonme-au-portugal\/20151023_113830\/\" rel=\"attachment wp-att-8340\"><img loading=\"lazy\" decoding=\"async\" class=\"aligncenter size-medium wp-image-8340\" src=\"http:\/\/www.ecurieorthezbearn.fr\/rallye\/wp-content\/uploads\/2015\/10\/20151023_113830-500x281.jpg\" alt=\"20151023_113830\" width=\"500\" height=\"281\" srcset=\"https:\/\/www.ecurieorthezbearn.fr\/rallye\/wp-content\/uploads\/2015\/10\/20151023_113830-500x281.jpg 500w, https:\/\/www.ecurieorthezbearn.fr\/rallye\/wp-content\/uploads\/2015\/10\/20151023_113830.jpg 2048w\" sizes=\"(max-width: 500px) 100vw, 500px\" \/><\/a><\/p>\n<p><a href=\"http:\/\/www.ecurieorthezbearn.fr\/rallye\/autonme-au-portugal\/20151023_113901\/\" rel=\"attachment wp-att-8341\"><img loading=\"lazy\" decoding=\"async\" class=\"aligncenter size-medium wp-image-8341\" src=\"http:\/\/www.ecurieorthezbearn.fr\/rallye\/wp-content\/uploads\/2015\/10\/20151023_113901-500x281.jpg\" alt=\"20151023_113901\" width=\"500\" height=\"281\" srcset=\"https:\/\/www.ecurieorthezbearn.fr\/rallye\/wp-content\/uploads\/2015\/10\/20151023_113901-500x281.jpg 500w, https:\/\/www.ecurieorthezbearn.fr\/rallye\/wp-content\/uploads\/2015\/10\/20151023_113901.jpg 2048w\" sizes=\"(max-width: 500px) 100vw, 500px\" \/><\/a><\/p>\n<p><a href=\"http:\/\/www.ecurieorthezbearn.fr\/rallye\/autonme-au-portugal\/20151023_114220\/\" rel=\"attachment wp-att-8342\"><img loading=\"lazy\" decoding=\"async\" class=\"aligncenter size-medium wp-image-8342\" src=\"http:\/\/www.ecurieorthezbearn.fr\/rallye\/wp-content\/uploads\/2015\/10\/20151023_114220-500x281.jpg\" alt=\"20151023_114220\" width=\"500\" height=\"281\" srcset=\"https:\/\/www.ecurieorthezbearn.fr\/rallye\/wp-content\/uploads\/2015\/10\/20151023_114220-500x281.jpg 500w, https:\/\/www.ecurieorthezbearn.fr\/rallye\/wp-content\/uploads\/2015\/10\/20151023_114220.jpg 2048w\" sizes=\"(max-width: 500px) 100vw, 500px\" \/><\/a><\/p>\n<p><a href=\"http:\/\/www.ecurieorthezbearn.fr\/rallye\/autonme-au-portugal\/20151023_123121\/\" rel=\"attachment wp-att-8343\"><img loading=\"lazy\" decoding=\"async\" class=\"aligncenter size-medium wp-image-8343\" src=\"http:\/\/www.ecurieorthezbearn.fr\/rallye\/wp-content\/uploads\/2015\/10\/20151023_123121-500x281.jpg\" alt=\"20151023_123121\" width=\"500\" height=\"281\" srcset=\"https:\/\/www.ecurieorthezbearn.fr\/rallye\/wp-content\/uploads\/2015\/10\/20151023_123121-500x281.jpg 500w, https:\/\/www.ecurieorthezbearn.fr\/rallye\/wp-content\/uploads\/2015\/10\/20151023_123121.jpg 2048w\" sizes=\"(max-width: 500px) 100vw, 500px\" \/><\/a><\/p>\n<p><a href=\"http:\/\/www.ecurieorthezbearn.fr\/rallye\/autonme-au-portugal\/20151023_123450\/\" rel=\"attachment wp-att-8344\"><img loading=\"lazy\" decoding=\"async\" class=\"aligncenter size-medium wp-image-8344\" src=\"http:\/\/www.ecurieorthezbearn.fr\/rallye\/wp-content\/uploads\/2015\/10\/20151023_123450-500x281.jpg\" alt=\"20151023_123450\" width=\"500\" height=\"281\" srcset=\"https:\/\/www.ecurieorthezbearn.fr\/rallye\/wp-content\/uploads\/2015\/10\/20151023_123450-500x281.jpg 500w, https:\/\/www.ecurieorthezbearn.fr\/rallye\/wp-content\/uploads\/2015\/10\/20151023_123450.jpg 2048w\" sizes=\"(max-width: 500px) 100vw, 500px\" \/><\/a><\/p>\n<p><a href=\"http:\/\/www.ecurieorthezbearn.fr\/rallye\/autonme-au-portugal\/20151023_123516\/\" rel=\"attachment wp-att-8345\"><img loading=\"lazy\" decoding=\"async\" class=\"aligncenter size-medium wp-image-8345\" src=\"http:\/\/www.ecurieorthezbearn.fr\/rallye\/wp-content\/uploads\/2015\/10\/20151023_123516-500x281.jpg\" alt=\"20151023_123516\" width=\"500\" height=\"281\" srcset=\"https:\/\/www.ecurieorthezbearn.fr\/rallye\/wp-content\/uploads\/2015\/10\/20151023_123516-500x281.jpg 500w, https:\/\/www.ecurieorthezbearn.fr\/rallye\/wp-content\/uploads\/2015\/10\/20151023_123516.jpg 2048w\" sizes=\"(max-width: 500px) 100vw, 500px\" \/><\/a><\/p>\n<p><a href=\"http:\/\/www.ecurieorthezbearn.fr\/rallye\/autonme-au-portugal\/20151023_123059\/\" rel=\"attachment wp-att-8346\"><img loading=\"lazy\" decoding=\"async\" class=\"aligncenter size-medium wp-image-8346\" src=\"http:\/\/www.ecurieorthezbearn.fr\/rallye\/wp-content\/uploads\/2015\/10\/20151023_123059-500x281.jpg\" alt=\"20151023_123059\" width=\"500\" height=\"281\" srcset=\"https:\/\/www.ecurieorthezbearn.fr\/rallye\/wp-content\/uploads\/2015\/10\/20151023_123059-500x281.jpg 500w, https:\/\/www.ecurieorthezbearn.fr\/rallye\/wp-content\/uploads\/2015\/10\/20151023_123059.jpg 2048w\" sizes=\"(max-width: 500px) 100vw, 500px\" \/><\/a><\/p>\n<p><a href=\"http:\/\/www.ecurieorthezbearn.fr\/rallye\/autonme-au-portugal\/20151023_124345\/\" rel=\"attachment wp-att-8347\"><img loading=\"lazy\" decoding=\"async\" class=\"aligncenter size-medium wp-image-8347\" src=\"http:\/\/www.ecurieorthezbearn.fr\/rallye\/wp-content\/uploads\/2015\/10\/20151023_124345-500x281.jpg\" alt=\"20151023_124345\" width=\"500\" height=\"281\" srcset=\"https:\/\/www.ecurieorthezbearn.fr\/rallye\/wp-content\/uploads\/2015\/10\/20151023_124345-500x281.jpg 500w, https:\/\/www.ecurieorthezbearn.fr\/rallye\/wp-content\/uploads\/2015\/10\/20151023_124345.jpg 2048w\" sizes=\"(max-width: 500px) 100vw, 500px\" \/><\/a><\/p>\n<p><a href=\"http:\/\/www.ecurieorthezbearn.fr\/rallye\/autonme-au-portugal\/20151023_124247\/\" rel=\"attachment wp-att-8348\"><img loading=\"lazy\" decoding=\"async\" class=\"aligncenter size-medium wp-image-8348\" src=\"http:\/\/www.ecurieorthezbearn.fr\/rallye\/wp-content\/uploads\/2015\/10\/20151023_124247-500x281.jpg\" alt=\"20151023_124247\" width=\"500\" height=\"281\" srcset=\"https:\/\/www.ecurieorthezbearn.fr\/rallye\/wp-content\/uploads\/2015\/10\/20151023_124247-500x281.jpg 500w, https:\/\/www.ecurieorthezbearn.fr\/rallye\/wp-content\/uploads\/2015\/10\/20151023_124247.jpg 2048w\" sizes=\"(max-width: 500px) 100vw, 500px\" \/><\/a><\/p>\n<p><a href=\"http:\/\/www.ecurieorthezbearn.fr\/rallye\/autonme-au-portugal\/20151023_124629\/\" rel=\"attachment wp-att-8349\"><img loading=\"lazy\" decoding=\"async\" class=\"aligncenter size-medium wp-image-8349\" src=\"http:\/\/www.ecurieorthezbearn.fr\/rallye\/wp-content\/uploads\/2015\/10\/20151023_124629-500x281.jpg\" alt=\"20151023_124629\" width=\"500\" height=\"281\" srcset=\"https:\/\/www.ecurieorthezbearn.fr\/rallye\/wp-content\/uploads\/2015\/10\/20151023_124629-500x281.jpg 500w, https:\/\/www.ecurieorthezbearn.fr\/rallye\/wp-content\/uploads\/2015\/10\/20151023_124629.jpg 2048w\" sizes=\"(max-width: 500px) 100vw, 500px\" \/><\/a><\/p>\n<p>&nbsp;<\/p>\n<p><a href=\"http:\/\/www.ecurieorthezbearn.fr\/rallye\/autonme-au-portugal\/20151023_124711\/\" rel=\"attachment wp-att-8350\"><img loading=\"lazy\" decoding=\"async\" class=\"aligncenter size-medium wp-image-8350\" src=\"http:\/\/www.ecurieorthezbearn.fr\/rallye\/wp-content\/uploads\/2015\/10\/20151023_124711-500x281.jpg\" alt=\"20151023_124711\" width=\"500\" height=\"281\" srcset=\"https:\/\/www.ecurieorthezbearn.fr\/rallye\/wp-content\/uploads\/2015\/10\/20151023_124711-500x281.jpg 500w, https:\/\/www.ecurieorthezbearn.fr\/rallye\/wp-content\/uploads\/2015\/10\/20151023_124711.jpg 2048w\" sizes=\"(max-width: 500px) 100vw, 500px\" \/><\/a><\/p>\n<p><a href=\"http:\/\/www.ecurieorthezbearn.fr\/rallye\/autonme-au-portugal\/20151023_122127\/\" rel=\"attachment wp-att-8351\"><img loading=\"lazy\" decoding=\"async\" class=\"aligncenter size-medium wp-image-8351\" src=\"http:\/\/www.ecurieorthezbearn.fr\/rallye\/wp-content\/uploads\/2015\/10\/20151023_122127-500x281.jpg\" alt=\"20151023_122127\" width=\"500\" height=\"281\" srcset=\"https:\/\/www.ecurieorthezbearn.fr\/rallye\/wp-content\/uploads\/2015\/10\/20151023_122127-500x281.jpg 500w, https:\/\/www.ecurieorthezbearn.fr\/rallye\/wp-content\/uploads\/2015\/10\/20151023_122127.jpg 2048w\" sizes=\"(max-width: 500px) 100vw, 500px\" \/><\/a><\/p>\n<p><a href=\"http:\/\/www.ecurieorthezbearn.fr\/rallye\/autonme-au-portugal\/20151023_122052\/\" rel=\"attachment wp-att-8352\"><img loading=\"lazy\" decoding=\"async\" class=\"aligncenter size-medium wp-image-8352\" src=\"http:\/\/www.ecurieorthezbearn.fr\/rallye\/wp-content\/uploads\/2015\/10\/20151023_122052-500x281.jpg\" alt=\"20151023_122052\" width=\"500\" height=\"281\" srcset=\"https:\/\/www.ecurieorthezbearn.fr\/rallye\/wp-content\/uploads\/2015\/10\/20151023_122052-500x281.jpg 500w, https:\/\/www.ecurieorthezbearn.fr\/rallye\/wp-content\/uploads\/2015\/10\/20151023_122052.jpg 2048w\" sizes=\"(max-width: 500px) 100vw, 500px\" \/><\/a><\/p>\n<p><a href=\"http:\/\/www.ecurieorthezbearn.fr\/rallye\/autonme-au-portugal\/20151023_122230\/\" rel=\"attachment wp-att-8353\"><img loading=\"lazy\" decoding=\"async\" class=\"aligncenter size-medium wp-image-8353\" src=\"http:\/\/www.ecurieorthezbearn.fr\/rallye\/wp-content\/uploads\/2015\/10\/20151023_122230-500x281.jpg\" alt=\"20151023_122230\" width=\"500\" height=\"281\" srcset=\"https:\/\/www.ecurieorthezbearn.fr\/rallye\/wp-content\/uploads\/2015\/10\/20151023_122230-500x281.jpg 500w, https:\/\/www.ecurieorthezbearn.fr\/rallye\/wp-content\/uploads\/2015\/10\/20151023_122230.jpg 2048w\" sizes=\"(max-width: 500px) 100vw, 500px\" \/><\/a><\/p>\n<p>&nbsp;<\/p>\n<p><a href=\"http:\/\/www.ecurieorthezbearn.fr\/rallye\/autonme-au-portugal\/20151023_122354\/\" rel=\"attachment wp-att-8354\"><img loading=\"lazy\" decoding=\"async\" class=\"aligncenter size-medium wp-image-8354\" src=\"http:\/\/www.ecurieorthezbearn.fr\/rallye\/wp-content\/uploads\/2015\/10\/20151023_122354-500x281.jpg\" alt=\"20151023_122354\" width=\"500\" height=\"281\" srcset=\"https:\/\/www.ecurieorthezbearn.fr\/rallye\/wp-content\/uploads\/2015\/10\/20151023_122354-500x281.jpg 500w, https:\/\/www.ecurieorthezbearn.fr\/rallye\/wp-content\/uploads\/2015\/10\/20151023_122354.jpg 2048w\" sizes=\"(max-width: 500px) 100vw, 500px\" \/><\/a><\/p>\n<p><a href=\"http:\/\/www.ecurieorthezbearn.fr\/rallye\/autonme-au-portugal\/20151023_122358\/\" rel=\"attachment wp-att-8355\"><img loading=\"lazy\" decoding=\"async\" class=\"aligncenter size-medium wp-image-8355\" src=\"http:\/\/www.ecurieorthezbearn.fr\/rallye\/wp-content\/uploads\/2015\/10\/20151023_122358-500x281.jpg\" alt=\"20151023_122358\" width=\"500\" height=\"281\" srcset=\"https:\/\/www.ecurieorthezbearn.fr\/rallye\/wp-content\/uploads\/2015\/10\/20151023_122358-500x281.jpg 500w, https:\/\/www.ecurieorthezbearn.fr\/rallye\/wp-content\/uploads\/2015\/10\/20151023_122358.jpg 2048w\" sizes=\"(max-width: 500px) 100vw, 500px\" \/><\/a><\/p>\n<p>&nbsp;<\/p>\n<p><a href=\"http:\/\/www.ecurieorthezbearn.fr\/rallye\/autonme-au-portugal\/20151023_122403\/\" rel=\"attachment wp-att-8356\"><img loading=\"lazy\" decoding=\"async\" class=\"aligncenter size-medium wp-image-8356\" src=\"http:\/\/www.ecurieorthezbearn.fr\/rallye\/wp-content\/uploads\/2015\/10\/20151023_122403-500x281.jpg\" alt=\"20151023_122403\" width=\"500\" height=\"281\" srcset=\"https:\/\/www.ecurieorthezbearn.fr\/rallye\/wp-content\/uploads\/2015\/10\/20151023_122403-500x281.jpg 500w, https:\/\/www.ecurieorthezbearn.fr\/rallye\/wp-content\/uploads\/2015\/10\/20151023_122403.jpg 2048w\" sizes=\"(max-width: 500px) 100vw, 500px\" \/><\/a><\/p>\n<p><a href=\"http:\/\/www.ecurieorthezbearn.fr\/rallye\/autonme-au-portugal\/20151023_130133\/\" rel=\"attachment wp-att-8357\"><img loading=\"lazy\" decoding=\"async\" class=\"aligncenter size-medium wp-image-8357\" src=\"http:\/\/www.ecurieorthezbearn.fr\/rallye\/wp-content\/uploads\/2015\/10\/20151023_130133-500x281.jpg\" alt=\"20151023_130133\" width=\"500\" height=\"281\" srcset=\"https:\/\/www.ecurieorthezbearn.fr\/rallye\/wp-content\/uploads\/2015\/10\/20151023_130133-500x281.jpg 500w, https:\/\/www.ecurieorthezbearn.fr\/rallye\/wp-content\/uploads\/2015\/10\/20151023_130133.jpg 2048w\" sizes=\"(max-width: 500px) 100vw, 500px\" \/><\/a><\/p>\n<p>&nbsp;<\/p>\n<p><a href=\"http:\/\/www.ecurieorthezbearn.fr\/rallye\/autonme-au-portugal\/20151023_130818\/\" rel=\"attachment wp-att-8358\"><img loading=\"lazy\" decoding=\"async\" class=\"aligncenter size-medium wp-image-8358\" src=\"http:\/\/www.ecurieorthezbearn.fr\/rallye\/wp-content\/uploads\/2015\/10\/20151023_130818-500x281.jpg\" alt=\"20151023_130818\" width=\"500\" height=\"281\" srcset=\"https:\/\/www.ecurieorthezbearn.fr\/rallye\/wp-content\/uploads\/2015\/10\/20151023_130818-500x281.jpg 500w, https:\/\/www.ecurieorthezbearn.fr\/rallye\/wp-content\/uploads\/2015\/10\/20151023_130818.jpg 2048w\" sizes=\"(max-width: 500px) 100vw, 500px\" \/><\/a><\/p>\n<p>&nbsp;<\/p>\n<p><a href=\"http:\/\/www.ecurieorthezbearn.fr\/rallye\/autonme-au-portugal\/20151023_131712\/\" rel=\"attachment wp-att-8359\"><img loading=\"lazy\" decoding=\"async\" class=\"aligncenter size-medium wp-image-8359\" src=\"http:\/\/www.ecurieorthezbearn.fr\/rallye\/wp-content\/uploads\/2015\/10\/20151023_131712-500x281.jpg\" alt=\"20151023_131712\" width=\"500\" height=\"281\" srcset=\"https:\/\/www.ecurieorthezbearn.fr\/rallye\/wp-content\/uploads\/2015\/10\/20151023_131712-500x281.jpg 500w, https:\/\/www.ecurieorthezbearn.fr\/rallye\/wp-content\/uploads\/2015\/10\/20151023_131712.jpg 2048w\" sizes=\"(max-width: 500px) 100vw, 500px\" \/><\/a><\/p>\n<p><a href=\"http:\/\/www.ecurieorthezbearn.fr\/rallye\/autonme-au-portugal\/20151023_163307\/\" rel=\"attachment wp-att-8360\"><img loading=\"lazy\" decoding=\"async\" class=\"aligncenter size-medium wp-image-8360\" src=\"http:\/\/www.ecurieorthezbearn.fr\/rallye\/wp-content\/uploads\/2015\/10\/20151023_163307-500x281.jpg\" alt=\"20151023_163307\" width=\"500\" height=\"281\" srcset=\"https:\/\/www.ecurieorthezbearn.fr\/rallye\/wp-content\/uploads\/2015\/10\/20151023_163307-500x281.jpg 500w, https:\/\/www.ecurieorthezbearn.fr\/rallye\/wp-content\/uploads\/2015\/10\/20151023_163307.jpg 2048w\" sizes=\"(max-width: 500px) 100vw, 500px\" \/><\/a><\/p>\n<p><a href=\"http:\/\/www.ecurieorthezbearn.fr\/rallye\/autonme-au-portugal\/20151023_163135\/\" rel=\"attachment wp-att-8361\"><img loading=\"lazy\" decoding=\"async\" class=\"aligncenter size-medium wp-image-8361\" src=\"http:\/\/www.ecurieorthezbearn.fr\/rallye\/wp-content\/uploads\/2015\/10\/20151023_163135-500x281.jpg\" alt=\"20151023_163135\" width=\"500\" height=\"281\" srcset=\"https:\/\/www.ecurieorthezbearn.fr\/rallye\/wp-content\/uploads\/2015\/10\/20151023_163135-500x281.jpg 500w, https:\/\/www.ecurieorthezbearn.fr\/rallye\/wp-content\/uploads\/2015\/10\/20151023_163135.jpg 2048w\" sizes=\"(max-width: 500px) 100vw, 500px\" \/><\/a><\/p>\n<p>&nbsp;<\/p>\n<p>&nbsp;<\/p>\n<p>Et c&rsquo;est apr\u00e8s 920 km de piste en cinq jours que nous repartons d\u00e8s samedi de tr\u00e8s bonne\u00a0heure.<\/p>\n<p>Convivialit\u00e9, entraide, solidarit\u00e9 et bien \u00e9videment bonne humeur, ont marqu\u00e9 ce s\u00e9jour pass\u00e9 avec Ludo,jean Yves, Laurent,<\/p>\n<p>Lionel dit \u00ab\u00a0Choupito\u00a0\u00bb, Jean Mi et Arnaud.<\/p>\n<p>&nbsp;<\/p>\n<p>Reportage r\u00e9alis\u00e9 par Arnaud<\/p>\n<p>&nbsp;<\/p>\n<p>&nbsp;<\/p>\n<p>&nbsp;<\/p>\n<p>&nbsp;<\/p>\n<p>&nbsp;<\/p>\n<p>&nbsp;<\/p>\n<p>&nbsp;<\/p>\n<p>&nbsp;<\/p>\n","protected":false},"excerpt":{"rendered":"<p>Nouvelle \u00e9dition de notre rando quad au Portugal qui s&rsquo;est d\u00e9roul\u00e9e du 17 au 24 octobre 2015. Nous partons d\u00e8s dimanche 4 heure du matin, 80 km nous attendent d\u00e9j\u00e0 trac\u00e9s par Lionel , jean mi et Laurent. Le voyage se passe sans probl\u00e8me, avec une arriv\u00e9e vers midi. Deux v\u00e9hicules avec trois quads\u00a0 sur &hellip; <a href=\"https:\/\/www.ecurieorthezbearn.fr\/rallye\/autonme-au-portugal\/\" class=\"more-link\">Continuer la lecture de <span class=\"screen-reader-text\">AUTONME AU PORTUGAL<\/span>  <span class=\"meta-nav\">&rarr;<\/span><\/a><\/p>\n","protected":false},"author":4,"featured_media":0,"comment_status":"closed","ping_status":"closed","sticky":false,"template":"","format":"standard","meta":{"footnotes":""},"categories":[39],"tags":[],"_links":{"self":[{"href":"https:\/\/www.ecurieorthezbearn.fr\/rallye\/wp-json\/wp\/v2\/posts\/8202"}],"collection":[{"href":"https:\/\/www.ecurieorthezbearn.fr\/rallye\/wp-json\/wp\/v2\/posts"}],"about":[{"href":"https:\/\/www.ecurieorthezbearn.fr\/rallye\/wp-json\/wp\/v2\/types\/post"}],"author":[{"embeddable":true,"href":"https:\/\/www.ecurieorthezbearn.fr\/rallye\/wp-json\/wp\/v2\/users\/4"}],"replies":[{"embeddable":true,"href":"https:\/\/www.ecurieorthezbearn.fr\/rallye\/wp-json\/wp\/v2\/comments?post=8202"}],"version-history":[{"count":8,"href":"https:\/\/www.ecurieorthezbearn.fr\/rallye\/wp-json\/wp\/v2\/posts\/8202\/revisions"}],"predecessor-version":[{"id":8369,"href":"https:\/\/www.ecurieorthezbearn.fr\/rallye\/wp-json\/wp\/v2\/posts\/8202\/revisions\/8369"}],"wp:attachment":[{"href":"https:\/\/www.ecurieorthezbearn.fr\/rallye\/wp-json\/wp\/v2\/media?parent=8202"}],"wp:term":[{"taxonomy":"category","embeddable":true,"href":"https:\/\/www.ecurieorthezbearn.fr\/rallye\/wp-json\/wp\/v2\/categories?post=8202"},{"taxonomy":"post_tag","embeddable":true,"href":"https:\/\/www.ecurieorthezbearn.fr\/rallye\/wp-json\/wp\/v2\/tags?post=8202"}],"curies":[{"name":"wp","href":"https:\/\/api.w.org\/{rel}","templated":true}]}}