{"id":8401,"date":"2015-12-09T22:57:45","date_gmt":"2015-12-09T21:57:45","guid":{"rendered":"http:\/\/www.ecurieorthezbearn.fr\/rallye\/?p=8401"},"modified":"2015-12-12T19:54:49","modified_gmt":"2015-12-12T18:54:49","slug":"vive-les-champions","status":"publish","type":"post","link":"https:\/\/www.ecurieorthezbearn.fr\/rallye\/vive-les-champions\/","title":{"rendered":"Vive les champions"},"content":{"rendered":"<p>Nous sommes particuli\u00e8rement fier d&rsquo;avoir au sein de notre \u00e9curie un \u00e9quipage champion de France 2015 pour la seconde fois en 2 ans.<\/p>\n<h4 style=\"text-align: center;\"><span style=\"color: #ff0000;\">Au nom de l&rsquo;ensemble des membres de l&rsquo;\u00e9curie <\/span><\/h4>\n<h4 style=\"text-align: center;\"><span style=\"color: #ff0000;\">f\u00e9licitations!!!!!<\/span><\/h4>\n<figure id=\"attachment_8402\" aria-describedby=\"caption-attachment-8402\" style=\"width: 500px\" class=\"wp-caption aligncenter\"><img loading=\"lazy\" decoding=\"async\" class=\"wp-image-8402 size-medium\" src=\"http:\/\/www.ecurieorthezbearn.fr\/rallye\/wp-content\/uploads\/2015\/12\/cache_28681794-500x339.jpg\" alt=\"cache_28681794\" width=\"500\" height=\"339\" srcset=\"https:\/\/www.ecurieorthezbearn.fr\/rallye\/wp-content\/uploads\/2015\/12\/cache_28681794-500x339.jpg 500w, https:\/\/www.ecurieorthezbearn.fr\/rallye\/wp-content\/uploads\/2015\/12\/cache_28681794.jpg 539w\" sizes=\"(max-width: 500px) 100vw, 500px\" \/><figcaption id=\"caption-attachment-8402\" class=\"wp-caption-text\">Grosse attaque malgr\u00e9 son petit moteur<\/figcaption><\/figure>\n<figure id=\"attachment_8403\" aria-describedby=\"caption-attachment-8403\" style=\"width: 500px\" class=\"wp-caption aligncenter\"><img loading=\"lazy\" decoding=\"async\" class=\"wp-image-8403 size-medium\" src=\"http:\/\/www.ecurieorthezbearn.fr\/rallye\/wp-content\/uploads\/2015\/12\/DSC_3195-forum-500x337.jpg\" alt=\"DSC_3195-forum\" width=\"500\" height=\"337\" \/><figcaption id=\"caption-attachment-8403\" class=\"wp-caption-text\">Le duo de choc<\/figcaption><\/figure>\n<figure id=\"attachment_8404\" aria-describedby=\"caption-attachment-8404\" style=\"width: 500px\" class=\"wp-caption aligncenter\"><img loading=\"lazy\" decoding=\"async\" class=\"wp-image-8404 size-medium\" src=\"http:\/\/www.ecurieorthezbearn.fr\/rallye\/wp-content\/uploads\/2015\/12\/DSC_4994-forum-500x338.jpg\" alt=\"DSC_4994-forum\" width=\"500\" height=\"338\" srcset=\"https:\/\/www.ecurieorthezbearn.fr\/rallye\/wp-content\/uploads\/2015\/12\/DSC_4994-forum-500x338.jpg 500w, https:\/\/www.ecurieorthezbearn.fr\/rallye\/wp-content\/uploads\/2015\/12\/DSC_4994-forum-768x519.jpg 768w, https:\/\/www.ecurieorthezbearn.fr\/rallye\/wp-content\/uploads\/2015\/12\/DSC_4994-forum.jpg 800w\" sizes=\"(max-width: 500px) 100vw, 500px\" \/><figcaption id=\"caption-attachment-8404\" class=\"wp-caption-text\">Sans un bon copilote passionn\u00e9 point de salut. Merci Gauthi\u00e9<\/figcaption><\/figure>\n<p>&nbsp;<\/p>\n<figure id=\"attachment_8405\" aria-describedby=\"caption-attachment-8405\" style=\"width: 500px\" class=\"wp-caption aligncenter\"><img loading=\"lazy\" decoding=\"async\" class=\"wp-image-8405 size-medium\" src=\"http:\/\/www.ecurieorthezbearn.fr\/rallye\/wp-content\/uploads\/2015\/12\/DSC_9796-forum-500x337.jpg\" alt=\"DSC_9796-forum\" width=\"500\" height=\"337\" srcset=\"https:\/\/www.ecurieorthezbearn.fr\/rallye\/wp-content\/uploads\/2015\/12\/DSC_9796-forum-500x337.jpg 500w, https:\/\/www.ecurieorthezbearn.fr\/rallye\/wp-content\/uploads\/2015\/12\/DSC_9796-forum-768x518.jpg 768w, https:\/\/www.ecurieorthezbearn.fr\/rallye\/wp-content\/uploads\/2015\/12\/DSC_9796-forum.jpg 967w\" sizes=\"(max-width: 500px) 100vw, 500px\" \/><figcaption id=\"caption-attachment-8405\" class=\"wp-caption-text\">Sans un bon m\u00e9cano rien n&rsquo;est possible merci Laurent.<\/figcaption><\/figure>\n<figure id=\"attachment_8406\" aria-describedby=\"caption-attachment-8406\" style=\"width: 500px\" class=\"wp-caption aligncenter\"><img loading=\"lazy\" decoding=\"async\" class=\"wp-image-8406 size-medium\" src=\"http:\/\/www.ecurieorthezbearn.fr\/rallye\/wp-content\/uploads\/2015\/12\/DSC_0104-forum-500x367.jpg\" alt=\"DSC_0104-forum\" width=\"500\" height=\"367\" srcset=\"https:\/\/www.ecurieorthezbearn.fr\/rallye\/wp-content\/uploads\/2015\/12\/DSC_0104-forum-500x367.jpg 500w, https:\/\/www.ecurieorthezbearn.fr\/rallye\/wp-content\/uploads\/2015\/12\/DSC_0104-forum.jpg 640w\" sizes=\"(max-width: 500px) 100vw, 500px\" \/><figcaption id=\"caption-attachment-8406\" class=\"wp-caption-text\">N&rsquo;ai pas peur Fabien est un bon pilote.<\/figcaption><\/figure>\n<figure id=\"attachment_8407\" aria-describedby=\"caption-attachment-8407\" style=\"width: 500px\" class=\"wp-caption aligncenter\"><img loading=\"lazy\" decoding=\"async\" class=\"wp-image-8407\" src=\"http:\/\/www.ecurieorthezbearn.fr\/rallye\/wp-content\/uploads\/2015\/12\/DSC_4992-forum.jpg\" alt=\"forum\" width=\"500\" height=\"338\" \/><figcaption id=\"caption-attachment-8407\" class=\"wp-caption-text\">Encore une belle saison Merci \u00e0 toi Champion<\/figcaption><\/figure>\n<iframe title=\"Champion de France Troph\u00e9e Rallye 4x4 2015 Fabien DARRACQ\" width=\"474\" height=\"267\" src=\"https:\/\/www.youtube.com\/embed\/kfGHfijeNRo?feature=oembed\" frameborder=\"0\" allow=\"accelerometer; autoplay; clipboard-write; encrypted-media; gyroscope; picture-in-picture; web-share\" referrerpolicy=\"strict-origin-when-cross-origin\" allowfullscreen><\/iframe>\n","protected":false},"excerpt":{"rendered":"<p>Nous sommes particuli\u00e8rement fier d&rsquo;avoir au sein de notre \u00e9curie un \u00e9quipage champion de France 2015 pour la seconde fois en 2 ans. Au nom de l&rsquo;ensemble des membres de l&rsquo;\u00e9curie f\u00e9licitations!!!!! &nbsp;<\/p>\n","protected":false},"author":6,"featured_media":0,"comment_status":"closed","ping_status":"closed","sticky":false,"template":"","format":"standard","meta":{"footnotes":""},"categories":[1],"tags":[],"_links":{"self":[{"href":"https:\/\/www.ecurieorthezbearn.fr\/rallye\/wp-json\/wp\/v2\/posts\/8401"}],"collection":[{"href":"https:\/\/www.ecurieorthezbearn.fr\/rallye\/wp-json\/wp\/v2\/posts"}],"about":[{"href":"https:\/\/www.ecurieorthezbearn.fr\/rallye\/wp-json\/wp\/v2\/types\/post"}],"author":[{"embeddable":true,"href":"https:\/\/www.ecurieorthezbearn.fr\/rallye\/wp-json\/wp\/v2\/users\/6"}],"replies":[{"embeddable":true,"href":"https:\/\/www.ecurieorthezbearn.fr\/rallye\/wp-json\/wp\/v2\/comments?post=8401"}],"version-history":[{"count":7,"href":"https:\/\/www.ecurieorthezbearn.fr\/rallye\/wp-json\/wp\/v2\/posts\/8401\/revisions"}],"predecessor-version":[{"id":8416,"href":"https:\/\/www.ecurieorthezbearn.fr\/rallye\/wp-json\/wp\/v2\/posts\/8401\/revisions\/8416"}],"wp:attachment":[{"href":"https:\/\/www.ecurieorthezbearn.fr\/rallye\/wp-json\/wp\/v2\/media?parent=8401"}],"wp:term":[{"taxonomy":"category","embeddable":true,"href":"https:\/\/www.ecurieorthezbearn.fr\/rallye\/wp-json\/wp\/v2\/categories?post=8401"},{"taxonomy":"post_tag","embeddable":true,"href":"https:\/\/www.ecurieorthezbearn.fr\/rallye\/wp-json\/wp\/v2\/tags?post=8401"}],"curies":[{"name":"wp","href":"https:\/\/api.w.org\/{rel}","templated":true}]}}