{"id":9565,"date":"2018-08-11T23:34:33","date_gmt":"2018-08-11T21:34:33","guid":{"rendered":"https:\/\/www.ecurieorthezbearn.fr\/rallye\/?p=9565"},"modified":"2018-08-11T23:35:01","modified_gmt":"2018-08-11T21:35:01","slug":"resultats-edition-2018","status":"publish","type":"post","link":"https:\/\/www.ecurieorthezbearn.fr\/rallye\/resultats-edition-2018\/","title":{"rendered":"r\u00e9sultats \u00e9dition 2018"},"content":{"rendered":"<p><a href=\"https:\/\/www.ecurieorthezbearn.fr\/rallye\/wp-content\/uploads\/2018\/08\/es1.pdf\">es1\u00a0<\/a><\/p>\n<p><a href=\"https:\/\/www.ecurieorthezbearn.fr\/rallye\/wp-content\/uploads\/2018\/08\/es2.pdf\">es2<\/a><\/p>\n<p><a href=\"https:\/\/www.ecurieorthezbearn.fr\/rallye\/wp-content\/uploads\/2018\/08\/apr_es2.pdf\">apr\u00e8s2 <\/a><\/p>\n<p><a href=\"https:\/\/www.ecurieorthezbearn.fr\/rallye\/wp-content\/uploads\/2018\/08\/es3.pdf\">es3<\/a><\/p>\n<p><a href=\"https:\/\/www.ecurieorthezbearn.fr\/rallye\/wp-content\/uploads\/2018\/08\/apr_es3.pdf\">apr\u00e8s3<\/a><\/p>\n<p><a href=\"https:\/\/www.ecurieorthezbearn.fr\/rallye\/wp-content\/uploads\/2018\/08\/es4.pdf\">es4<\/a><\/p>\n<p><a href=\"https:\/\/www.ecurieorthezbearn.fr\/rallye\/wp-content\/uploads\/2018\/08\/apr_es4.pdf\">apr\u00e8s4<\/a><\/p>\n<p><a href=\"https:\/\/www.ecurieorthezbearn.fr\/rallye\/wp-content\/uploads\/2018\/08\/es5.pdf\">es6<\/a><\/p>\n<p><a href=\"https:\/\/www.ecurieorthezbearn.fr\/rallye\/wp-content\/uploads\/2018\/08\/es7.pdf\">es7<\/a><\/p>\n<p><a href=\"https:\/\/www.ecurieorthezbearn.fr\/rallye\/wp-content\/uploads\/2018\/08\/apres_es7.pdf\">apr\u00e8s7<\/a><\/p>\n<p><a href=\"https:\/\/www.ecurieorthezbearn.fr\/rallye\/wp-content\/uploads\/2018\/08\/es8.pdf\">es8<\/a><\/p>\n<p><a href=\"https:\/\/www.ecurieorthezbearn.fr\/rallye\/wp-content\/uploads\/2018\/08\/apres_es8.pdf\">apr\u00e8s8<\/a><\/p>\n<p><a href=\"https:\/\/www.ecurieorthezbearn.fr\/rallye\/wp-content\/uploads\/2018\/08\/es9.pdf\">es9<\/a><\/p>\n<p><a href=\"https:\/\/www.ecurieorthezbearn.fr\/rallye\/wp-content\/uploads\/2018\/08\/apres_es9.pdf\">apr\u00e8s9<\/a><\/p>\n<p><a href=\"https:\/\/www.ecurieorthezbearn.fr\/rallye\/wp-content\/uploads\/2018\/08\/es10.pdf\">es10<\/a><\/p>\n<p><a href=\"https:\/\/www.ecurieorthezbearn.fr\/rallye\/wp-content\/uploads\/2018\/08\/apres_es10.pdf\">apr\u00e8s10<\/a><\/p>\n<p><a href=\"https:\/\/www.ecurieorthezbearn.fr\/rallye\/wp-content\/uploads\/2018\/08\/es11.pdf\">es11<\/a><\/p>\n<p><a href=\"https:\/\/www.ecurieorthezbearn.fr\/rallye\/wp-content\/uploads\/2018\/08\/apres_es11.pdf\">apr\u00e8s11<\/a><\/p>\n<p><a href=\"https:\/\/www.ecurieorthezbearn.fr\/rallye\/wp-content\/uploads\/2018\/08\/clt_chal_2RM.pdf\">clt_chal_2RM<\/a><\/p>\n<p><a href=\"https:\/\/www.ecurieorthezbearn.fr\/rallye\/wp-content\/uploads\/2018\/08\/clt_chal_SSV.pdf\">clt_chal_SSV<\/a><\/p>\n<p><a href=\"https:\/\/www.ecurieorthezbearn.fr\/rallye\/wp-content\/uploads\/2018\/08\/clt_champ_France.pdf\">clt_champ_France<\/a><\/p>\n<p><a href=\"https:\/\/www.ecurieorthezbearn.fr\/rallye\/wp-content\/uploads\/2018\/08\/clt_trophee_4x4.pdf\">clt_trophee_4x4<\/a><\/p>\n<p><a href=\"https:\/\/www.ecurieorthezbearn.fr\/rallye\/wp-content\/uploads\/2018\/08\/etape1.pdf\">etape1<\/a><\/p>\n<p><a href=\"https:\/\/www.ecurieorthezbearn.fr\/rallye\/wp-content\/uploads\/2018\/08\/final_def.pdf\">final_def<\/a><\/p>\n<p><a href=\"https:\/\/www.ecurieorthezbearn.fr\/rallye\/wp-content\/uploads\/2018\/08\/final_gr.pdf\">final_gr<\/a><\/p>\n","protected":false},"excerpt":{"rendered":"<p>es1\u00a0 es2 apr\u00e8s2 es3 apr\u00e8s3 es4 apr\u00e8s4 es6 es7 apr\u00e8s7 es8 apr\u00e8s8 es9 apr\u00e8s9 es10 apr\u00e8s10 es11 apr\u00e8s11 clt_chal_2RM clt_chal_SSV clt_champ_France clt_trophee_4x4 etape1 final_def final_gr<\/p>\n","protected":false},"author":6,"featured_media":0,"comment_status":"closed","ping_status":"open","sticky":false,"template":"","format":"standard","meta":{"footnotes":""},"categories":[223,222],"tags":[],"_links":{"self":[{"href":"https:\/\/www.ecurieorthezbearn.fr\/rallye\/wp-json\/wp\/v2\/posts\/9565"}],"collection":[{"href":"https:\/\/www.ecurieorthezbearn.fr\/rallye\/wp-json\/wp\/v2\/posts"}],"about":[{"href":"https:\/\/www.ecurieorthezbearn.fr\/rallye\/wp-json\/wp\/v2\/types\/post"}],"author":[{"embeddable":true,"href":"https:\/\/www.ecurieorthezbearn.fr\/rallye\/wp-json\/wp\/v2\/users\/6"}],"replies":[{"embeddable":true,"href":"https:\/\/www.ecurieorthezbearn.fr\/rallye\/wp-json\/wp\/v2\/comments?post=9565"}],"version-history":[{"count":3,"href":"https:\/\/www.ecurieorthezbearn.fr\/rallye\/wp-json\/wp\/v2\/posts\/9565\/revisions"}],"predecessor-version":[{"id":9595,"href":"https:\/\/www.ecurieorthezbearn.fr\/rallye\/wp-json\/wp\/v2\/posts\/9565\/revisions\/9595"}],"wp:attachment":[{"href":"https:\/\/www.ecurieorthezbearn.fr\/rallye\/wp-json\/wp\/v2\/media?parent=9565"}],"wp:term":[{"taxonomy":"category","embeddable":true,"href":"https:\/\/www.ecurieorthezbearn.fr\/rallye\/wp-json\/wp\/v2\/categories?post=9565"},{"taxonomy":"post_tag","embeddable":true,"href":"https:\/\/www.ecurieorthezbearn.fr\/rallye\/wp-json\/wp\/v2\/tags?post=9565"}],"curies":[{"name":"wp","href":"https:\/\/api.w.org\/{rel}","templated":true}]}}