{"id":9656,"date":"2019-05-03T17:55:41","date_gmt":"2019-05-03T15:55:41","guid":{"rendered":"https:\/\/www.ecurieorthezbearn.fr\/rallye\/?p=9656"},"modified":"2019-05-05T21:53:01","modified_gmt":"2019-05-05T19:53:01","slug":"edition-2019","status":"publish","type":"post","link":"https:\/\/www.ecurieorthezbearn.fr\/rallye\/edition-2019\/","title":{"rendered":"Edition 2019"},"content":{"rendered":"\n<p>La saison est d\u00e9j\u00e0 bien lanc\u00e9 et la bagarre semble ouverte dans toutes les cat\u00e9gories.<\/p>\n\n\n\n<p>L&rsquo;Ecurie Orthez B\u00e9arn ne s&rsquo;est pas non plus endormi durant l&rsquo;hiver et a travaill\u00e9 dur pour de nouveaux  vous livrer une \u00e9dition 2019 digne de ce nom. Ce n&rsquo;est pas moins de 130 km de sp\u00e9ciales au programme de cette 19 \u00e8me \u00e9dition.<\/p>\n\n\n\n<p>Vous retrouverez le traditionnel village rallye du vendredi soir \u00e0 Sainte Suzanne o\u00f9 aurons lieu les v\u00e9rifications administratives et techniques tout proche de notre camping gratuit ombrag\u00e9.<\/p>\n\n\n\n<p>Le samedi est classiquement l&rsquo;occasion de se d\u00e9placer chez nos voisins Landais  avec les sp\u00e9ciales de Bonnut et Bassercle. Il y en aura pour tout le monde avec 2 sp\u00e9ciales au profils diff\u00e9rents l&rsquo;une typ\u00e9 plaine et l&rsquo;autre plus accident\u00e9 mais pas moins rapide.<\/p>\n\n\n\n<p>Le dimanche nous reconduisons le programme de l&rsquo;\u00e9dition pr\u00e9c\u00e9dente avec les sp\u00e9ciales de nabeth Loubieng et Brouca au vue du pl\u00e9biscite de l&rsquo;an dernier . Si la premi\u00e8re ne change pas la seconde subi quelques modifications suite \u00e0 l&rsquo;\u00e9volution des cultures et des \u00e9levages.<\/p>\n\n\n\n<p>Cette \u00e9dition devrait encore faire bien transpirer les \u00e9quipages  avec ses 130 km de sp\u00e9ciales et 160 de liaisons.<\/p>\n","protected":false},"excerpt":{"rendered":"<p>La saison est d\u00e9j\u00e0 bien lanc\u00e9 et la bagarre semble ouverte dans toutes les cat\u00e9gories. L&rsquo;Ecurie Orthez B\u00e9arn ne s&rsquo;est pas non plus endormi durant l&rsquo;hiver et a travaill\u00e9 dur pour de nouveaux vous livrer une \u00e9dition 2019 digne de ce nom. Ce n&rsquo;est pas moins de 130 km de sp\u00e9ciales au programme de cette &hellip; <a href=\"https:\/\/www.ecurieorthezbearn.fr\/rallye\/edition-2019\/\" class=\"more-link\">Continuer la lecture de <span class=\"screen-reader-text\">Edition 2019<\/span>  <span class=\"meta-nav\">&rarr;<\/span><\/a><\/p>\n","protected":false},"author":6,"featured_media":0,"comment_status":"closed","ping_status":"open","sticky":false,"template":"","format":"standard","meta":{"footnotes":""},"categories":[1],"tags":[],"_links":{"self":[{"href":"https:\/\/www.ecurieorthezbearn.fr\/rallye\/wp-json\/wp\/v2\/posts\/9656"}],"collection":[{"href":"https:\/\/www.ecurieorthezbearn.fr\/rallye\/wp-json\/wp\/v2\/posts"}],"about":[{"href":"https:\/\/www.ecurieorthezbearn.fr\/rallye\/wp-json\/wp\/v2\/types\/post"}],"author":[{"embeddable":true,"href":"https:\/\/www.ecurieorthezbearn.fr\/rallye\/wp-json\/wp\/v2\/users\/6"}],"replies":[{"embeddable":true,"href":"https:\/\/www.ecurieorthezbearn.fr\/rallye\/wp-json\/wp\/v2\/comments?post=9656"}],"version-history":[{"count":1,"href":"https:\/\/www.ecurieorthezbearn.fr\/rallye\/wp-json\/wp\/v2\/posts\/9656\/revisions"}],"predecessor-version":[{"id":9657,"href":"https:\/\/www.ecurieorthezbearn.fr\/rallye\/wp-json\/wp\/v2\/posts\/9656\/revisions\/9657"}],"wp:attachment":[{"href":"https:\/\/www.ecurieorthezbearn.fr\/rallye\/wp-json\/wp\/v2\/media?parent=9656"}],"wp:term":[{"taxonomy":"category","embeddable":true,"href":"https:\/\/www.ecurieorthezbearn.fr\/rallye\/wp-json\/wp\/v2\/categories?post=9656"},{"taxonomy":"post_tag","embeddable":true,"href":"https:\/\/www.ecurieorthezbearn.fr\/rallye\/wp-json\/wp\/v2\/tags?post=9656"}],"curies":[{"name":"wp","href":"https:\/\/api.w.org\/{rel}","templated":true}]}}